{"id":21211,"date":"2022-08-30T12:59:26","date_gmt":"2022-08-30T15:59:26","guid":{"rendered":"https:\/\/radiorevelacionfm.cl\/?p=21211"},"modified":"2022-08-30T12:59:26","modified_gmt":"2022-08-30T15:59:26","slug":"mejor-ninez-y-laboratorio-de-innovacion-publica-uc-presentan-sistema-de-formacion","status":"publish","type":"post","link":"https:\/\/radiorevelacionfm.cl\/?p=21211","title":{"rendered":"Mejor Ni\u00f1ez y Laboratorio de Innovaci\u00f3n p\u00fablica UC presentan sistema de formaci\u00f3n"},"content":{"rendered":"<div class=\"flex_column av_one_full  flex_column_div av-zero-column-padding first  avia-builder-el-0  el_before_av_one_full  avia-builder-el-first  \" style='border-radius:0px; '><div  class='avia-image-container  av-styling-    avia-builder-el-1  avia-builder-el-no-sibling  avia-align-center '  itemprop=\"image\" itemscope=\"itemscope\" itemtype=\"https:\/\/schema.org\/ImageObject\"  ><div class='avia-image-container-inner'><div class='avia-image-overlay-wrap'><img decoding=\"async\" class='wp-image-21212 avia-img-lazy-loading-not-21212 avia_image' src=\"https:\/\/radiorevelacionfm.cl\/wp-content\/uploads\/2022\/08\/Subsecretaria-de-la-ninez-Rocio-Faundez-en-lanzamiento-conectando-saberes-1-1.jpg\" alt='' title='Subsecretaria de la ni\u00f1ez Roc\u00edo Fa\u00fandez en lanzamiento conectando saberes (1) (1)' height=\"600\" width=\"1067\"  itemprop=\"thumbnailUrl\" srcset=\"https:\/\/radiorevelacionfm.cl\/wp-content\/uploads\/2022\/08\/Subsecretaria-de-la-ninez-Rocio-Faundez-en-lanzamiento-conectando-saberes-1-1.jpg 1067w, https:\/\/radiorevelacionfm.cl\/wp-content\/uploads\/2022\/08\/Subsecretaria-de-la-ninez-Rocio-Faundez-en-lanzamiento-conectando-saberes-1-1-300x169.jpg 300w, https:\/\/radiorevelacionfm.cl\/wp-content\/uploads\/2022\/08\/Subsecretaria-de-la-ninez-Rocio-Faundez-en-lanzamiento-conectando-saberes-1-1-1030x579.jpg 1030w, https:\/\/radiorevelacionfm.cl\/wp-content\/uploads\/2022\/08\/Subsecretaria-de-la-ninez-Rocio-Faundez-en-lanzamiento-conectando-saberes-1-1-768x432.jpg 768w, https:\/\/radiorevelacionfm.cl\/wp-content\/uploads\/2022\/08\/Subsecretaria-de-la-ninez-Rocio-Faundez-en-lanzamiento-conectando-saberes-1-1-705x396.jpg 705w, https:\/\/radiorevelacionfm.cl\/wp-content\/uploads\/2022\/08\/Subsecretaria-de-la-ninez-Rocio-Faundez-en-lanzamiento-conectando-saberes-1-1-600x337.jpg 600w\" sizes=\"(max-width: 1067px) 100vw, 1067px\" \/><\/div><\/div><\/div><\/div><div class=\"flex_column av_one_full  flex_column_div av-zero-column-padding first  avia-builder-el-2  el_after_av_one_full  el_before_av_one_full  column-top-margin\" style='border-radius:0px; '><section class=\"av_textblock_section \"  itemscope=\"itemscope\" itemtype=\"https:\/\/schema.org\/BlogPosting\" itemprop=\"blogPost\" ><div class='avia_textblock  '   itemprop=\"text\" ><p style=\"text-align: center;\"><strong><span style=\"font-size: 18pt;\">Mejor Ni\u00f1ez y Laboratorio de Innovaci\u00f3n p\u00fablica UC presentan sistema de formaci\u00f3n<\/span><\/strong><\/p>\n<div id=\"gtx-trans\" style=\"position: absolute; left: -50px; top: 4.31534px;\">\n<div class=\"gtx-trans-icon\"><\/div>\n<\/div>\n<\/div><\/section><\/div><div class=\"flex_column av_one_full  flex_column_div av-zero-column-padding first  avia-builder-el-4  el_after_av_one_full  el_before_av_hr  column-top-margin\" style='border-radius:0px; '><section class=\"av_textblock_section \"  itemscope=\"itemscope\" itemtype=\"https:\/\/schema.org\/BlogPosting\" itemprop=\"blogPost\" ><div class='avia_textblock  '   itemprop=\"text\" ><p style=\"font-weight: 400; text-align: justify;\">La Academia de Formaci\u00f3n \u201cConectando Saberes\u201d, comenzar\u00e1 en septiembre su implementaci\u00f3n con un programa piloto en las regiones de Coquimbo, Valpara\u00edso, O\u2019Higgins, \u00d1uble, Araucan\u00eda y Magallanes, el que ayudar\u00e1 a testear el dise\u00f1o de la formaci\u00f3n en los programas de Cuidado Alternativo Residencial y Cuidado Alternativo Familiar.<\/p>\n<p style=\"font-weight: 400; text-align: justify;\">Esta comprobaci\u00f3n en terreno involucrar\u00e1 a 285 profesionales y t\u00e9cnicos de intervenci\u00f3n, de 37 proyectos, lo que impactar\u00e1 a 1.735 ni\u00f1os, ni\u00f1as y adolescentes en condiciones de vulneraci\u00f3n de sus derechos. Esto, a trav\u00e9s del acceso a cuidados especializados, de acuerdo con su necesidades individuales.<\/p>\n<p style=\"font-weight: 400; text-align: justify;\">Al respecto el director regional de Mejor Ni\u00f1ez, Sergio Becerra, se\u00f1al\u00f3 que \u201cnuestro Servicio se encuentra en un proceso de mejoramiento de los procesos de capacitaci\u00f3n y especializaci\u00f3n de los funcionarios que trabajan en la regi\u00f3n de Ays\u00e9n. En este contexto, estamos muy alegres de que se generen estas instancias y estamos trabajando para que a futuro nuestra regi\u00f3n pueda contar con esta esta acci\u00f3n de formaci\u00f3n. En el presente seguiremos trabajando en las acciones que se realicen en el nivel central en tem\u00e1ticas de capacitaci\u00f3n, lo que se traduce en un mayor conocimiento para las y los trabajadores que laboran directamente con los ni\u00f1os, ni\u00f1as y adolescentes de nuestra regi\u00f3n.<\/p>\n<p style=\"font-weight: 400; text-align: justify;\">La Academia \u201cConectando Saberes\u201d, se enmarca en la ley 21.302, que establece la creaci\u00f3n del Servicio Nacional de Protecci\u00f3n Especializado a la Ni\u00f1ez y Adolescencia, la que indica que \u00e9ste debe proveer asistencia- y transferencia t\u00e9cnica a los colaboradores acreditados y de administraci\u00f3n directa, a partir de la ejecuci\u00f3n de los programas de protecci\u00f3n. Lo anterior ha debido ser ajustado a los alcances y compromisos establecidos en el Sistema de Garant\u00edas y Protecci\u00f3n Integral de los derechos de la ni\u00f1ez.<\/p>\n<p style=\"font-weight: 400; text-align: justify;\">La Academia de Formaci\u00f3n se enfocar\u00e1 en la transferencia de capacidades, habilidades\u00a0y aprendizaje de nuevas competencias, adem\u00e1s de la generaci\u00f3n de espacios de reflexi\u00f3n\u00a0para quienes ejercen de forma directa la atenci\u00f3n de los ni\u00f1os, ni\u00f1as y adolescentes en la oferta de protecci\u00f3n. Adem\u00e1s, se agrega la implementaci\u00f3n por parte del Servicio de fondos regionales para la activaci\u00f3n de transferencias t\u00e9cnicas y capacitaciones emergentes y espec\u00edficas desde cada territorio.<\/p>\n<p style=\"text-align: justify;\">&#8212;<\/p>\n<\/div><\/section><\/div><div  style='height:50px' class='hr hr-invisible   avia-builder-el-6  el_after_av_one_full  el_before_av_social_share '><span class='hr-inner ' ><span class='hr-inner-style'><\/span><\/span><\/div><\/p>\n<div  class='av-social-sharing-box  avia-builder-el-7  el_after_av_hr  el_before_av_hr  '><div class='av-share-box'><h5 class='av-share-link-description av-no-toc '>Compartir esta noticia<\/h5><ul class='av-share-box-list noLightbox'><li class='av-share-link av-social-link-facebook' ><a target=\"_blank\" aria-label=\"Compartir en Facebook\" href='https:\/\/www.facebook.com\/sharer.php?u=https:\/\/radiorevelacionfm.cl\/?p=21211&#038;t=Mejor%20Ni%C3%B1ez%20y%20Laboratorio%20de%20Innovaci%C3%B3n%20p%C3%BAblica%20UC%20presentan%20sistema%20de%20formaci%C3%B3n' aria-hidden='false' data-av_icon='\ue8f3' data-av_iconfont='entypo-fontello' title='' data-avia-related-tooltip='Compartir en Facebook' rel=\"noopener\"><span class='avia_hidden_link_text'>Compartir en Facebook<\/span><\/a><\/li><li class='av-share-link av-social-link-twitter' ><a target=\"_blank\" aria-label=\"Compartir en Twitter\" href='https:\/\/twitter.com\/share?text=Mejor%20Ni%C3%B1ez%20y%20Laboratorio%20de%20Innovaci%C3%B3n%20p%C3%BAblica%20UC%20presentan%20sistema%20de%20formaci%C3%B3n&#038;url=https:\/\/radiorevelacionfm.cl\/?p=21211' aria-hidden='false' data-av_icon='\ue8f1' data-av_iconfont='entypo-fontello' title='' data-avia-related-tooltip='Compartir en Twitter' rel=\"noopener\"><span class='avia_hidden_link_text'>Compartir en Twitter<\/span><\/a><\/li><li class='av-share-link av-social-link-whatsapp' ><a target=\"_blank\" aria-label=\"Compartir en Whatsapp\" href='https:\/\/api.whatsapp.com\/send?text=https:\/\/radiorevelacionfm.cl\/?p=21211' aria-hidden='false' data-av_icon='\uf232' data-av_iconfont='entypo-fontello' title='' data-avia-related-tooltip='Compartir en Whatsapp' rel=\"noopener\"><span class='avia_hidden_link_text'>Compartir en Whatsapp<\/span><\/a><\/li><li class='av-share-link av-social-link-linkedin' ><a target=\"_blank\" aria-label=\"Compartir en LinkedIn\" href='https:\/\/linkedin.com\/shareArticle?mini=true&#038;title=Mejor%20Ni%C3%B1ez%20y%20Laboratorio%20de%20Innovaci%C3%B3n%20p%C3%BAblica%20UC%20presentan%20sistema%20de%20formaci%C3%B3n&#038;url=https:\/\/radiorevelacionfm.cl\/?p=21211' aria-hidden='false' data-av_icon='\ue8fc' data-av_iconfont='entypo-fontello' title='' data-avia-related-tooltip='Compartir en LinkedIn' rel=\"noopener\"><span class='avia_hidden_link_text'>Compartir en LinkedIn<\/span><\/a><\/li><li class='av-share-link av-social-link-mail' ><a  aria-label=\"Compartir por correo\" href='mailto:?subject=Mejor%20Ni%C3%B1ez%20y%20Laboratorio%20de%20Innovaci%C3%B3n%20p%C3%BAblica%20UC%20presentan%20sistema%20de%20formaci%C3%B3n&#038;body=https:\/\/radiorevelacionfm.cl\/?p=21211' aria-hidden='false' data-av_icon='\ue805' data-av_iconfont='entypo-fontello' title='' data-avia-related-tooltip='Compartir por correo'><span class='avia_hidden_link_text'>Compartir por correo<\/span><\/a><\/li><\/ul><\/div><\/div>\n<div  style='height:50px' class='hr hr-invisible   avia-builder-el-8  el_after_av_social_share  el_before_av_comments_list '><span class='hr-inner ' ><span class='hr-inner-style'><\/span><\/span><\/div>\n<div  class='av-buildercomment  av-blog-meta-html-info-disabled av-blog-meta-tag-disabled  '><\/div>\n","protected":false},"excerpt":{"rendered":"","protected":false},"author":1,"featured_media":21212,"comment_status":"open","ping_status":"open","sticky":false,"template":"","format":"standard","meta":{"footnotes":""},"categories":[61],"tags":[],"class_list":["post-21211","post","type-post","status-publish","format-standard","has-post-thumbnail","hentry","category-nacional"],"jetpack_featured_media_url":"https:\/\/radiorevelacionfm.cl\/wp-content\/uploads\/2022\/08\/Subsecretaria-de-la-ninez-Rocio-Faundez-en-lanzamiento-conectando-saberes-1-1.jpg","_links":{"self":[{"href":"https:\/\/radiorevelacionfm.cl\/index.php?rest_route=\/wp\/v2\/posts\/21211","targetHints":{"allow":["GET"]}}],"collection":[{"href":"https:\/\/radiorevelacionfm.cl\/index.php?rest_route=\/wp\/v2\/posts"}],"about":[{"href":"https:\/\/radiorevelacionfm.cl\/index.php?rest_route=\/wp\/v2\/types\/post"}],"author":[{"embeddable":true,"href":"https:\/\/radiorevelacionfm.cl\/index.php?rest_route=\/wp\/v2\/users\/1"}],"replies":[{"embeddable":true,"href":"https:\/\/radiorevelacionfm.cl\/index.php?rest_route=%2Fwp%2Fv2%2Fcomments&post=21211"}],"version-history":[{"count":2,"href":"https:\/\/radiorevelacionfm.cl\/index.php?rest_route=\/wp\/v2\/posts\/21211\/revisions"}],"predecessor-version":[{"id":21214,"href":"https:\/\/radiorevelacionfm.cl\/index.php?rest_route=\/wp\/v2\/posts\/21211\/revisions\/21214"}],"wp:featuredmedia":[{"embeddable":true,"href":"https:\/\/radiorevelacionfm.cl\/index.php?rest_route=\/wp\/v2\/media\/21212"}],"wp:attachment":[{"href":"https:\/\/radiorevelacionfm.cl\/index.php?rest_route=%2Fwp%2Fv2%2Fmedia&parent=21211"}],"wp:term":[{"taxonomy":"category","embeddable":true,"href":"https:\/\/radiorevelacionfm.cl\/index.php?rest_route=%2Fwp%2Fv2%2Fcategories&post=21211"},{"taxonomy":"post_tag","embeddable":true,"href":"https:\/\/radiorevelacionfm.cl\/index.php?rest_route=%2Fwp%2Fv2%2Ftags&post=21211"}],"curies":[{"name":"wp","href":"https:\/\/api.w.org\/{rel}","templated":true}]}}