{"id":2121,"date":"2021-01-26T20:26:33","date_gmt":"2021-01-26T23:26:33","guid":{"rendered":"https:\/\/radiorevelacionfm.cl\/?p=2121"},"modified":"2021-01-26T20:26:33","modified_gmt":"2021-01-26T23:26:33","slug":"diputado-calisto-se-reune-con-ministro-de-bienes-nacionales-por-traspaso-de-terrenos-de-escuela-espana-y-feria-las-quintas","status":"publish","type":"post","link":"https:\/\/radiorevelacionfm.cl\/?p=2121","title":{"rendered":"Diputado Calisto se re\u00fane con Ministro de Bienes Nacionales por traspaso de terrenos de Escuela Espa\u00f1a y feria Las Quintas"},"content":{"rendered":"<div class=\"flex_column av_one_full  flex_column_div av-zero-column-padding first  avia-builder-el-0  el_before_av_one_full  avia-builder-el-first  \" style='border-radius:0px; '><div  class='avia-image-container  av-styling-    avia-builder-el-1  avia-builder-el-no-sibling  avia-align-center '  itemprop=\"image\" itemscope=\"itemscope\" itemtype=\"https:\/\/schema.org\/ImageObject\"  ><div class='avia-image-container-inner'><div class='avia-image-overlay-wrap'><img decoding=\"async\" class='wp-image-0 avia-img-lazy-loading-not-0 avia_image' src=\"https:\/\/radiorevelacionfm.cl\/wp-content\/uploads\/2021\/01\/FOTOS-REUNION-MINISTRO-ISAMIT-1.jpg\" alt='' title=''   itemprop=\"thumbnailUrl\"  \/><\/div><\/div><\/div><\/div><div class=\"flex_column av_one_full  flex_column_div av-zero-column-padding first  avia-builder-el-2  el_after_av_one_full  el_before_av_one_full  column-top-margin\" style='border-radius:0px; '><section class=\"av_textblock_section \"  itemscope=\"itemscope\" itemtype=\"https:\/\/schema.org\/BlogPosting\" itemprop=\"blogPost\" ><div class='avia_textblock  '   itemprop=\"text\" ><p style=\"text-align: center;\"><span style=\"font-size: 18pt;\"><strong>Diputado Calisto se re\u00fane con Ministro de Bienes Nacionales por traspaso de terrenos de Escuela Espa\u00f1a y feria Las Quintas<\/strong><\/span><\/p>\n<div id=\"gtx-trans\" style=\"position: absolute; left: -50px; top: 4.31534px;\">\n<div class=\"gtx-trans-icon\"><\/div>\n<\/div>\n<\/div><\/section><\/div><div class=\"flex_column av_one_full  flex_column_div av-zero-column-padding first  avia-builder-el-4  el_after_av_one_full  el_before_av_hr  column-top-margin\" style='border-radius:0px; '><section class=\"av_textblock_section \"  itemscope=\"itemscope\" itemtype=\"https:\/\/schema.org\/BlogPosting\" itemprop=\"blogPost\" ><div class='avia_textblock  '   itemprop=\"text\" ><p style=\"text-align: justify;\">El legislador adem\u00e1s le plante\u00f3 la necesidad de avanzar con la regularizaci\u00f3n de terrenos en Tortel.<\/p>\n<p style=\"text-align: justify;\">El diputado Miguel \u00c1ngel Calisto se reuni\u00f3 con el Ministro de Bienes Nacionales, Julio Isamit, a quien le plante\u00f3 una serie de temas pendientes relacionados a su cartera, como es el proceso de desafecci\u00f3n de los terrenos de la Feria V\u00edctor Domingo Silva, la regularizaci\u00f3n de terrenos en Tortel y los traspasos de los terrenos para la reposici\u00f3n de la Escuela Espa\u00f1a.<\/p>\n<p style=\"text-align: justify;\">Seg\u00fan el legislador, \u201cme reun\u00ed con el Ministro Isamit porque hay muchos temas que tienen relaci\u00f3n con su Ministerio que est\u00e1n pendientes en nuestra regi\u00f3n. Lo primero que le plantee es la urgente necesidad de avanzar en el traspaso de los terrenos de la feria V\u00edctor Domingo Silva a la Agrupaci\u00f3n de feriantes que han trabajado toda su vida en este sector\u201d.<\/p>\n<p style=\"text-align: justify;\">Calisto agreg\u00f3 que \u201cel Ministro me inform\u00f3 que la desafectaci\u00f3n del terreno ya est\u00e1 aprobada, y debiera confirmarse durante el mes de marzo. La idea ac\u00e1 es construir un proyecto definitivo de infraestructura para garantizar condiciones dignas a aquellas personas que han trabajado por muchos a\u00f1os a la intemperie, al aire libre, pasando frio, muchas veces soportando condiciones clim\u00e1ticas adversas\u201d.<\/p>\n<p style=\"text-align: justify;\">\u201cCon respecto a los terrenos en Tortel, el Ministerio envi\u00f3 un encargado para tomar el tema y resolver las tres fases de regularizaci\u00f3n. Este es un tema muy sentido por la comunidad, porque muchos vecinos llevan a\u00f1os sin poder regularizar sus terrenos. En la \u00faltima visita que realic\u00e9 a Tortel, junto al concejal Miguel Hern\u00e1ndez nos reunimos con varias familias que tienen este problema\u201d, indic\u00f3 Calisto.<\/p>\n<p style=\"text-align: justify;\">Seg\u00fan el legislador, \u201cotro tema que le plantee es la posibilidad de agilizar la tramitaci\u00f3n y la firma del documento para el comit\u00e9 de Vivienda de Puerto Chacabuco. Tambi\u00e9n conversamos sobre los avances de la Chacra 40 de Coyhaique, este terreno que permitir\u00e1 albergar a m\u00e1s de 400 familias de los comit\u00e9s Sue\u00f1o de Todos, Villa Cordillera y San Miguel\u201d.<\/p>\n<p style=\"text-align: justify;\">Finalmente, el diputado Calisto se\u00f1al\u00f3 que \u201ctambi\u00e9n le planteamos agilizar la tramitaci\u00f3n para el traspaso de los terrenos para la reposici\u00f3n de la Escuela Espa\u00f1a de Coyhaique, un tema que tambi\u00e9n lleva bastante tiempo gestion\u00e1ndose y aun no se puede concretar. El Ministro se manifest\u00f3 con una buena disposici\u00f3n para avanzar en estos temas, por lo que esperamos tener novedades durante el primer semestre de este a\u00f1o\u201d.<\/p>\n<\/div><\/section><\/div><div  style='height:50px' class='hr hr-invisible   avia-builder-el-6  el_after_av_one_full  el_before_av_social_share '><span class='hr-inner ' ><span class='hr-inner-style'><\/span><\/span><\/div><\/p>\n<div  class='av-social-sharing-box  avia-builder-el-7  el_after_av_hr  el_before_av_hr  '><div class='av-share-box'><h5 class='av-share-link-description av-no-toc '>Compartir esta noticia<\/h5><ul class='av-share-box-list noLightbox'><li class='av-share-link av-social-link-facebook' ><a target=\"_blank\" aria-label=\"Compartir en Facebook\" href='https:\/\/www.facebook.com\/sharer.php?u=https:\/\/radiorevelacionfm.cl\/?p=2121&#038;t=Diputado%20Calisto%20se%20re%C3%BAne%20con%20Ministro%20de%20Bienes%20Nacionales%20por%20traspaso%20de%20terrenos%20de%20Escuela%20Espa%C3%B1a%20y%20feria%20Las%20Quintas' aria-hidden='false' data-av_icon='\ue8f3' data-av_iconfont='entypo-fontello' title='' data-avia-related-tooltip='Compartir en Facebook' rel=\"noopener\"><span class='avia_hidden_link_text'>Compartir en Facebook<\/span><\/a><\/li><li class='av-share-link av-social-link-twitter' ><a target=\"_blank\" aria-label=\"Compartir en Twitter\" href='https:\/\/twitter.com\/share?text=Diputado%20Calisto%20se%20re%C3%BAne%20con%20Ministro%20de%20Bienes%20Nacionales%20por%20traspaso%20de%20terrenos%20de%20Escuela%20Espa%C3%B1a%20y%20feria%20Las%20Quintas&#038;url=https:\/\/radiorevelacionfm.cl\/?p=2121' aria-hidden='false' data-av_icon='\ue8f1' data-av_iconfont='entypo-fontello' title='' data-avia-related-tooltip='Compartir en Twitter' rel=\"noopener\"><span class='avia_hidden_link_text'>Compartir en Twitter<\/span><\/a><\/li><li class='av-share-link av-social-link-whatsapp' ><a target=\"_blank\" aria-label=\"Compartir en Whatsapp\" href='https:\/\/api.whatsapp.com\/send?text=https:\/\/radiorevelacionfm.cl\/?p=2121' aria-hidden='false' data-av_icon='\uf232' data-av_iconfont='entypo-fontello' title='' data-avia-related-tooltip='Compartir en Whatsapp' rel=\"noopener\"><span class='avia_hidden_link_text'>Compartir en Whatsapp<\/span><\/a><\/li><li class='av-share-link av-social-link-linkedin' ><a target=\"_blank\" aria-label=\"Compartir en LinkedIn\" href='https:\/\/linkedin.com\/shareArticle?mini=true&#038;title=Diputado%20Calisto%20se%20re%C3%BAne%20con%20Ministro%20de%20Bienes%20Nacionales%20por%20traspaso%20de%20terrenos%20de%20Escuela%20Espa%C3%B1a%20y%20feria%20Las%20Quintas&#038;url=https:\/\/radiorevelacionfm.cl\/?p=2121' aria-hidden='false' data-av_icon='\ue8fc' data-av_iconfont='entypo-fontello' title='' data-avia-related-tooltip='Compartir en LinkedIn' rel=\"noopener\"><span class='avia_hidden_link_text'>Compartir en LinkedIn<\/span><\/a><\/li><li class='av-share-link av-social-link-mail' ><a  aria-label=\"Compartir por correo\" href='mailto:?subject=Diputado%20Calisto%20se%20re%C3%BAne%20con%20Ministro%20de%20Bienes%20Nacionales%20por%20traspaso%20de%20terrenos%20de%20Escuela%20Espa%C3%B1a%20y%20feria%20Las%20Quintas&#038;body=https:\/\/radiorevelacionfm.cl\/?p=2121' aria-hidden='false' data-av_icon='\ue805' data-av_iconfont='entypo-fontello' title='' data-avia-related-tooltip='Compartir por correo'><span class='avia_hidden_link_text'>Compartir por correo<\/span><\/a><\/li><\/ul><\/div><\/div>\n<div  style='height:50px' class='hr hr-invisible   avia-builder-el-8  el_after_av_social_share  el_before_av_comments_list '><span class='hr-inner ' ><span class='hr-inner-style'><\/span><\/span><\/div>\n<div  class='av-buildercomment  av-blog-meta-html-info-disabled av-blog-meta-tag-disabled  '><\/div>\n","protected":false},"excerpt":{"rendered":"","protected":false},"author":1,"featured_media":0,"comment_status":"open","ping_status":"open","sticky":false,"template":"","format":"standard","meta":{"footnotes":""},"categories":[35],"tags":[],"class_list":["post-2121","post","type-post","status-publish","format-standard","hentry","category-politica"],"jetpack_featured_media_url":"","_links":{"self":[{"href":"https:\/\/radiorevelacionfm.cl\/index.php?rest_route=\/wp\/v2\/posts\/2121","targetHints":{"allow":["GET"]}}],"collection":[{"href":"https:\/\/radiorevelacionfm.cl\/index.php?rest_route=\/wp\/v2\/posts"}],"about":[{"href":"https:\/\/radiorevelacionfm.cl\/index.php?rest_route=\/wp\/v2\/types\/post"}],"author":[{"embeddable":true,"href":"https:\/\/radiorevelacionfm.cl\/index.php?rest_route=\/wp\/v2\/users\/1"}],"replies":[{"embeddable":true,"href":"https:\/\/radiorevelacionfm.cl\/index.php?rest_route=%2Fwp%2Fv2%2Fcomments&post=2121"}],"version-history":[{"count":1,"href":"https:\/\/radiorevelacionfm.cl\/index.php?rest_route=\/wp\/v2\/posts\/2121\/revisions"}],"predecessor-version":[{"id":2123,"href":"https:\/\/radiorevelacionfm.cl\/index.php?rest_route=\/wp\/v2\/posts\/2121\/revisions\/2123"}],"wp:attachment":[{"href":"https:\/\/radiorevelacionfm.cl\/index.php?rest_route=%2Fwp%2Fv2%2Fmedia&parent=2121"}],"wp:term":[{"taxonomy":"category","embeddable":true,"href":"https:\/\/radiorevelacionfm.cl\/index.php?rest_route=%2Fwp%2Fv2%2Fcategories&post=2121"},{"taxonomy":"post_tag","embeddable":true,"href":"https:\/\/radiorevelacionfm.cl\/index.php?rest_route=%2Fwp%2Fv2%2Ftags&post=2121"}],"curies":[{"name":"wp","href":"https:\/\/api.w.org\/{rel}","templated":true}]}}