{"id":21203,"date":"2022-08-29T20:28:58","date_gmt":"2022-08-29T23:28:58","guid":{"rendered":"https:\/\/radiorevelacionfm.cl\/?p=21203"},"modified":"2022-08-29T20:28:58","modified_gmt":"2022-08-29T23:28:58","slug":"carabineros-cop-86-anos-velando-por-el-orden-publico-y-la-seguridad","status":"publish","type":"post","link":"https:\/\/radiorevelacionfm.cl\/?p=21203","title":{"rendered":"Carabineros COP: 86 a\u00f1os velando por el orden p\u00fablico y la seguridad"},"content":{"rendered":"<div class=\"flex_column av_one_full  flex_column_div av-zero-column-padding first  avia-builder-el-0  el_before_av_one_full  avia-builder-el-first  \" style='border-radius:0px; '><div  class='avia-image-container  av-styling-    avia-builder-el-1  avia-builder-el-no-sibling  avia-align-center '  itemprop=\"image\" itemscope=\"itemscope\" itemtype=\"https:\/\/schema.org\/ImageObject\"  ><div class='avia-image-container-inner'><div class='avia-image-overlay-wrap'><img decoding=\"async\" class='wp-image-21204 avia-img-lazy-loading-not-21204 avia_image' src=\"https:\/\/radiorevelacionfm.cl\/wp-content\/uploads\/2022\/08\/20220828_090356-1-1_optimized-1_optimized-1-1.jpg\" alt='' title='20220828_090356-(1)-(1)_optimized-(1)_optimized (1) (1)' height=\"600\" width=\"1067\"  itemprop=\"thumbnailUrl\" srcset=\"https:\/\/radiorevelacionfm.cl\/wp-content\/uploads\/2022\/08\/20220828_090356-1-1_optimized-1_optimized-1-1.jpg 1067w, https:\/\/radiorevelacionfm.cl\/wp-content\/uploads\/2022\/08\/20220828_090356-1-1_optimized-1_optimized-1-1-300x169.jpg 300w, https:\/\/radiorevelacionfm.cl\/wp-content\/uploads\/2022\/08\/20220828_090356-1-1_optimized-1_optimized-1-1-1030x579.jpg 1030w, https:\/\/radiorevelacionfm.cl\/wp-content\/uploads\/2022\/08\/20220828_090356-1-1_optimized-1_optimized-1-1-768x432.jpg 768w, https:\/\/radiorevelacionfm.cl\/wp-content\/uploads\/2022\/08\/20220828_090356-1-1_optimized-1_optimized-1-1-705x396.jpg 705w, https:\/\/radiorevelacionfm.cl\/wp-content\/uploads\/2022\/08\/20220828_090356-1-1_optimized-1_optimized-1-1-600x337.jpg 600w\" sizes=\"(max-width: 1067px) 100vw, 1067px\" \/><\/div><\/div><\/div><\/div><div class=\"flex_column av_one_full  flex_column_div av-zero-column-padding first  avia-builder-el-2  el_after_av_one_full  el_before_av_one_full  column-top-margin\" style='border-radius:0px; '><section class=\"av_textblock_section \"  itemscope=\"itemscope\" itemtype=\"https:\/\/schema.org\/BlogPosting\" itemprop=\"blogPost\" ><div class='avia_textblock  '   itemprop=\"text\" ><p style=\"text-align: center;\"><span style=\"font-size: 18pt;\"><b>Carabineros COP: 86 a\u00f1os velando por el orden p\u00fablico y la seguridad<\/b><\/span><\/p>\n<div id=\"gtx-trans\" style=\"position: absolute; left: -50px; top: 4.31534px;\">\n<div class=\"gtx-trans-icon\"><\/div>\n<\/div>\n<\/div><\/section><\/div><div class=\"flex_column av_one_full  flex_column_div av-zero-column-padding first  avia-builder-el-4  el_after_av_one_full  el_before_av_hr  column-top-margin\" style='border-radius:0px; '><section class=\"av_textblock_section \"  itemscope=\"itemscope\" itemtype=\"https:\/\/schema.org\/BlogPosting\" itemprop=\"blogPost\" ><div class='avia_textblock  '   itemprop=\"text\" ><p class=\"v1MsoNormal\" style=\"text-align: justify;\">En un solemne acto efectuado en dependencias de la 5\u00b0 Comisar\u00eda de Carabineros de Control del Orden P\u00fablico (COP)\u00a0el 28 de agosto\u00a0se conmemor\u00f3 los 86 a\u00f1os de historia de la Prefectura de COP, velando por el control del orden p\u00fablico tanto en la regi\u00f3n de Ays\u00e9n como en todo el territorio nacional.<\/p>\n<p class=\"v1MsoNormal\" style=\"text-align: justify;\">La ceremonia cont\u00f3 con la presencia del Jefe de la XI Zona de Carabineros Ays\u00e9n, General Hugo Zenteno V\u00e1squez; el Prefecto, Coronel Paulo Pino Molina; Oficiales Jefes; Oficiales Subalternos y personal.<\/p>\n<p class=\"v1MsoNormal\" style=\"text-align: justify;\">Durante el acto se realiz\u00f3 la entrega de est\u00edmulos y reconocimientos al personal por parte del Jefe de Zona y el Comisario de esta Unidad, resaltando en ello su entrega, lealtad y profesionalismo en el desempe\u00f1o de sus funciones durante su permanencia en la 5\u00b0 Comisar\u00eda COP.<\/p>\n<p class=\"v1MsoNormal\" style=\"text-align: justify;\">A lo anterior se suma la entrega de un est\u00edmulo a un funcionario en retiro por destacada trayectoria en esta especialidad.<\/p>\n<p class=\"v1MsoNormal\" style=\"text-align: justify;\"><b>Apoyo en la prevenci\u00f3n<\/b><\/p>\n<p class=\"v1MsoNormal\" style=\"text-align: justify;\">Vigilantes, valientes y fuertes es el lema que inspira a esta especialidad, conceptos que reflejan los atributos del \u00abgrifo\u00bb, un animal mitol\u00f3gico correspondiente a un \u00e1guila con cuerpo de le\u00f3n, capaz de levantar en vuelo a un jinete y su cabalgadura.<\/p>\n<p class=\"v1MsoNormal\" style=\"text-align: justify;\">Unidos por la paz y el orden, la Unidad COP tiene por misi\u00f3n velar por mantener y restablecer el orden p\u00fablico cuando este haya sido quebrantado, asegurando el derecho de manifestaci\u00f3n y reuni\u00f3n de la ciudadan\u00eda.<\/p>\n<p class=\"v1MsoNormal\" style=\"text-align: justify;\">Hoy, la 5\u00b0 Comisar\u00eda cumple un rol fundamental en apoyo al plan cuadrante de seguridad preventiva en el sector central de la ciudad de Coyhaique, colaborando en tareas de prevenci\u00f3n a trav\u00e9s de patrullajes, control y fiscalizaci\u00f3n tanto en el \u00e1rea comercial como el sector alto de la capital regional, estando igualmente prestos para responder ante situaciones de emergencia, labor que ha sido reconocida por la comunidad.<\/p>\n<p class=\"v1MsoNormal\" style=\"text-align: justify;\"><b>Del Grupo M\u00f3vil a COP\u00a0<\/b><\/p>\n<p class=\"v1MsoNormal\" style=\"text-align: justify;\">Ante la necesidad institucional de contar con una unidad especializada en absorber las demandas de los servicios especiales que contaban con gran asistencia de p\u00fablico que en ocasiones derivan en des\u00f3rdenes, por mandato presidencial bajo el Gobierno de Arturo Alessandri Palma, se crea el 28 de agosto de 1936 el Grupo M\u00f3vil, convirti\u00e9ndose en la cuna formadora de l\u00edderes y estrategas en materias de orden p\u00fablico.<\/p>\n<p class=\"v1MsoNormal\" style=\"text-align: justify;\">Su primera unidad especializada para proceder con manejo de un \u00e1rea t\u00e9cnica operativa de elementos policiales ante des\u00f3rdenes urbanos, corresponde a la 16\u00b0 Comisar\u00eda Tr\u00e1nsito, dependiente de la Prefectura Central, siendo su primer jefe el Capit\u00e1n Belisario \u00c1lvarez Lobos.<\/p>\n<p class=\"v1MsoNormal\" style=\"text-align: justify;\">Ante los \u00f3ptimos resultados demostrados, el 14 de junio del a\u00f1o 1954, pas\u00f3 a constituir la 19\u00b0 Comisar\u00eda M\u00f3vil, a la cual se le a\u00f1adieron dos grupos de emergencia, obteniendo una dotaci\u00f3n operativa de 180 carabineros, con la finalidad de absorber la demanda de los servicios policiales en la zona metropolitana y el territorio nacional.<\/p>\n<p class=\"v1MsoNormal\" style=\"text-align: justify;\">El 9 de enero de 1963, estos tres grupos de reacci\u00f3n pasaron a constituir el Grupo M\u00f3vil, contando con dedicaci\u00f3n exclusiva, entrenamiento y perfeccionamiento e instrucci\u00f3n permanente para garantizar el \u00e9xito en servicios policiales de importancia.<\/p>\n<p class=\"v1MsoNormal\" style=\"text-align: justify;\">Posteriormente el 13 de noviembre de 1970, pas\u00f3 a constituir la Prefectura de Servicios Especiales sobre la base de dos unidades de la Zona Metropolitana y en 1974, cambi\u00f3 su denominaci\u00f3n a Fuerzas Especiales.<\/p>\n<p class=\"v1MsoNormal\" style=\"text-align: justify;\">Desde aquel entonces y hasta hoy, esta especialidad mantiene como misi\u00f3n restablecer el orden p\u00fablico quebrantado mediante el perfeccionamiento de las t\u00e1cticas desarrolladas y mejoras a trav\u00e9s de los a\u00f1os de servicio.<\/p>\n<p class=\"v1MsoNormal\" style=\"text-align: justify;\">Para garantizar el orden p\u00fablico a nivel nacional, la Instituci\u00f3n dispone la creaci\u00f3n y formaci\u00f3n de Subcomisar\u00edas de Fuerzas Especiales a lo largo del territorio.<\/p>\n<p class=\"v1MsoNormal\" style=\"text-align: justify;\">El 12 de diciembre de 2019, atendida las necesidades de los servicios, las demandas y los nuevos desaf\u00edos, se cambi\u00f3 su denominaci\u00f3n a Control del Orden P\u00fablico.<\/p>\n<p class=\"v1MsoNormal\" style=\"text-align: justify;\">En la regi\u00f3n de Ays\u00e9n, esta especialidad se conform\u00f3 en diciembre de 2009, para ejecutar los servicios de control de control en la v\u00eda p\u00fablica y asegurar su restablecimiento cuando sea necesario.<\/p>\n<p style=\"text-align: justify;\">Hoy, el personal COP juega un rol fundamental en el desarrollo de los servicios policiales en la regi\u00f3n, prestando apoyo en la realizaci\u00f3n de los servicios de ronda masiva, as\u00ed como en la patrulla centauro, enfocada en brindar m\u00e1s seguridad a la comunidad regional.<\/p>\n<\/div><\/section><\/div><div  style='height:50px' class='hr hr-invisible   avia-builder-el-6  el_after_av_one_full  el_before_av_social_share '><span class='hr-inner ' ><span class='hr-inner-style'><\/span><\/span><\/div><\/p>\n<div  class='av-social-sharing-box  avia-builder-el-7  el_after_av_hr  el_before_av_hr  '><div class='av-share-box'><h5 class='av-share-link-description av-no-toc '>Compartir esta noticia<\/h5><ul class='av-share-box-list noLightbox'><li class='av-share-link av-social-link-facebook' ><a target=\"_blank\" aria-label=\"Compartir en Facebook\" href='https:\/\/www.facebook.com\/sharer.php?u=https:\/\/radiorevelacionfm.cl\/?p=21203&#038;t=Carabineros%20COP%3A%2086%20a%C3%B1os%20velando%20por%20el%20orden%20p%C3%BAblico%20y%20la%20seguridad' aria-hidden='false' data-av_icon='\ue8f3' data-av_iconfont='entypo-fontello' title='' data-avia-related-tooltip='Compartir en Facebook' rel=\"noopener\"><span class='avia_hidden_link_text'>Compartir en Facebook<\/span><\/a><\/li><li class='av-share-link av-social-link-twitter' ><a target=\"_blank\" aria-label=\"Compartir en Twitter\" href='https:\/\/twitter.com\/share?text=Carabineros%20COP%3A%2086%20a%C3%B1os%20velando%20por%20el%20orden%20p%C3%BAblico%20y%20la%20seguridad&#038;url=https:\/\/radiorevelacionfm.cl\/?p=21203' aria-hidden='false' data-av_icon='\ue8f1' data-av_iconfont='entypo-fontello' title='' data-avia-related-tooltip='Compartir en Twitter' rel=\"noopener\"><span class='avia_hidden_link_text'>Compartir en Twitter<\/span><\/a><\/li><li class='av-share-link av-social-link-whatsapp' ><a target=\"_blank\" aria-label=\"Compartir en Whatsapp\" href='https:\/\/api.whatsapp.com\/send?text=https:\/\/radiorevelacionfm.cl\/?p=21203' aria-hidden='false' data-av_icon='\uf232' data-av_iconfont='entypo-fontello' title='' data-avia-related-tooltip='Compartir en Whatsapp' rel=\"noopener\"><span class='avia_hidden_link_text'>Compartir en Whatsapp<\/span><\/a><\/li><li class='av-share-link av-social-link-linkedin' ><a target=\"_blank\" aria-label=\"Compartir en LinkedIn\" href='https:\/\/linkedin.com\/shareArticle?mini=true&#038;title=Carabineros%20COP%3A%2086%20a%C3%B1os%20velando%20por%20el%20orden%20p%C3%BAblico%20y%20la%20seguridad&#038;url=https:\/\/radiorevelacionfm.cl\/?p=21203' aria-hidden='false' data-av_icon='\ue8fc' data-av_iconfont='entypo-fontello' title='' data-avia-related-tooltip='Compartir en LinkedIn' rel=\"noopener\"><span class='avia_hidden_link_text'>Compartir en LinkedIn<\/span><\/a><\/li><li class='av-share-link av-social-link-mail' ><a  aria-label=\"Compartir por correo\" href='mailto:?subject=Carabineros%20COP%3A%2086%20a%C3%B1os%20velando%20por%20el%20orden%20p%C3%BAblico%20y%20la%20seguridad&#038;body=https:\/\/radiorevelacionfm.cl\/?p=21203' aria-hidden='false' data-av_icon='\ue805' data-av_iconfont='entypo-fontello' title='' data-avia-related-tooltip='Compartir por correo'><span class='avia_hidden_link_text'>Compartir por correo<\/span><\/a><\/li><\/ul><\/div><\/div>\n<div  style='height:50px' class='hr hr-invisible   avia-builder-el-8  el_after_av_social_share  el_before_av_comments_list '><span class='hr-inner ' ><span class='hr-inner-style'><\/span><\/span><\/div>\n<div  class='av-buildercomment  av-blog-meta-html-info-disabled av-blog-meta-tag-disabled  '><\/div>\n","protected":false},"excerpt":{"rendered":"","protected":false},"author":1,"featured_media":21204,"comment_status":"open","ping_status":"open","sticky":false,"template":"","format":"standard","meta":{"footnotes":""},"categories":[36],"tags":[],"class_list":["post-21203","post","type-post","status-publish","format-standard","has-post-thumbnail","hentry","category-policial"],"jetpack_featured_media_url":"https:\/\/radiorevelacionfm.cl\/wp-content\/uploads\/2022\/08\/20220828_090356-1-1_optimized-1_optimized-1-1.jpg","_links":{"self":[{"href":"https:\/\/radiorevelacionfm.cl\/index.php?rest_route=\/wp\/v2\/posts\/21203","targetHints":{"allow":["GET"]}}],"collection":[{"href":"https:\/\/radiorevelacionfm.cl\/index.php?rest_route=\/wp\/v2\/posts"}],"about":[{"href":"https:\/\/radiorevelacionfm.cl\/index.php?rest_route=\/wp\/v2\/types\/post"}],"author":[{"embeddable":true,"href":"https:\/\/radiorevelacionfm.cl\/index.php?rest_route=\/wp\/v2\/users\/1"}],"replies":[{"embeddable":true,"href":"https:\/\/radiorevelacionfm.cl\/index.php?rest_route=%2Fwp%2Fv2%2Fcomments&post=21203"}],"version-history":[{"count":2,"href":"https:\/\/radiorevelacionfm.cl\/index.php?rest_route=\/wp\/v2\/posts\/21203\/revisions"}],"predecessor-version":[{"id":21206,"href":"https:\/\/radiorevelacionfm.cl\/index.php?rest_route=\/wp\/v2\/posts\/21203\/revisions\/21206"}],"wp:featuredmedia":[{"embeddable":true,"href":"https:\/\/radiorevelacionfm.cl\/index.php?rest_route=\/wp\/v2\/media\/21204"}],"wp:attachment":[{"href":"https:\/\/radiorevelacionfm.cl\/index.php?rest_route=%2Fwp%2Fv2%2Fmedia&parent=21203"}],"wp:term":[{"taxonomy":"category","embeddable":true,"href":"https:\/\/radiorevelacionfm.cl\/index.php?rest_route=%2Fwp%2Fv2%2Fcategories&post=21203"},{"taxonomy":"post_tag","embeddable":true,"href":"https:\/\/radiorevelacionfm.cl\/index.php?rest_route=%2Fwp%2Fv2%2Ftags&post=21203"}],"curies":[{"name":"wp","href":"https:\/\/api.w.org\/{rel}","templated":true}]}}