{"id":21200,"date":"2022-08-30T10:22:17","date_gmt":"2022-08-30T13:22:17","guid":{"rendered":"https:\/\/radiorevelacionfm.cl\/?p=21200"},"modified":"2022-08-30T10:22:17","modified_gmt":"2022-08-30T13:22:17","slug":"dan-inicio-a-postulaciones-del-fondo-de-innovacion-para-la-competitividad-2022","status":"publish","type":"post","link":"https:\/\/radiorevelacionfm.cl\/?p=21200","title":{"rendered":"Dan inicio a postulaciones del Fondo de Innovaci\u00f3n para la Competitividad 2022"},"content":{"rendered":"<div class=\"flex_column av_one_full  flex_column_div av-zero-column-padding first  avia-builder-el-0  el_before_av_one_full  avia-builder-el-first  \" style='border-radius:0px; '><div  class='avia-image-container  av-styling-    avia-builder-el-1  avia-builder-el-no-sibling  avia-align-center '  itemprop=\"image\" itemscope=\"itemscope\" itemtype=\"https:\/\/schema.org\/ImageObject\"  ><div class='avia-image-container-inner'><div class='avia-image-overlay-wrap'><img decoding=\"async\" class='wp-image-21201 avia-img-lazy-loading-not-21201 avia_image' src=\"https:\/\/radiorevelacionfm.cl\/wp-content\/uploads\/2022\/08\/2-43-1-1.jpeg\" alt='' title='2 (43) (1) (1)' height=\"600\" width=\"689\"  itemprop=\"thumbnailUrl\" srcset=\"https:\/\/radiorevelacionfm.cl\/wp-content\/uploads\/2022\/08\/2-43-1-1.jpeg 689w, https:\/\/radiorevelacionfm.cl\/wp-content\/uploads\/2022\/08\/2-43-1-1-300x261.jpeg 300w, https:\/\/radiorevelacionfm.cl\/wp-content\/uploads\/2022\/08\/2-43-1-1-600x522.jpeg 600w\" sizes=\"(max-width: 689px) 100vw, 689px\" \/><\/div><\/div><\/div><\/div><div class=\"flex_column av_one_full  flex_column_div av-zero-column-padding first  avia-builder-el-2  el_after_av_one_full  el_before_av_one_full  column-top-margin\" style='border-radius:0px; '><section class=\"av_textblock_section \"  itemscope=\"itemscope\" itemtype=\"https:\/\/schema.org\/BlogPosting\" itemprop=\"blogPost\" ><div class='avia_textblock  '   itemprop=\"text\" ><p style=\"text-align: center;\"><strong><span style=\"font-size: 18pt;\">Dan inicio a postulaciones del Fondo de Innovaci\u00f3n para la Competitividad 2022<\/span><\/strong><\/p>\n<div id=\"gtx-trans\" style=\"position: absolute; left: -50px; top: 4.31534px;\">\n<div class=\"gtx-trans-icon\"><\/div>\n<\/div>\n<\/div><\/section><\/div><div class=\"flex_column av_one_full  flex_column_div av-zero-column-padding first  avia-builder-el-4  el_after_av_one_full  el_before_av_hr  column-top-margin\" style='border-radius:0px; '><section class=\"av_textblock_section \"  itemscope=\"itemscope\" itemtype=\"https:\/\/schema.org\/BlogPosting\" itemprop=\"blogPost\" ><div class='avia_textblock  '   itemprop=\"text\" ><p class=\"v1gmail-p4\" style=\"text-align: justify;\"><span style=\"font-size: 12pt;\">Junto a representantes de diversas organizaciones, instituciones p\u00fablicas, privadas, la Gobernadora Regional, Andrea Mac\u00edas Palma, anunci\u00f3 el inicio del proceso de postulaci\u00f3n al Fondo de Innovaci\u00f3n para la Competitividad (FIC) 2022 en el Museo Regional de Ays\u00e9n.<\/span><\/p>\n<p class=\"v1gmail-p4\" style=\"text-align: justify;\"><span style=\"font-size: 12pt;\">Parte del objetivo del FIC, es que las iniciativas contribuyan a nivel regional dentro de un contexto de sostenibilidad ambiental, bienestar social, territorial y econ\u00f3mico, mediante la innovaci\u00f3n y en base a sus capitales naturales, humanos y sociales.<\/span><\/p>\n<p class=\"v1gmail-p4\" style=\"text-align: justify;\"><span style=\"font-size: 12pt;\">\u00abEstamos muy contentos desde el Gobierno Regional y su Consejo en este lanzamiento del Fondo de Innovaci\u00f3n para la Competitividad, que no tiene otro objetivo que poder aportar, desde la generaci\u00f3n del conocimiento, a toda la comunidad con soluciones frente a tem\u00e1ticas o problemas que hoy d\u00eda puedan tener alguna dificultad, por lo tanto, invitamos a todos y todas las instituciones que est\u00e1n, que puedan participar, tanto la academia, centros de investigaci\u00f3n, para poder aportar a nuestra regi\u00f3n con innovaci\u00f3n\u00bb, expres\u00f3 la Gobernadora.<\/span><\/p>\n<p class=\"v1gmail-p4\" style=\"text-align: justify;\"><span style=\"font-size: 12pt;\">En la actividad, se dirigieron a las y los asistentes, la rectora de la Universidad de Ays\u00e9n, Natacha Pino, y la Secretaria Regional Ministerial de Ciencia, Tecnolog\u00eda, Conocimiento e Innovaci\u00f3n de la macrozona sur, Ver\u00f3nica Vallejos.<\/span><\/p>\n<p class=\"v1gmail-p4\" style=\"text-align: justify;\"><span style=\"font-size: 12pt;\">\u00abLa invitaci\u00f3n con el FIC es a responder las necesidades que tenemos, las necesidades que tenemos como regi\u00f3n. De manera tal, que todas las instituciones que generan conocimientos, puedan sentirse atra\u00eddas a responder esas necesidades\u00bb, dijo la seremi Ver\u00f3nica Vallejos.<\/span><\/p>\n<p class=\"v1gmail-p5\" style=\"text-align: justify;\"><span style=\"font-size: 12pt;\">Ante el anuncio del inicio de las postulaciones para el concurso, la rectora de la Universidad de Ays\u00e9n, Natacha Pino, manifest\u00f3 que \u00abpostular a los FIC no solamente tiene que ver con conseguir fondos de financiamiento para poder llevar a cabo una investigaci\u00f3n en particular, sino que, tambi\u00e9n a trav\u00e9s de esa investigaci\u00f3n ejercer el rol que tenemos como universidad regional y estatal de aportar con soluciones reales a necesidades que la regi\u00f3n tiene\u00bb.<\/span><\/p>\n<p class=\"v1gmail-p6\" style=\"text-align: justify;\"><span style=\"font-size: 12pt;\">Este concurso FIC 2022 incorpora la visi\u00f3n de la Gobernadora Regional y su programa de gobierno, las reuniones de trabajo con el Consejo Regional de Ays\u00e9n, espec\u00edficamente de la Comisi\u00f3n de Ciencia, Tecnolog\u00eda e Innovaci\u00f3n y actores claves regionales.<\/span><\/p>\n<p class=\"v1gmail-p6\" style=\"text-align: justify;\"><span style=\"font-size: 12pt;\">\u00abEs un fondo muy importante para las investigaciones para los centros de desarrollo tanto para las universidades, para que puedan aportar con la tecnolog\u00eda y esto tambi\u00e9n que sea una herramienta para el sector productivo de la Regi\u00f3n de Ays\u00e9n\u00bb, dijo el Consejero Regional, Felipe Klein, y presidente de la la Comisi\u00f3n de Ciencia, Tecnolog\u00eda e Innovaci\u00f3n.<span class=\"v1gmail-Apple-converted-space\">\u00a0<\/span><\/span><\/p>\n<p class=\"v1gmail-p5\" style=\"text-align: justify;\"><span style=\"font-size: 12pt;\">Las l\u00edneas de investigaci\u00f3n que se buscan abordar con el lanzamiento del Fondo de Innovaci\u00f3n para la Competitividad (FIC) son:<span class=\"v1gmail-Apple-converted-space\">\u00a0<\/span><\/span><\/p>\n<ul class=\"v1gmail-ul1\" style=\"text-align: justify;\">\n<li class=\"v1gmail-li7\"><span class=\"v1gmail-s1\" style=\"font-size: 12pt;\">Acciones innovadoras para la gesti\u00f3n ambiental y el bienestar social.<\/span><\/li>\n<li class=\"v1gmail-li7\"><span class=\"v1gmail-s1\" style=\"font-size: 12pt;\">Fortalecimiento de la cultura innovadora y del sistema de ciencia, tecnolog\u00eda, conocimiento e innovaci\u00f3n.<span class=\"v1gmail-Apple-converted-space\">\u00a0<\/span><\/span><\/li>\n<li class=\"v1gmail-li7\"><span class=\"v1gmail-s1\" style=\"font-size: 12pt;\">Innovaci\u00f3n para la reactivaci\u00f3n econ\u00f3mica y fortalecimiento de la microempresa.<\/span><\/li>\n<li class=\"v1gmail-li7\"><span class=\"v1gmail-s1\" style=\"font-size: 12pt;\">Energ\u00eda para el desarrollo econ\u00f3mico y social de la regi\u00f3n.<\/span><\/li>\n<li class=\"v1gmail-li7\"><span class=\"v1gmail-s1\" style=\"font-size: 12pt;\">Desarrollo de l\u00edneas de investigaci\u00f3n de pesca.<\/span><\/li>\n<li class=\"v1gmail-li7\"><span class=\"v1gmail-s1\" style=\"font-size: 12pt;\">Patrimonio material e inmaterial y su nexo con los procesos de innovaci\u00f3n.<\/span><\/li>\n<li class=\"v1gmail-li7\"><span class=\"v1gmail-s1\" style=\"font-size: 12pt;\">An\u00e1lisis y soluciones para problemas seg\u00fan indicadores regionales negativos de la salud.<\/span><\/li>\n<li class=\"v1gmail-li8\"><span class=\"v1gmail-s1\" style=\"font-size: 12pt;\">Resiliencia frente a la pandemia.<\/span><\/li>\n<\/ul>\n<p class=\"v1gmail-p4\" style=\"text-align: justify;\"><span style=\"font-size: 12pt;\">El coordinador de la Red Pro Emprendimiento e Innovaci\u00f3n<span class=\"v1gmail-Apple-converted-space\">\u00a0\u00a0<\/span>de Ays\u00e9n, Gonzalo Marf\u00e1n, estuvo presente en la exposici\u00f3n y el anuncio de la apertura de las postulaciones al FIC 2022. Agradeci\u00f3 la instancia e indic\u00f3 que \u00abes clave para el desarrollo regional el considerar la innovaci\u00f3n como una forma de buscar nuevas soluciones\u00bb.<span class=\"v1gmail-Apple-converted-space\">\u00a0<\/span><\/span><\/p>\n<p class=\"v1gmail-p4\" style=\"text-align: justify;\"><span style=\"font-size: 12pt;\">El objetivo del concurso es aprobar y financiar iniciativas que impacten o mejoren la capacidad regional de emprender e innovar. Los fondos del presente concurso se imputar\u00e1n al Presupuesto 2022; se financiar\u00e1 por un monto de hasta M$110.000 (ciento diez millones de pesos) en iniciativas con plazos de hasta 18 meses o menos. En el caso de instituciones elegibles p\u00fablicas, el monto solicitado al FIC podr\u00e1 acceder al 100% del costo total solicitado. En el caso de instituciones elegibles privadas, el monto solicitado al FIC no podr\u00e1 superar el 90% del costo total solicitado y ajustado en el proceso de adjudicaci\u00f3n; el porcentaje restante ser\u00e1 aportado por la instituci\u00f3n elegible.<span class=\"v1gmail-Apple-converted-space\">\u00a0<\/span><\/span><\/p>\n<p class=\"v1gmail-p4\" style=\"text-align: justify;\"><span style=\"font-size: 12pt;\">La primera etapa de postulaci\u00f3n inicia el 29 de agosto y finaliza el 26 de septiembre de 2022. Las bases del concurso se encuentran en el sitio\u00a0<a href=\"http:\/\/www.goreaysen.cl\/\" target=\"_blank\" rel=\"noopener noreferrer\"><span class=\"v1gmail-s2\">www.goreaysen.cl<\/span><\/a>.<span class=\"v1gmail-Apple-converted-space\">\u00a0<\/span><\/span><\/p>\n<\/div><\/section><\/div><div  style='height:50px' class='hr hr-invisible   avia-builder-el-6  el_after_av_one_full  el_before_av_social_share '><span class='hr-inner ' ><span class='hr-inner-style'><\/span><\/span><\/div><\/p>\n<div  class='av-social-sharing-box  avia-builder-el-7  el_after_av_hr  el_before_av_hr  '><div class='av-share-box'><h5 class='av-share-link-description av-no-toc '>Compartir esta noticia<\/h5><ul class='av-share-box-list noLightbox'><li class='av-share-link av-social-link-facebook' ><a target=\"_blank\" aria-label=\"Compartir en Facebook\" href='https:\/\/www.facebook.com\/sharer.php?u=https:\/\/radiorevelacionfm.cl\/?p=21200&#038;t=Dan%20inicio%20a%20postulaciones%20del%20Fondo%20de%20Innovaci%C3%B3n%20para%20la%20Competitividad%202022' aria-hidden='false' data-av_icon='\ue8f3' data-av_iconfont='entypo-fontello' title='' data-avia-related-tooltip='Compartir en Facebook' rel=\"noopener\"><span class='avia_hidden_link_text'>Compartir en Facebook<\/span><\/a><\/li><li class='av-share-link av-social-link-twitter' ><a target=\"_blank\" aria-label=\"Compartir en Twitter\" href='https:\/\/twitter.com\/share?text=Dan%20inicio%20a%20postulaciones%20del%20Fondo%20de%20Innovaci%C3%B3n%20para%20la%20Competitividad%202022&#038;url=https:\/\/radiorevelacionfm.cl\/?p=21200' aria-hidden='false' data-av_icon='\ue8f1' data-av_iconfont='entypo-fontello' title='' data-avia-related-tooltip='Compartir en Twitter' rel=\"noopener\"><span class='avia_hidden_link_text'>Compartir en Twitter<\/span><\/a><\/li><li class='av-share-link av-social-link-whatsapp' ><a target=\"_blank\" aria-label=\"Compartir en Whatsapp\" href='https:\/\/api.whatsapp.com\/send?text=https:\/\/radiorevelacionfm.cl\/?p=21200' aria-hidden='false' data-av_icon='\uf232' data-av_iconfont='entypo-fontello' title='' data-avia-related-tooltip='Compartir en Whatsapp' rel=\"noopener\"><span class='avia_hidden_link_text'>Compartir en Whatsapp<\/span><\/a><\/li><li class='av-share-link av-social-link-linkedin' ><a target=\"_blank\" aria-label=\"Compartir en LinkedIn\" href='https:\/\/linkedin.com\/shareArticle?mini=true&#038;title=Dan%20inicio%20a%20postulaciones%20del%20Fondo%20de%20Innovaci%C3%B3n%20para%20la%20Competitividad%202022&#038;url=https:\/\/radiorevelacionfm.cl\/?p=21200' aria-hidden='false' data-av_icon='\ue8fc' data-av_iconfont='entypo-fontello' title='' data-avia-related-tooltip='Compartir en LinkedIn' rel=\"noopener\"><span class='avia_hidden_link_text'>Compartir en LinkedIn<\/span><\/a><\/li><li class='av-share-link av-social-link-mail' ><a  aria-label=\"Compartir por correo\" href='mailto:?subject=Dan%20inicio%20a%20postulaciones%20del%20Fondo%20de%20Innovaci%C3%B3n%20para%20la%20Competitividad%202022&#038;body=https:\/\/radiorevelacionfm.cl\/?p=21200' aria-hidden='false' data-av_icon='\ue805' data-av_iconfont='entypo-fontello' title='' data-avia-related-tooltip='Compartir por correo'><span class='avia_hidden_link_text'>Compartir por correo<\/span><\/a><\/li><\/ul><\/div><\/div>\n<div  style='height:50px' class='hr hr-invisible   avia-builder-el-8  el_after_av_social_share  el_before_av_comments_list '><span class='hr-inner ' ><span class='hr-inner-style'><\/span><\/span><\/div>\n<div  class='av-buildercomment  av-blog-meta-html-info-disabled av-blog-meta-tag-disabled  '><\/div>\n","protected":false},"excerpt":{"rendered":"","protected":false},"author":1,"featured_media":21201,"comment_status":"open","ping_status":"open","sticky":false,"template":"","format":"standard","meta":{"footnotes":""},"categories":[38],"tags":[],"class_list":["post-21200","post","type-post","status-publish","format-standard","has-post-thumbnail","hentry","category-regional"],"jetpack_featured_media_url":"https:\/\/radiorevelacionfm.cl\/wp-content\/uploads\/2022\/08\/2-43-1-1.jpeg","_links":{"self":[{"href":"https:\/\/radiorevelacionfm.cl\/index.php?rest_route=\/wp\/v2\/posts\/21200","targetHints":{"allow":["GET"]}}],"collection":[{"href":"https:\/\/radiorevelacionfm.cl\/index.php?rest_route=\/wp\/v2\/posts"}],"about":[{"href":"https:\/\/radiorevelacionfm.cl\/index.php?rest_route=\/wp\/v2\/types\/post"}],"author":[{"embeddable":true,"href":"https:\/\/radiorevelacionfm.cl\/index.php?rest_route=\/wp\/v2\/users\/1"}],"replies":[{"embeddable":true,"href":"https:\/\/radiorevelacionfm.cl\/index.php?rest_route=%2Fwp%2Fv2%2Fcomments&post=21200"}],"version-history":[{"count":2,"href":"https:\/\/radiorevelacionfm.cl\/index.php?rest_route=\/wp\/v2\/posts\/21200\/revisions"}],"predecessor-version":[{"id":21209,"href":"https:\/\/radiorevelacionfm.cl\/index.php?rest_route=\/wp\/v2\/posts\/21200\/revisions\/21209"}],"wp:featuredmedia":[{"embeddable":true,"href":"https:\/\/radiorevelacionfm.cl\/index.php?rest_route=\/wp\/v2\/media\/21201"}],"wp:attachment":[{"href":"https:\/\/radiorevelacionfm.cl\/index.php?rest_route=%2Fwp%2Fv2%2Fmedia&parent=21200"}],"wp:term":[{"taxonomy":"category","embeddable":true,"href":"https:\/\/radiorevelacionfm.cl\/index.php?rest_route=%2Fwp%2Fv2%2Fcategories&post=21200"},{"taxonomy":"post_tag","embeddable":true,"href":"https:\/\/radiorevelacionfm.cl\/index.php?rest_route=%2Fwp%2Fv2%2Ftags&post=21200"}],"curies":[{"name":"wp","href":"https:\/\/api.w.org\/{rel}","templated":true}]}}