{"id":21195,"date":"2022-08-29T19:21:16","date_gmt":"2022-08-29T22:21:16","guid":{"rendered":"https:\/\/radiorevelacionfm.cl\/?p=21195"},"modified":"2022-08-29T19:21:16","modified_gmt":"2022-08-29T22:21:16","slug":"jovenes-le-cambian-la-cara-a-su-liceo-gracias-a-un-voluntariado-organizado-por-injuv","status":"publish","type":"post","link":"https:\/\/radiorevelacionfm.cl\/?p=21195","title":{"rendered":"J\u00f3venes le cambian la cara a su liceo gracias a un voluntariado organizado por INJUV"},"content":{"rendered":"<div class=\"flex_column av_one_full  flex_column_div av-zero-column-padding first  avia-builder-el-0  el_before_av_one_full  avia-builder-el-first  \" style='border-radius:0px; '><div  class='avia-image-container  av-styling-    avia-builder-el-1  avia-builder-el-no-sibling  avia-align-center '  itemprop=\"image\" itemscope=\"itemscope\" itemtype=\"https:\/\/schema.org\/ImageObject\"  ><div class='avia-image-container-inner'><div class='avia-image-overlay-wrap'><img decoding=\"async\" class='wp-image-21196 avia-img-lazy-loading-not-21196 avia_image' src=\"https:\/\/radiorevelacionfm.cl\/wp-content\/uploads\/2022\/08\/FOTO-4-1-1.jpg\" alt='' title='FOTO (4) (1) (1)' height=\"600\" width=\"843\"  itemprop=\"thumbnailUrl\" srcset=\"https:\/\/radiorevelacionfm.cl\/wp-content\/uploads\/2022\/08\/FOTO-4-1-1.jpg 843w, https:\/\/radiorevelacionfm.cl\/wp-content\/uploads\/2022\/08\/FOTO-4-1-1-300x214.jpg 300w, https:\/\/radiorevelacionfm.cl\/wp-content\/uploads\/2022\/08\/FOTO-4-1-1-768x547.jpg 768w, https:\/\/radiorevelacionfm.cl\/wp-content\/uploads\/2022\/08\/FOTO-4-1-1-260x185.jpg 260w, https:\/\/radiorevelacionfm.cl\/wp-content\/uploads\/2022\/08\/FOTO-4-1-1-705x502.jpg 705w, https:\/\/radiorevelacionfm.cl\/wp-content\/uploads\/2022\/08\/FOTO-4-1-1-600x427.jpg 600w\" sizes=\"(max-width: 843px) 100vw, 843px\" \/><\/div><\/div><\/div><\/div><div class=\"flex_column av_one_full  flex_column_div av-zero-column-padding first  avia-builder-el-2  el_after_av_one_full  el_before_av_one_full  column-top-margin\" style='border-radius:0px; '><section class=\"av_textblock_section \"  itemscope=\"itemscope\" itemtype=\"https:\/\/schema.org\/BlogPosting\" itemprop=\"blogPost\" ><div class='avia_textblock  '   itemprop=\"text\" ><p><span style=\"font-size: 18pt;\"><strong>J\u00f3venes le cambian la cara a su liceo gracias a un voluntariado organizado por INJUV<\/strong><\/span><\/p>\n<div id=\"gtx-trans\" style=\"position: absolute; left: -50px; top: 4.31534px;\">\n<div class=\"gtx-trans-icon\"><\/div>\n<\/div>\n<\/div><\/section><\/div><div class=\"flex_column av_one_full  flex_column_div av-zero-column-padding first  avia-builder-el-4  el_after_av_one_full  el_before_av_hr  column-top-margin\" style='border-radius:0px; '><section class=\"av_textblock_section \"  itemscope=\"itemscope\" itemtype=\"https:\/\/schema.org\/BlogPosting\" itemprop=\"blogPost\" ><div class='avia_textblock  '   itemprop=\"text\" ><p style=\"text-align: justify;\">El Instituto Nacional de la Juventud junto a j\u00f3venes estudiantes del Liceo T\u00e9cnico Profesional Profesor Ricardo Navarrete Barr\u00eda y autoridades regionales, \u00a0dieron el vamos al programa \u201cMi Primer Voluntariado\u201d, iniciativa que busca visibilizar, fortalecer, incentivar y promover a la juventud regional con el objetivo de involucrar a las y los j\u00f3venes en instancias de participaci\u00f3n social a trav\u00e9s del voluntariado y que permitan potenciar a las juventudes como agentes de cambio.<\/p>\n<p style=\"text-align: justify;\">Los j\u00f3venes comenzaron los trabajos limpiando el patio del establecimiento educacional para posteriormente instalar mobiliario de distintos objetos reciclados, pallets, neum\u00e1ticos, tablas entre otros. Se dise\u00f1aron bancales y maceteros, siembra de flores, bulbos y yerbas medicinales. Intervenci\u00f3n de paredes a partir de muralismo y\/o grafitis que incentivan al cuidado del medio ambiente y la identidad cultural. Adem\u00e1s, se trabaj\u00f3 en conjunto con el Servicio Nacional del Patrimonio Cultural de la regi\u00f3n de Ays\u00e9n y se realiz\u00f3 un taller denominado <em>Portadores de Tradici\u00f3n<\/em> ah\u00ed los j\u00f3venes aprendieron a hacer tejuelas en conjunto con Cultores Tejueleros, tejuelas que luego fueron utilizadas para adornar una jardinera existente en el lugar.<\/p>\n<p style=\"text-align: justify;\">\u201cPartimos la semana muy contentos y muy entusiastas cuando uno ve grupos de j\u00f3venes que est\u00e1n en su primer voluntariado de INJUV, colaborando adem\u00e1s con cultura y entregando conocimientos de los grandes saberes como lo es hacer tejuelas, inspira, motiva a seguir trabajando mancomunadamente tal como nos ha pedido nuestro Presidente Gabriel Boric, que hagamos trabajo intersectorial, que potenciemos las capacidades de cada uno\u00a0 y que motivemos a los j\u00f3venes a seguir avanzando y construir comunidad, ellos no solo se van a llevar de ac\u00e1 el mejorar el espacio dentro del liceo, sino que adem\u00e1s se llevan conocimiento para que puedan replicar en el futuro lo que era hacer tejuelas antes en la patagonia\u201d, sostuvo la Seremi de Desarrollo Social y Familia, Karina Acevedo Auad.<\/p>\n<p style=\"text-align: justify;\">En tanto la directora regional (s), G\u00e9nesis Arias Fuentes, agradeci\u00f3 la participaci\u00f3n de los j\u00f3venes voluntarios y explic\u00f3 que \u201ctodo este trabajo no hubiese sido posible sin j\u00f3venes voluntarios, agradecemos significativamente el compromiso y esfuerzo que puso cada una y uno de ellos para que esta iniciativa hoy sea una realidad. Agradecemos tambi\u00e9n al Servicio Nacional del Patrimonio Cultural de la regi\u00f3n, Supermercado Hiperpatag\u00f3nico, Ferreter\u00eda La Nueva, Senda Previene, Ilustre Municipalidad de Coyhaique y Reserva Nacional Coyhaique ya que ellos tambi\u00e9n nos ayudaron aportando para que esta actividad fuera posible. Como servicio esperamos seguir trabajando para entregar a nuestra juventud regional m\u00e1s y mejores espacios de participaci\u00f3n\u201d.<\/p>\n<p style=\"text-align: justify;\">El Director del Liceo T\u00e9cnico Profesional Profesor Ricardo Navarrete Barr\u00eda, Ra\u00fal \u00c1lvarez Villegas, se\u00f1al\u00f3 que \u201cestoy muy contento con la actividad que estamos iniciando con los j\u00f3venes de segundo medio, mi primer voluntariado, es una actividad que a ellos les va a ense\u00f1ar mucho respecto a trabajar colaborativamente, a trabajar en equipo, es tambi\u00e9n\u00a0 parte de nuestro sello institucional que busca tambi\u00e9n en los j\u00f3venes una educaci\u00f3n integral, no solamente en el \u00e1rea acad\u00e9mica, sino que tambi\u00e9n en el \u00e1rea de los valores y estos son valores que es necesario rescatar e incentivar, para que nuestros futuros ciudadanos tengan una mayor conciencia, hoy d\u00eda es necesario que el mundo se desarrolle hacia un trabajo m\u00e1s colaborativo. Estoy muy contento porque veo que los j\u00f3venes est\u00e1n contentos, ya que ellos han tomado esta actividad con mucha seriedad. Agradecer todo el apoyo que hemos tenido de parte de INJUV que ha permitido desarrollar este proyecto y al centro de estudiantes que han liderado este proyecto en el liceo, y que tiene un muy lindo objetivo, hermosear nuestro patio exterior, as\u00ed que agradecer a INJUV por la oportunidad que tenemos de desarrollar este tipo de actividades y ojal\u00e1 sea esto el inicio de muchas m\u00e1s iniciativas que tengamos en conjunto, as\u00ed que muy agradecido, estaremos monitoreando las actividades para ver los resultados\u201d.<\/p>\n<p style=\"text-align: justify;\">Mart\u00edn Sanda\u00f1a, joven voluntario de INJUV indic\u00f3 que \u201ces una actividad muy entretenida, para ayudar a hermosear este lugar y hacemos cosas productivas, como voluntario hago un llamado a la juventud regional a que se motive y participe de estas iniciativas que son tremendamente provechosos para nuestra comunidad y entorno\u201d.<\/p>\n<\/div><\/section><\/div><div  style='height:50px' class='hr hr-invisible   avia-builder-el-6  el_after_av_one_full  el_before_av_social_share '><span class='hr-inner ' ><span class='hr-inner-style'><\/span><\/span><\/div><\/p>\n<div  class='av-social-sharing-box  avia-builder-el-7  el_after_av_hr  el_before_av_hr  '><div class='av-share-box'><h5 class='av-share-link-description av-no-toc '>Compartir esta noticia<\/h5><ul class='av-share-box-list noLightbox'><li class='av-share-link av-social-link-facebook' ><a target=\"_blank\" aria-label=\"Compartir en Facebook\" href='https:\/\/www.facebook.com\/sharer.php?u=https:\/\/radiorevelacionfm.cl\/?p=21195&#038;t=J%C3%B3venes%20le%20cambian%20la%20cara%20a%20su%20liceo%20gracias%20a%20un%20voluntariado%20organizado%20por%20INJUV' aria-hidden='false' data-av_icon='\ue8f3' data-av_iconfont='entypo-fontello' title='' data-avia-related-tooltip='Compartir en Facebook' rel=\"noopener\"><span class='avia_hidden_link_text'>Compartir en Facebook<\/span><\/a><\/li><li class='av-share-link av-social-link-twitter' ><a target=\"_blank\" aria-label=\"Compartir en Twitter\" href='https:\/\/twitter.com\/share?text=J%C3%B3venes%20le%20cambian%20la%20cara%20a%20su%20liceo%20gracias%20a%20un%20voluntariado%20organizado%20por%20INJUV&#038;url=https:\/\/radiorevelacionfm.cl\/?p=21195' aria-hidden='false' data-av_icon='\ue8f1' data-av_iconfont='entypo-fontello' title='' data-avia-related-tooltip='Compartir en Twitter' rel=\"noopener\"><span class='avia_hidden_link_text'>Compartir en Twitter<\/span><\/a><\/li><li class='av-share-link av-social-link-whatsapp' ><a target=\"_blank\" aria-label=\"Compartir en Whatsapp\" href='https:\/\/api.whatsapp.com\/send?text=https:\/\/radiorevelacionfm.cl\/?p=21195' aria-hidden='false' data-av_icon='\uf232' data-av_iconfont='entypo-fontello' title='' data-avia-related-tooltip='Compartir en Whatsapp' rel=\"noopener\"><span class='avia_hidden_link_text'>Compartir en Whatsapp<\/span><\/a><\/li><li class='av-share-link av-social-link-linkedin' ><a target=\"_blank\" aria-label=\"Compartir en LinkedIn\" href='https:\/\/linkedin.com\/shareArticle?mini=true&#038;title=J%C3%B3venes%20le%20cambian%20la%20cara%20a%20su%20liceo%20gracias%20a%20un%20voluntariado%20organizado%20por%20INJUV&#038;url=https:\/\/radiorevelacionfm.cl\/?p=21195' aria-hidden='false' data-av_icon='\ue8fc' data-av_iconfont='entypo-fontello' title='' data-avia-related-tooltip='Compartir en LinkedIn' rel=\"noopener\"><span class='avia_hidden_link_text'>Compartir en LinkedIn<\/span><\/a><\/li><li class='av-share-link av-social-link-mail' ><a  aria-label=\"Compartir por correo\" href='mailto:?subject=J%C3%B3venes%20le%20cambian%20la%20cara%20a%20su%20liceo%20gracias%20a%20un%20voluntariado%20organizado%20por%20INJUV&#038;body=https:\/\/radiorevelacionfm.cl\/?p=21195' aria-hidden='false' data-av_icon='\ue805' data-av_iconfont='entypo-fontello' title='' data-avia-related-tooltip='Compartir por correo'><span class='avia_hidden_link_text'>Compartir por correo<\/span><\/a><\/li><\/ul><\/div><\/div>\n<div  style='height:50px' class='hr hr-invisible   avia-builder-el-8  el_after_av_social_share  el_before_av_comments_list '><span class='hr-inner ' ><span class='hr-inner-style'><\/span><\/span><\/div>\n<div  class='av-buildercomment  av-blog-meta-html-info-disabled av-blog-meta-tag-disabled  '><\/div>\n","protected":false},"excerpt":{"rendered":"","protected":false},"author":1,"featured_media":21196,"comment_status":"open","ping_status":"open","sticky":false,"template":"","format":"standard","meta":{"footnotes":""},"categories":[38],"tags":[],"class_list":["post-21195","post","type-post","status-publish","format-standard","has-post-thumbnail","hentry","category-regional"],"jetpack_featured_media_url":"https:\/\/radiorevelacionfm.cl\/wp-content\/uploads\/2022\/08\/FOTO-4-1-1.jpg","_links":{"self":[{"href":"https:\/\/radiorevelacionfm.cl\/index.php?rest_route=\/wp\/v2\/posts\/21195","targetHints":{"allow":["GET"]}}],"collection":[{"href":"https:\/\/radiorevelacionfm.cl\/index.php?rest_route=\/wp\/v2\/posts"}],"about":[{"href":"https:\/\/radiorevelacionfm.cl\/index.php?rest_route=\/wp\/v2\/types\/post"}],"author":[{"embeddable":true,"href":"https:\/\/radiorevelacionfm.cl\/index.php?rest_route=\/wp\/v2\/users\/1"}],"replies":[{"embeddable":true,"href":"https:\/\/radiorevelacionfm.cl\/index.php?rest_route=%2Fwp%2Fv2%2Fcomments&post=21195"}],"version-history":[{"count":2,"href":"https:\/\/radiorevelacionfm.cl\/index.php?rest_route=\/wp\/v2\/posts\/21195\/revisions"}],"predecessor-version":[{"id":21198,"href":"https:\/\/radiorevelacionfm.cl\/index.php?rest_route=\/wp\/v2\/posts\/21195\/revisions\/21198"}],"wp:featuredmedia":[{"embeddable":true,"href":"https:\/\/radiorevelacionfm.cl\/index.php?rest_route=\/wp\/v2\/media\/21196"}],"wp:attachment":[{"href":"https:\/\/radiorevelacionfm.cl\/index.php?rest_route=%2Fwp%2Fv2%2Fmedia&parent=21195"}],"wp:term":[{"taxonomy":"category","embeddable":true,"href":"https:\/\/radiorevelacionfm.cl\/index.php?rest_route=%2Fwp%2Fv2%2Fcategories&post=21195"},{"taxonomy":"post_tag","embeddable":true,"href":"https:\/\/radiorevelacionfm.cl\/index.php?rest_route=%2Fwp%2Fv2%2Ftags&post=21195"}],"curies":[{"name":"wp","href":"https:\/\/api.w.org\/{rel}","templated":true}]}}