{"id":21192,"date":"2022-08-29T21:30:22","date_gmt":"2022-08-30T00:30:22","guid":{"rendered":"https:\/\/radiorevelacionfm.cl\/?p=21192"},"modified":"2022-08-29T21:30:22","modified_gmt":"2022-08-30T00:30:22","slug":"consultorio-victor-domingo-silva-promociona-estilos-de-vida-saludable-a-traves-de-la-actividad-fisica-y-toma-de-examenes-preventivos","status":"publish","type":"post","link":"https:\/\/radiorevelacionfm.cl\/?p=21192","title":{"rendered":"Consultorio V\u00edctor Domingo Silva promociona estilos de vida saludable a trav\u00e9s de la actividad f\u00edsica y toma de ex\u00e1menes preventivos"},"content":{"rendered":"<div class=\"flex_column av_one_full  flex_column_div av-zero-column-padding first  avia-builder-el-0  el_before_av_one_full  avia-builder-el-first  \" style='border-radius:0px; '><div  class='avia-image-container  av-styling-    avia-builder-el-1  avia-builder-el-no-sibling  avia-align-center '  itemprop=\"image\" itemscope=\"itemscope\" itemtype=\"https:\/\/schema.org\/ImageObject\"  ><div class='avia-image-container-inner'><div class='avia-image-overlay-wrap'><img decoding=\"async\" class='wp-image-21193 avia-img-lazy-loading-not-21193 avia_image' src=\"https:\/\/radiorevelacionfm.cl\/wp-content\/uploads\/2022\/08\/FERIA-VDS-9-1-1.jpeg\" alt='' title='FERIA VDS (9) (1) (1)' height=\"600\" width=\"800\"  itemprop=\"thumbnailUrl\" srcset=\"https:\/\/radiorevelacionfm.cl\/wp-content\/uploads\/2022\/08\/FERIA-VDS-9-1-1.jpeg 800w, https:\/\/radiorevelacionfm.cl\/wp-content\/uploads\/2022\/08\/FERIA-VDS-9-1-1-300x225.jpeg 300w, https:\/\/radiorevelacionfm.cl\/wp-content\/uploads\/2022\/08\/FERIA-VDS-9-1-1-768x576.jpeg 768w, https:\/\/radiorevelacionfm.cl\/wp-content\/uploads\/2022\/08\/FERIA-VDS-9-1-1-705x529.jpeg 705w, https:\/\/radiorevelacionfm.cl\/wp-content\/uploads\/2022\/08\/FERIA-VDS-9-1-1-600x450.jpeg 600w\" sizes=\"(max-width: 800px) 100vw, 800px\" \/><\/div><\/div><\/div><\/div><div class=\"flex_column av_one_full  flex_column_div av-zero-column-padding first  avia-builder-el-2  el_after_av_one_full  el_before_av_one_full  column-top-margin\" style='border-radius:0px; '><section class=\"av_textblock_section \"  itemscope=\"itemscope\" itemtype=\"https:\/\/schema.org\/BlogPosting\" itemprop=\"blogPost\" ><div class='avia_textblock  '   itemprop=\"text\" ><p style=\"text-align: center;\"><span style=\"font-size: 18pt;\"><b>Consultorio V\u00edctor Domingo Silva promociona estilos de vida saludable a trav\u00e9s de la actividad f\u00edsica y toma de ex\u00e1menes preventivos<\/b><\/span><\/p>\n<div id=\"gtx-trans\" style=\"position: absolute; left: -50px; top: 4.31534px;\">\n<div class=\"gtx-trans-icon\"><\/div>\n<\/div>\n<\/div><\/section><\/div><div class=\"flex_column av_one_full  flex_column_div av-zero-column-padding first  avia-builder-el-4  el_after_av_one_full  el_before_av_hr  column-top-margin\" style='border-radius:0px; '><section class=\"av_textblock_section \"  itemscope=\"itemscope\" itemtype=\"https:\/\/schema.org\/BlogPosting\" itemprop=\"blogPost\" ><div class='avia_textblock  '   itemprop=\"text\" ><p style=\"font-weight: 400; text-align: justify;\">Una jornada de movimiento, juegos, baile entretenido, zumba y ex\u00e1menes preventivos organiz\u00f3 el CESFAM V\u00edctor Domingo Silva de Coyhaique, en la multicancha ubicada a un costado del consultorio el s\u00e1bado pasado, aprovechando la gran afluencia de p\u00fablico a la Feria que se realiza semanalmente en ese sector. \u201cMuy entretenido para compartir con la familia, con los ni\u00f1os e hijos, as\u00ed que aprovechamos la experiencia y ojal\u00e1 se volviera a repetir todos los fines de semana, que haya lugares donde uno pueda hacer actividad f\u00edsica de forma gratuita y entretenida. Lo pas\u00e9 muy bien\u201d, enfatiz\u00f3 Fabiola, vecina del sector.<\/p>\n<p style=\"font-weight: 400; text-align: justify;\">Por su parte Gabriel Burgos, director del Servicio de Salud Ays\u00e9n (SSA), a\u00f1adi\u00f3 que \u201cson muchas actividades las que se est\u00e1n haciendo, para cuidar el coraz\u00f3n y lo que implica poder hacer actividad f\u00edsica, los controles preventivos, que son muy importantes para detectar a tiempo los problemas\u201d.<\/p>\n<p style=\"font-weight: 400; text-align: justify;\">Los ni\u00f1os y ni\u00f1as tuvieron su espacio dentro del baile entretenido, donde adem\u00e1s se sortearon premios y est\u00edmulos para los m\u00e1s peque\u00f1os, entre ellos Gerson. \u201cMe pareci\u00f3 muy bien, para hacer ejercicios y cosas as\u00ed\u201d, dijo el ni\u00f1o de 10 a\u00f1os.<\/p>\n<p style=\"font-weight: 400; text-align: justify;\">Cuidar el consumo de sal, az\u00facar, alcohol y hacer ejercicios de forma permanente son parte de las conductas que se deben integrar a las rutinas diarias y que permiten mejorar la salud del coraz\u00f3n y prevenir enfermedades cardiovasculares. \u201cUna gran instancia de promoci\u00f3n de la vida saludable, con nuestros funcionarios y con la comunidad completa. Estamos muy contentos, tuvimos una instancia de zumba, baile entretenido, gimnasia, as\u00ed que muy contentos de poder compartir esta actividad con la gente\u201d, precis\u00f3 la Dra. Sandra Paredes, directora del consultorio.<\/p>\n<p style=\"font-weight: 400; text-align: justify;\">Mabel Mu\u00f1oz, nutricionista del CESFAM V\u00edctor Domingo Silva y encargada de promoci\u00f3n de esa unidad, agreg\u00f3 que \u201cla actividad result\u00f3 muy bien, porque la comunidad particip\u00f3 para tener un coraz\u00f3n activo y saludable y es lo que promocionamos en el consultorio. Nos apoy\u00f3 la MIDESO y el programa Elige Vivir Sano\u201d, sentenci\u00f3.<\/p>\n<p style=\"font-weight: 400; text-align: justify;\">Cabe se\u00f1alar que durante todo el mes de agosto se realizaron actividades en todos los dispositivos de salud de la regi\u00f3n, con el fin de concientizar acerca de la importancia de cuidar el coraz\u00f3n, a trav\u00e9s de estilos de vida saludables.<\/p>\n<\/div><\/section><\/div><div  style='height:50px' class='hr hr-invisible   avia-builder-el-6  el_after_av_one_full  el_before_av_social_share '><span class='hr-inner ' ><span class='hr-inner-style'><\/span><\/span><\/div><\/p>\n<div  class='av-social-sharing-box  avia-builder-el-7  el_after_av_hr  el_before_av_hr  '><div class='av-share-box'><h5 class='av-share-link-description av-no-toc '>Compartir esta noticia<\/h5><ul class='av-share-box-list noLightbox'><li class='av-share-link av-social-link-facebook' ><a target=\"_blank\" aria-label=\"Compartir en Facebook\" href='https:\/\/www.facebook.com\/sharer.php?u=https:\/\/radiorevelacionfm.cl\/?p=21192&#038;t=Consultorio%20V%C3%ADctor%20Domingo%20Silva%20promociona%20estilos%20de%20vida%20saludable%20a%20trav%C3%A9s%20de%20la%20actividad%20f%C3%ADsica%20y%20toma%20de%20ex%C3%A1menes%20preventivos' aria-hidden='false' data-av_icon='\ue8f3' data-av_iconfont='entypo-fontello' title='' data-avia-related-tooltip='Compartir en Facebook' rel=\"noopener\"><span class='avia_hidden_link_text'>Compartir en Facebook<\/span><\/a><\/li><li class='av-share-link av-social-link-twitter' ><a target=\"_blank\" aria-label=\"Compartir en Twitter\" href='https:\/\/twitter.com\/share?text=Consultorio%20V%C3%ADctor%20Domingo%20Silva%20promociona%20estilos%20de%20vida%20saludable%20a%20trav%C3%A9s%20de%20la%20actividad%20f%C3%ADsica%20y%20toma%20de%20ex%C3%A1menes%20preventivos&#038;url=https:\/\/radiorevelacionfm.cl\/?p=21192' aria-hidden='false' data-av_icon='\ue8f1' data-av_iconfont='entypo-fontello' title='' data-avia-related-tooltip='Compartir en Twitter' rel=\"noopener\"><span class='avia_hidden_link_text'>Compartir en Twitter<\/span><\/a><\/li><li class='av-share-link av-social-link-whatsapp' ><a target=\"_blank\" aria-label=\"Compartir en Whatsapp\" href='https:\/\/api.whatsapp.com\/send?text=https:\/\/radiorevelacionfm.cl\/?p=21192' aria-hidden='false' data-av_icon='\uf232' data-av_iconfont='entypo-fontello' title='' data-avia-related-tooltip='Compartir en Whatsapp' rel=\"noopener\"><span class='avia_hidden_link_text'>Compartir en Whatsapp<\/span><\/a><\/li><li class='av-share-link av-social-link-linkedin' ><a target=\"_blank\" aria-label=\"Compartir en LinkedIn\" href='https:\/\/linkedin.com\/shareArticle?mini=true&#038;title=Consultorio%20V%C3%ADctor%20Domingo%20Silva%20promociona%20estilos%20de%20vida%20saludable%20a%20trav%C3%A9s%20de%20la%20actividad%20f%C3%ADsica%20y%20toma%20de%20ex%C3%A1menes%20preventivos&#038;url=https:\/\/radiorevelacionfm.cl\/?p=21192' aria-hidden='false' data-av_icon='\ue8fc' data-av_iconfont='entypo-fontello' title='' data-avia-related-tooltip='Compartir en LinkedIn' rel=\"noopener\"><span class='avia_hidden_link_text'>Compartir en LinkedIn<\/span><\/a><\/li><li class='av-share-link av-social-link-mail' ><a  aria-label=\"Compartir por correo\" href='mailto:?subject=Consultorio%20V%C3%ADctor%20Domingo%20Silva%20promociona%20estilos%20de%20vida%20saludable%20a%20trav%C3%A9s%20de%20la%20actividad%20f%C3%ADsica%20y%20toma%20de%20ex%C3%A1menes%20preventivos&#038;body=https:\/\/radiorevelacionfm.cl\/?p=21192' aria-hidden='false' data-av_icon='\ue805' data-av_iconfont='entypo-fontello' title='' data-avia-related-tooltip='Compartir por correo'><span class='avia_hidden_link_text'>Compartir por correo<\/span><\/a><\/li><\/ul><\/div><\/div>\n<div  style='height:50px' class='hr hr-invisible   avia-builder-el-8  el_after_av_social_share  el_before_av_comments_list '><span class='hr-inner ' ><span class='hr-inner-style'><\/span><\/span><\/div>\n<div  class='av-buildercomment  av-blog-meta-html-info-disabled av-blog-meta-tag-disabled  '><\/div>\n","protected":false},"excerpt":{"rendered":"","protected":false},"author":1,"featured_media":21193,"comment_status":"open","ping_status":"open","sticky":false,"template":"","format":"standard","meta":{"footnotes":""},"categories":[46],"tags":[],"class_list":["post-21192","post","type-post","status-publish","format-standard","has-post-thumbnail","hentry","category-salud"],"jetpack_featured_media_url":"https:\/\/radiorevelacionfm.cl\/wp-content\/uploads\/2022\/08\/FERIA-VDS-9-1-1.jpeg","_links":{"self":[{"href":"https:\/\/radiorevelacionfm.cl\/index.php?rest_route=\/wp\/v2\/posts\/21192","targetHints":{"allow":["GET"]}}],"collection":[{"href":"https:\/\/radiorevelacionfm.cl\/index.php?rest_route=\/wp\/v2\/posts"}],"about":[{"href":"https:\/\/radiorevelacionfm.cl\/index.php?rest_route=\/wp\/v2\/types\/post"}],"author":[{"embeddable":true,"href":"https:\/\/radiorevelacionfm.cl\/index.php?rest_route=\/wp\/v2\/users\/1"}],"replies":[{"embeddable":true,"href":"https:\/\/radiorevelacionfm.cl\/index.php?rest_route=%2Fwp%2Fv2%2Fcomments&post=21192"}],"version-history":[{"count":2,"href":"https:\/\/radiorevelacionfm.cl\/index.php?rest_route=\/wp\/v2\/posts\/21192\/revisions"}],"predecessor-version":[{"id":21207,"href":"https:\/\/radiorevelacionfm.cl\/index.php?rest_route=\/wp\/v2\/posts\/21192\/revisions\/21207"}],"wp:featuredmedia":[{"embeddable":true,"href":"https:\/\/radiorevelacionfm.cl\/index.php?rest_route=\/wp\/v2\/media\/21193"}],"wp:attachment":[{"href":"https:\/\/radiorevelacionfm.cl\/index.php?rest_route=%2Fwp%2Fv2%2Fmedia&parent=21192"}],"wp:term":[{"taxonomy":"category","embeddable":true,"href":"https:\/\/radiorevelacionfm.cl\/index.php?rest_route=%2Fwp%2Fv2%2Fcategories&post=21192"},{"taxonomy":"post_tag","embeddable":true,"href":"https:\/\/radiorevelacionfm.cl\/index.php?rest_route=%2Fwp%2Fv2%2Ftags&post=21192"}],"curies":[{"name":"wp","href":"https:\/\/api.w.org\/{rel}","templated":true}]}}