{"id":21189,"date":"2022-08-30T10:35:58","date_gmt":"2022-08-30T13:35:58","guid":{"rendered":"https:\/\/radiorevelacionfm.cl\/?p=21189"},"modified":"2022-08-30T10:35:58","modified_gmt":"2022-08-30T13:35:58","slug":"colegios-de-coyhaique-e-instituciones-participaron-en-la-primera-feria-de-admision-escolar-y-educacion-parvularia","status":"publish","type":"post","link":"https:\/\/radiorevelacionfm.cl\/?p=21189","title":{"rendered":"Colegios de Coyhaique e Instituciones participaron en la primera Feria de Admisi\u00f3n Escolar y Educaci\u00f3n Parvularia"},"content":{"rendered":"<div class=\"flex_column av_one_full  flex_column_div av-zero-column-padding first  avia-builder-el-0  el_before_av_one_full  avia-builder-el-first  \" style='border-radius:0px; '><div  class='avia-image-container  av-styling-    avia-builder-el-1  avia-builder-el-no-sibling  avia-align-center '  itemprop=\"image\" itemscope=\"itemscope\" itemtype=\"https:\/\/schema.org\/ImageObject\"  ><div class='avia-image-container-inner'><div class='avia-image-overlay-wrap'><img decoding=\"async\" class='wp-image-21190 avia-img-lazy-loading-not-21190 avia_image' src=\"https:\/\/radiorevelacionfm.cl\/wp-content\/uploads\/2022\/08\/1era-feria-saeep_05-1-1_optimized.jpg\" alt='' title='1era-feria-sae&amp;ep_05-(1)-(1)_optimized' height=\"600\" width=\"800\"  itemprop=\"thumbnailUrl\" srcset=\"https:\/\/radiorevelacionfm.cl\/wp-content\/uploads\/2022\/08\/1era-feria-saeep_05-1-1_optimized.jpg 800w, https:\/\/radiorevelacionfm.cl\/wp-content\/uploads\/2022\/08\/1era-feria-saeep_05-1-1_optimized-300x225.jpg 300w, https:\/\/radiorevelacionfm.cl\/wp-content\/uploads\/2022\/08\/1era-feria-saeep_05-1-1_optimized-768x576.jpg 768w, https:\/\/radiorevelacionfm.cl\/wp-content\/uploads\/2022\/08\/1era-feria-saeep_05-1-1_optimized-705x529.jpg 705w, https:\/\/radiorevelacionfm.cl\/wp-content\/uploads\/2022\/08\/1era-feria-saeep_05-1-1_optimized-600x450.jpg 600w\" sizes=\"(max-width: 800px) 100vw, 800px\" \/><\/div><\/div><\/div><\/div><div class=\"flex_column av_one_full  flex_column_div av-zero-column-padding first  avia-builder-el-2  el_after_av_one_full  el_before_av_one_full  column-top-margin\" style='border-radius:0px; '><section class=\"av_textblock_section \"  itemscope=\"itemscope\" itemtype=\"https:\/\/schema.org\/BlogPosting\" itemprop=\"blogPost\" ><div class='avia_textblock  '   itemprop=\"text\" ><p style=\"text-align: center;\"><strong><span style=\"font-size: 18pt;\">Colegios de Coyhaique e Instituciones participaron en la primera Feria de Admisi\u00f3n Escolar y Educaci\u00f3n Parvularia<\/span><\/strong><\/p>\n<div id=\"gtx-trans\" style=\"position: absolute; left: -50px; top: 4.31534px;\">\n<div class=\"gtx-trans-icon\"><\/div>\n<\/div>\n<\/div><\/section><\/div><div class=\"flex_column av_one_full  flex_column_div av-zero-column-padding first  avia-builder-el-4  el_after_av_one_full  el_before_av_hr  column-top-margin\" style='border-radius:0px; '><section class=\"av_textblock_section \"  itemscope=\"itemscope\" itemtype=\"https:\/\/schema.org\/BlogPosting\" itemprop=\"blogPost\" ><div class='avia_textblock  '   itemprop=\"text\" ><p class=\"v1MsoNormal\" style=\"text-align: justify;\">A una semana del cierre del periodo principal de postulaci\u00f3n al Sistema de Admisi\u00f3n Escolar 2023 la Mesa T\u00e9cnica de Educaci\u00f3n Parvularia y la Unidad de Inclusi\u00f3n y Admisi\u00f3n Escolar del Mineduc Ays\u00e9n realiz\u00f3 la Primera feria de Admisi\u00f3n Escolar y Educaci\u00f3n Parvularia en Coyhaique.<\/p>\n<p class=\"v1MsoNormal\" style=\"text-align: justify;\">La actividad tuvo lugar el s\u00e1bado 27 en el gimnasio del Liceo San Felipe Benicio<b>\u00a0<\/b>y su objetivo fue mostrar la oferta de los establecimientos educacionales con niveles de transici\u00f3n, escuelas y colegios en Coyhaique.<\/p>\n<p class=\"v1MsoNormal\" style=\"text-align: justify;\">Participaron con stands el Colegio Alborada, Colegio Diego Portales, Colegio Antoine de Saint-Exup\u00e9ry, Escuela Baquedano, Escuela Francisco Xavier Buti\u00f1a, Escuela V\u00edctor Domingo Silva, Escuela Nieves del Sur, Colegio Altamira Colegio Campo de Hielo, Colegio el Camino y Escuela San Jos\u00e9 Obrero.<\/p>\n<p class=\"v1MsoNormal\" style=\"text-align: justify;\">A ellos se sumaron Junji y Fundaci\u00f3n Integra y tambi\u00e9n participaron la Delegaci\u00f3n Presidencial Regional de Ays\u00e9n, la Serem\u00eda de Desarrollo Social y Familia, Subsecretar\u00eda de Ni\u00f1ez y la Unidad de Inclusi\u00f3n y Admisi\u00f3n Escolar de la SECREDUC que estuvo presente con un stand de apoyo para consultas y la realizaci\u00f3n de postulaciones en l\u00ednea para las familias que as\u00ed lo requirieron.<\/p>\n<p class=\"v1MsoNormal\" style=\"text-align: justify;\">La muestra cont\u00f3 con la presencia del Delegado Presidencial Rodrigo Araya<span lang=\"ES\">\u00a0q<\/span><span lang=\"ES\">uien salud\u00f3 a los asistentes record\u00f3 la importancia de la educaci\u00f3n en la primera infancia.<\/span><\/p>\n<p class=\"v1MsoNormal\" style=\"text-align: justify;\"><span lang=\"ES\">\u201cPara el Gobierno del Presidente Gabriel Boric, la infancia tiene una importancia fundamental y la educaci\u00f3n parvularia cumple un rol clave e insustituible. Estamos muy contentos de participar ac\u00e1. Vemos la alegr\u00eda que tienen y muestran ustedes en cada uno de los stands y esperamos que muchas familias se sumen a esta iniciativa y postulen a sus hijas e hijos a los planteles que le dar\u00e1n la continuidad en el sistema escolar\u201d.<\/span><\/p>\n<p class=\"v1MsoNormal\" style=\"text-align: justify;\"><span lang=\"ES\">Por su parte, el Jefe del Departamento Provincial de Educaci\u00f3n Coyhaique Yoal D\u00edaz Reyes, se\u00f1al\u00f3 que \u201cPara el Ministerio de Educaci\u00f3n es muy importante que el Sistema de Admisi\u00f3n Escolar SAE se consolide como el camino por el que las familias puedan conocer los distintos proyectos educativos que tenemos en la comuna y en la regi\u00f3n y que son todos interesantes e innovadores. Adem\u00e1s queremos potenciar la Educaci\u00f3n Parvularia como parte inicial de la trayectoria educativa y por ello hemos presentado la Ruta de la Educaci\u00f3n Parvularia y tenemos el desaf\u00edo de reencantar a las familias para que vuelvan a llevar a sus hijos al k\u00ednder y prek\u00ednder. Recordamos que quedan pocos d\u00edas para postular a sus hijos a los colegios que est\u00e1n ac\u00e1 o a otros a trav\u00e9s de la plataforma www.sistemadeadmisionescolar.cl y por ello los invitamos a informarse y realizar una buena postulaci\u00f3n\u201d.<\/span><\/p>\n<p class=\"v1MsoNormal\" style=\"text-align: justify;\"><span lang=\"ES\">En tanto, el Director Regional Interino de Fundaci\u00f3n Integra Felipe \u00c1guila destac\u00f3 la importancia que tiene el nivel parvulario para el desarrollo cognitivo de las ni\u00f1as y ni\u00f1os, lo que est\u00e1 avalado por la evidencia cient\u00edfica.<\/span><\/p>\n<p class=\"v1MsoNormal\" style=\"text-align: justify;\"><span lang=\"ES\">Los ni\u00f1os y adultos presentes disfrutaron de la presentaci\u00f3n del Circoayke que incluy\u00f3 malabarismo y magia.<\/span><\/p>\n<p class=\"v1MsoNormal\" style=\"text-align: justify;\">La postulaci\u00f3n a la admisi\u00f3n escolar 2023 se realiza exclusivamente a trav\u00e9s de la p\u00e1gina web\u00a0<span lang=\"ES\"><a href=\"https:\/\/nam02.safelinks.protection.outlook.com\/?url=http%3A%2F%2Fwww.sistemadeadmisionescolar.cl%2F&amp;data=05%7C01%7Ccamilo.gomez%40mineduc.cl%7C3afbe58552ee43cc551b08da870aa9dd%7C2e4cfe500580414093874ecde39def60%7C0%7C0%7C637970778028807773%7CUnknown%7CTWFpbGZsb3d8eyJWIjoiMC4wLjAwMDAiLCJQIjoiV2luMzIiLCJBTiI6Ik1haWwiLCJXVCI6Mn0%3D%7C2000%7C%7C%7C&amp;sdata=cxAC6NgleHhhYl2FTnG0EoWaU3oQKhOlt4SK3opjAnA%3D&amp;reserved=0\" target=\"_blank\" rel=\"noopener noreferrer\"><span lang=\"ES-CL\">www.sistemadeadmisionescolar.cl<\/span><\/a><\/span>\u00a0y el plazo para realizar este importante tr\u00e1mite vence el 7 de septiembre del presente a\u00f1o.<\/p>\n<\/div><\/section><\/div><div  style='height:50px' class='hr hr-invisible   avia-builder-el-6  el_after_av_one_full  el_before_av_social_share '><span class='hr-inner ' ><span class='hr-inner-style'><\/span><\/span><\/div><\/p>\n<div  class='av-social-sharing-box  avia-builder-el-7  el_after_av_hr  el_before_av_hr  '><div class='av-share-box'><h5 class='av-share-link-description av-no-toc '>Compartir esta noticia<\/h5><ul class='av-share-box-list noLightbox'><li class='av-share-link av-social-link-facebook' ><a target=\"_blank\" aria-label=\"Compartir en Facebook\" href='https:\/\/www.facebook.com\/sharer.php?u=https:\/\/radiorevelacionfm.cl\/?p=21189&#038;t=Colegios%20de%20Coyhaique%20e%20Instituciones%20participaron%20en%20la%20primera%20Feria%20de%20Admisi%C3%B3n%20Escolar%20y%20Educaci%C3%B3n%20Parvularia' aria-hidden='false' data-av_icon='\ue8f3' data-av_iconfont='entypo-fontello' title='' data-avia-related-tooltip='Compartir en Facebook' rel=\"noopener\"><span class='avia_hidden_link_text'>Compartir en Facebook<\/span><\/a><\/li><li class='av-share-link av-social-link-twitter' ><a target=\"_blank\" aria-label=\"Compartir en Twitter\" href='https:\/\/twitter.com\/share?text=Colegios%20de%20Coyhaique%20e%20Instituciones%20participaron%20en%20la%20primera%20Feria%20de%20Admisi%C3%B3n%20Escolar%20y%20Educaci%C3%B3n%20Parvularia&#038;url=https:\/\/radiorevelacionfm.cl\/?p=21189' aria-hidden='false' data-av_icon='\ue8f1' data-av_iconfont='entypo-fontello' title='' data-avia-related-tooltip='Compartir en Twitter' rel=\"noopener\"><span class='avia_hidden_link_text'>Compartir en Twitter<\/span><\/a><\/li><li class='av-share-link av-social-link-whatsapp' ><a target=\"_blank\" aria-label=\"Compartir en Whatsapp\" href='https:\/\/api.whatsapp.com\/send?text=https:\/\/radiorevelacionfm.cl\/?p=21189' aria-hidden='false' data-av_icon='\uf232' data-av_iconfont='entypo-fontello' title='' data-avia-related-tooltip='Compartir en Whatsapp' rel=\"noopener\"><span class='avia_hidden_link_text'>Compartir en Whatsapp<\/span><\/a><\/li><li class='av-share-link av-social-link-linkedin' ><a target=\"_blank\" aria-label=\"Compartir en LinkedIn\" href='https:\/\/linkedin.com\/shareArticle?mini=true&#038;title=Colegios%20de%20Coyhaique%20e%20Instituciones%20participaron%20en%20la%20primera%20Feria%20de%20Admisi%C3%B3n%20Escolar%20y%20Educaci%C3%B3n%20Parvularia&#038;url=https:\/\/radiorevelacionfm.cl\/?p=21189' aria-hidden='false' data-av_icon='\ue8fc' data-av_iconfont='entypo-fontello' title='' data-avia-related-tooltip='Compartir en LinkedIn' rel=\"noopener\"><span class='avia_hidden_link_text'>Compartir en LinkedIn<\/span><\/a><\/li><li class='av-share-link av-social-link-mail' ><a  aria-label=\"Compartir por correo\" href='mailto:?subject=Colegios%20de%20Coyhaique%20e%20Instituciones%20participaron%20en%20la%20primera%20Feria%20de%20Admisi%C3%B3n%20Escolar%20y%20Educaci%C3%B3n%20Parvularia&#038;body=https:\/\/radiorevelacionfm.cl\/?p=21189' aria-hidden='false' data-av_icon='\ue805' data-av_iconfont='entypo-fontello' title='' data-avia-related-tooltip='Compartir por correo'><span class='avia_hidden_link_text'>Compartir por correo<\/span><\/a><\/li><\/ul><\/div><\/div>\n<div  style='height:50px' class='hr hr-invisible   avia-builder-el-8  el_after_av_social_share  el_before_av_comments_list '><span class='hr-inner ' ><span class='hr-inner-style'><\/span><\/span><\/div>\n<div  class='av-buildercomment  av-blog-meta-html-info-disabled av-blog-meta-tag-disabled  '><\/div>\n","protected":false},"excerpt":{"rendered":"","protected":false},"author":1,"featured_media":21190,"comment_status":"open","ping_status":"open","sticky":false,"template":"","format":"standard","meta":{"footnotes":""},"categories":[49],"tags":[],"class_list":["post-21189","post","type-post","status-publish","format-standard","has-post-thumbnail","hentry","category-educacion"],"jetpack_featured_media_url":"https:\/\/radiorevelacionfm.cl\/wp-content\/uploads\/2022\/08\/1era-feria-saeep_05-1-1_optimized.jpg","_links":{"self":[{"href":"https:\/\/radiorevelacionfm.cl\/index.php?rest_route=\/wp\/v2\/posts\/21189","targetHints":{"allow":["GET"]}}],"collection":[{"href":"https:\/\/radiorevelacionfm.cl\/index.php?rest_route=\/wp\/v2\/posts"}],"about":[{"href":"https:\/\/radiorevelacionfm.cl\/index.php?rest_route=\/wp\/v2\/types\/post"}],"author":[{"embeddable":true,"href":"https:\/\/radiorevelacionfm.cl\/index.php?rest_route=\/wp\/v2\/users\/1"}],"replies":[{"embeddable":true,"href":"https:\/\/radiorevelacionfm.cl\/index.php?rest_route=%2Fwp%2Fv2%2Fcomments&post=21189"}],"version-history":[{"count":2,"href":"https:\/\/radiorevelacionfm.cl\/index.php?rest_route=\/wp\/v2\/posts\/21189\/revisions"}],"predecessor-version":[{"id":21210,"href":"https:\/\/radiorevelacionfm.cl\/index.php?rest_route=\/wp\/v2\/posts\/21189\/revisions\/21210"}],"wp:featuredmedia":[{"embeddable":true,"href":"https:\/\/radiorevelacionfm.cl\/index.php?rest_route=\/wp\/v2\/media\/21190"}],"wp:attachment":[{"href":"https:\/\/radiorevelacionfm.cl\/index.php?rest_route=%2Fwp%2Fv2%2Fmedia&parent=21189"}],"wp:term":[{"taxonomy":"category","embeddable":true,"href":"https:\/\/radiorevelacionfm.cl\/index.php?rest_route=%2Fwp%2Fv2%2Fcategories&post=21189"},{"taxonomy":"post_tag","embeddable":true,"href":"https:\/\/radiorevelacionfm.cl\/index.php?rest_route=%2Fwp%2Fv2%2Ftags&post=21189"}],"curies":[{"name":"wp","href":"https:\/\/api.w.org\/{rel}","templated":true}]}}