{"id":21185,"date":"2022-08-29T18:13:27","date_gmt":"2022-08-29T21:13:27","guid":{"rendered":"https:\/\/radiorevelacionfm.cl\/?p=21185"},"modified":"2022-08-29T18:13:27","modified_gmt":"2022-08-29T21:13:27","slug":"con-bus-a-bordo-de-nave-chelenco-y-nuevo-contrato-de-conectividad-aerea-se-refuerza-plan-de-conectividad-a-chile-chico","status":"publish","type":"post","link":"https:\/\/radiorevelacionfm.cl\/?p=21185","title":{"rendered":"Con bus a bordo de nave Chelenco y nuevo contrato de conectividad a\u00e9rea, se refuerza Plan de Conectividad a Chile Chico"},"content":{"rendered":"<div class=\"flex_column av_one_full  flex_column_div av-zero-column-padding first  avia-builder-el-0  el_before_av_one_full  avia-builder-el-first  \" style='border-radius:0px; '><div  class='avia-image-container  av-styling-    avia-builder-el-1  avia-builder-el-no-sibling  avia-align-center '  itemprop=\"image\" itemscope=\"itemscope\" itemtype=\"https:\/\/schema.org\/ImageObject\"  ><div class='avia-image-container-inner'><div class='avia-image-overlay-wrap'><img decoding=\"async\" class='wp-image-21186 avia-img-lazy-loading-not-21186 avia_image' src=\"https:\/\/radiorevelacionfm.cl\/wp-content\/uploads\/2022\/08\/IMG-20220829-WA00281-1-1.jpg\" alt='' title='IMG-20220829-WA0028(1) (1) (1)' height=\"600\" width=\"862\"  itemprop=\"thumbnailUrl\" srcset=\"https:\/\/radiorevelacionfm.cl\/wp-content\/uploads\/2022\/08\/IMG-20220829-WA00281-1-1.jpg 862w, https:\/\/radiorevelacionfm.cl\/wp-content\/uploads\/2022\/08\/IMG-20220829-WA00281-1-1-300x209.jpg 300w, https:\/\/radiorevelacionfm.cl\/wp-content\/uploads\/2022\/08\/IMG-20220829-WA00281-1-1-768x535.jpg 768w, https:\/\/radiorevelacionfm.cl\/wp-content\/uploads\/2022\/08\/IMG-20220829-WA00281-1-1-705x491.jpg 705w, https:\/\/radiorevelacionfm.cl\/wp-content\/uploads\/2022\/08\/IMG-20220829-WA00281-1-1-600x418.jpg 600w\" sizes=\"(max-width: 862px) 100vw, 862px\" \/><\/div><\/div><\/div><\/div><div class=\"flex_column av_one_full  flex_column_div av-zero-column-padding first  avia-builder-el-2  el_after_av_one_full  el_before_av_one_full  column-top-margin\" style='border-radius:0px; '><section class=\"av_textblock_section \"  itemscope=\"itemscope\" itemtype=\"https:\/\/schema.org\/BlogPosting\" itemprop=\"blogPost\" ><div class='avia_textblock  '   itemprop=\"text\" ><p style=\"text-align: center;\"><span style=\"font-size: 18pt;\"><b>Con bus a bordo de nave Chelenco y nuevo contrato de conectividad a\u00e9rea, se refuerza Plan de Conectividad a Chile Chico<\/b><\/span><\/p>\n<div id=\"gtx-trans\" style=\"position: absolute; left: -50px; top: 4.31534px;\">\n<div class=\"gtx-trans-icon\"><\/div>\n<\/div>\n<\/div><\/section><\/div><div class=\"flex_column av_one_full  flex_column_div av-zero-column-padding first  avia-builder-el-4  el_after_av_one_full  el_before_av_hr  column-top-margin\" style='border-radius:0px; '><section class=\"av_textblock_section \"  itemscope=\"itemscope\" itemtype=\"https:\/\/schema.org\/BlogPosting\" itemprop=\"blogPost\" ><div class='avia_textblock  '   itemprop=\"text\" ><p style=\"text-align: justify;\">Con un bus a bordo de la barcaza Cleneco se ampliar\u00e1 al doble capacidad de transporte de pasajeros. Tambi\u00e9n inicia nuevo contrato de servicio a\u00e9reo a manos de la empresa Transporte San Rafael.<\/p>\n<p style=\"font-weight: 400; text-align: justify;\">Este mi\u00e9rcoles 31 de agosto, se dar\u00e1 partida a la medida que permitir\u00e1 aumentar al doble la capacidad de pasajeros en la nave Chelenco, mediante el traslado de un bus a bordo que podr\u00e1 sumar a 30 personas al transporte lacustre. Cabe se\u00f1alar, que \u00e9sta barcaza puede trasladar hasta 25 usuarios en sus instalaciones.\u00a0 Adem\u00e1s con este bus a bordo, se permitir\u00e1 un acceso m\u00e1s c\u00f3modo y seguro para personas mayores o con movilidad reducida.<\/p>\n<p style=\"font-weight: 400; text-align: justify;\"><strong>Nuevo contrato a\u00e9reo<\/strong><\/p>\n<p style=\"font-weight: 400; text-align: justify;\">Transporte A\u00e9reo San Rafael ser\u00e1 la nueva aerol\u00ednea encargada de dar operaci\u00f3n a la conectividad a\u00e9rea hacia Chile Chico, la que cumplir\u00e1 con las exigencias del contrato anterior, realizando 10 frecuencias a la semana con una tarifa de 7 mil pesos.<\/p>\n<p style=\"font-weight: 400; text-align: justify;\">El elemento nuevo que se agrega a este contrato, es la implementaci\u00f3n de oficinas de venta de pasajes. En Chile Chico, se realizar\u00e1 en la oficina N\u00b01 del Terminal de Buses y en Coyhaique en calle 18 de septiembre 469. A trav\u00e9s de la venta directa cual se pretende mejorar la calidad de la atenci\u00f3n a los usuarios. La empresa debutar\u00e1 en la ruta a partir de este 30 de agosto.<\/p>\n<p style=\"font-weight: 400; text-align: justify;\">La seremiTT Claudia Cantero se\u00f1al\u00f3 que horarios, d\u00edas de frecuencia y contactos telef\u00f3nicos estar\u00e1n publicadas en las redes sociales de la SeremiTT Regi\u00f3n de Ays\u00e9n. \u201cDe esta forma avanzamos en los compromisos adquiridos con la comunidad de Chile Chico. En forma adicional estamos trabajando fuertemente en dar soluci\u00f3n a los viajes de conectividad interna hacia El Avellano y tambi\u00e9n aumentar la cantidad de viajes que realiza la barcaza Chelenco. Esperamos tener buenas noticias durante la semana\u201d, adelant\u00f3 Cantero.<\/p>\n<\/div><\/section><\/div><div  style='height:50px' class='hr hr-invisible   avia-builder-el-6  el_after_av_one_full  el_before_av_social_share '><span class='hr-inner ' ><span class='hr-inner-style'><\/span><\/span><\/div><\/p>\n<div  class='av-social-sharing-box  avia-builder-el-7  el_after_av_hr  el_before_av_hr  '><div class='av-share-box'><h5 class='av-share-link-description av-no-toc '>Compartir esta noticia<\/h5><ul class='av-share-box-list noLightbox'><li class='av-share-link av-social-link-facebook' ><a target=\"_blank\" aria-label=\"Compartir en Facebook\" href='https:\/\/www.facebook.com\/sharer.php?u=https:\/\/radiorevelacionfm.cl\/?p=21185&#038;t=Con%20bus%20a%20bordo%20de%20nave%20Chelenco%20y%20nuevo%20contrato%20de%20conectividad%20a%C3%A9rea%2C%20se%20refuerza%20Plan%20de%20Conectividad%20a%20Chile%20Chico' aria-hidden='false' data-av_icon='\ue8f3' data-av_iconfont='entypo-fontello' title='' data-avia-related-tooltip='Compartir en Facebook' rel=\"noopener\"><span class='avia_hidden_link_text'>Compartir en Facebook<\/span><\/a><\/li><li class='av-share-link av-social-link-twitter' ><a target=\"_blank\" aria-label=\"Compartir en Twitter\" href='https:\/\/twitter.com\/share?text=Con%20bus%20a%20bordo%20de%20nave%20Chelenco%20y%20nuevo%20contrato%20de%20conectividad%20a%C3%A9rea%2C%20se%20refuerza%20Plan%20de%20Conectividad%20a%20Chile%20Chico&#038;url=https:\/\/radiorevelacionfm.cl\/?p=21185' aria-hidden='false' data-av_icon='\ue8f1' data-av_iconfont='entypo-fontello' title='' data-avia-related-tooltip='Compartir en Twitter' rel=\"noopener\"><span class='avia_hidden_link_text'>Compartir en Twitter<\/span><\/a><\/li><li class='av-share-link av-social-link-whatsapp' ><a target=\"_blank\" aria-label=\"Compartir en Whatsapp\" href='https:\/\/api.whatsapp.com\/send?text=https:\/\/radiorevelacionfm.cl\/?p=21185' aria-hidden='false' data-av_icon='\uf232' data-av_iconfont='entypo-fontello' title='' data-avia-related-tooltip='Compartir en Whatsapp' rel=\"noopener\"><span class='avia_hidden_link_text'>Compartir en Whatsapp<\/span><\/a><\/li><li class='av-share-link av-social-link-linkedin' ><a target=\"_blank\" aria-label=\"Compartir en LinkedIn\" href='https:\/\/linkedin.com\/shareArticle?mini=true&#038;title=Con%20bus%20a%20bordo%20de%20nave%20Chelenco%20y%20nuevo%20contrato%20de%20conectividad%20a%C3%A9rea%2C%20se%20refuerza%20Plan%20de%20Conectividad%20a%20Chile%20Chico&#038;url=https:\/\/radiorevelacionfm.cl\/?p=21185' aria-hidden='false' data-av_icon='\ue8fc' data-av_iconfont='entypo-fontello' title='' data-avia-related-tooltip='Compartir en LinkedIn' rel=\"noopener\"><span class='avia_hidden_link_text'>Compartir en LinkedIn<\/span><\/a><\/li><li class='av-share-link av-social-link-mail' ><a  aria-label=\"Compartir por correo\" href='mailto:?subject=Con%20bus%20a%20bordo%20de%20nave%20Chelenco%20y%20nuevo%20contrato%20de%20conectividad%20a%C3%A9rea%2C%20se%20refuerza%20Plan%20de%20Conectividad%20a%20Chile%20Chico&#038;body=https:\/\/radiorevelacionfm.cl\/?p=21185' aria-hidden='false' data-av_icon='\ue805' data-av_iconfont='entypo-fontello' title='' data-avia-related-tooltip='Compartir por correo'><span class='avia_hidden_link_text'>Compartir por correo<\/span><\/a><\/li><\/ul><\/div><\/div>\n<div  style='height:50px' class='hr hr-invisible   avia-builder-el-8  el_after_av_social_share  el_before_av_comments_list '><span class='hr-inner ' ><span class='hr-inner-style'><\/span><\/span><\/div>\n<div  class='av-buildercomment  av-blog-meta-html-info-disabled av-blog-meta-tag-disabled  '><\/div>\n","protected":false},"excerpt":{"rendered":"","protected":false},"author":1,"featured_media":21186,"comment_status":"open","ping_status":"open","sticky":false,"template":"","format":"standard","meta":{"footnotes":""},"categories":[59],"tags":[],"class_list":["post-21185","post","type-post","status-publish","format-standard","has-post-thumbnail","hentry","category-transporte"],"jetpack_featured_media_url":"https:\/\/radiorevelacionfm.cl\/wp-content\/uploads\/2022\/08\/IMG-20220829-WA00281-1-1.jpg","_links":{"self":[{"href":"https:\/\/radiorevelacionfm.cl\/index.php?rest_route=\/wp\/v2\/posts\/21185","targetHints":{"allow":["GET"]}}],"collection":[{"href":"https:\/\/radiorevelacionfm.cl\/index.php?rest_route=\/wp\/v2\/posts"}],"about":[{"href":"https:\/\/radiorevelacionfm.cl\/index.php?rest_route=\/wp\/v2\/types\/post"}],"author":[{"embeddable":true,"href":"https:\/\/radiorevelacionfm.cl\/index.php?rest_route=\/wp\/v2\/users\/1"}],"replies":[{"embeddable":true,"href":"https:\/\/radiorevelacionfm.cl\/index.php?rest_route=%2Fwp%2Fv2%2Fcomments&post=21185"}],"version-history":[{"count":2,"href":"https:\/\/radiorevelacionfm.cl\/index.php?rest_route=\/wp\/v2\/posts\/21185\/revisions"}],"predecessor-version":[{"id":21188,"href":"https:\/\/radiorevelacionfm.cl\/index.php?rest_route=\/wp\/v2\/posts\/21185\/revisions\/21188"}],"wp:featuredmedia":[{"embeddable":true,"href":"https:\/\/radiorevelacionfm.cl\/index.php?rest_route=\/wp\/v2\/media\/21186"}],"wp:attachment":[{"href":"https:\/\/radiorevelacionfm.cl\/index.php?rest_route=%2Fwp%2Fv2%2Fmedia&parent=21185"}],"wp:term":[{"taxonomy":"category","embeddable":true,"href":"https:\/\/radiorevelacionfm.cl\/index.php?rest_route=%2Fwp%2Fv2%2Fcategories&post=21185"},{"taxonomy":"post_tag","embeddable":true,"href":"https:\/\/radiorevelacionfm.cl\/index.php?rest_route=%2Fwp%2Fv2%2Ftags&post=21185"}],"curies":[{"name":"wp","href":"https:\/\/api.w.org\/{rel}","templated":true}]}}