{"id":2118,"date":"2021-01-26T17:10:09","date_gmt":"2021-01-26T20:10:09","guid":{"rendered":"https:\/\/radiorevelacionfm.cl\/?p=2118"},"modified":"2021-01-26T17:10:09","modified_gmt":"2021-01-26T20:10:09","slug":"pacientes-de-la-unidad-de-dialisis-participan-en-reunion-con-profesionales-de-hospital-puerto-aysen","status":"publish","type":"post","link":"https:\/\/radiorevelacionfm.cl\/?p=2118","title":{"rendered":"Pacientes de la Unidad de Di\u00e1lisis participan en reuni\u00f3n con profesionales de Hospital Puerto Ays\u00e9n"},"content":{"rendered":"<div class=\"flex_column av_one_full  flex_column_div av-zero-column-padding first  avia-builder-el-0  el_before_av_one_full  avia-builder-el-first  \" style='border-radius:0px; '><div  class='avia-image-container  av-styling-    avia-builder-el-1  avia-builder-el-no-sibling  avia-align-center '  itemprop=\"image\" itemscope=\"itemscope\" itemtype=\"https:\/\/schema.org\/ImageObject\"  ><div class='avia-image-container-inner'><div class='avia-image-overlay-wrap'><img decoding=\"async\" class='wp-image-0 avia-img-lazy-loading-not-0 avia_image' src=\"https:\/\/radiorevelacionfm.cl\/wp-content\/uploads\/2021\/01\/Hospital-Puerto-Aysen-1.jpg\" alt='' title=''   itemprop=\"thumbnailUrl\"  \/><\/div><\/div><\/div><\/div><div class=\"flex_column av_one_full  flex_column_div av-zero-column-padding first  avia-builder-el-2  el_after_av_one_full  el_before_av_one_full  column-top-margin\" style='border-radius:0px; '><section class=\"av_textblock_section \"  itemscope=\"itemscope\" itemtype=\"https:\/\/schema.org\/BlogPosting\" itemprop=\"blogPost\" ><div class='avia_textblock  '   itemprop=\"text\" ><p style=\"text-align: center;\"><span style=\"font-size: 18pt;\"><strong>Pacientes de la Unidad de Di\u00e1lisis participan en reuni\u00f3n con profesionales de Hospital Puerto Ays\u00e9n<\/strong><\/span><\/p>\n<div id=\"gtx-trans\" style=\"position: absolute; left: -50px; top: 4.31534px;\">\n<div class=\"gtx-trans-icon\"><\/div>\n<\/div>\n<\/div><\/section><\/div><div class=\"flex_column av_one_full  flex_column_div av-zero-column-padding first  avia-builder-el-4  el_after_av_one_full  el_before_av_hr  column-top-margin\" style='border-radius:0px; '><section class=\"av_textblock_section \"  itemscope=\"itemscope\" itemtype=\"https:\/\/schema.org\/BlogPosting\" itemprop=\"blogPost\" ><div class='avia_textblock  '   itemprop=\"text\" ><p style=\"text-align: justify;\">A esta exposici\u00f3n realizada por profesionales de este establecimiento de salud asistieron pacientes y familiares que se atienden en esta Unidad, como as\u00ed tambi\u00e9n las organizaciones que est\u00e1n a cargo del Consejo Consultivo de Salud.<\/p>\n<p style=\"text-align: justify;\">La terapia de purificar la sangre del paciente que presenta fallas renales, es uno de los trabajos m\u00e1s importantes del Hospital Puerto Ays\u00e9n. La Unidad de Di\u00e1lisis del establecimiento trabaja lunes a s\u00e1bado, permitiendo que los enfermos puedan recibir un oportuno tratamiento en base a sus requerimientos m\u00e9dicos.<\/p>\n<p style=\"text-align: justify;\">Por lo anterior, es que desde el Hospital Puerto Ays\u00e9n se organiz\u00f3 una reuni\u00f3n en la que particip\u00f3 el Consejero Regional Sergio Gonz\u00e1lez, adem\u00e1s del Consejo Consultivo de Salud, y pacientes de la Unidad de Di\u00e1lisis, jornada que tuvo por objetivo mejorar la comunicaci\u00f3n, y entregar una mejor atenci\u00f3n a los usuarios de esta unidad.<\/p>\n<p style=\"text-align: justify;\">Sergio Gonz\u00e1lez presidente del Consejo Regional de Ays\u00e9n, indic\u00f3 que \u201cha sido una reuni\u00f3n muy importante, ya que hemos aclarado distintas dudas, de manera de dar tranquilidad a los pacientes que hacen uso de esta unidad. Asimismo, se realiz\u00f3 una encuesta a los pacientes, que ha dado como resultado un buen resultado de satisfacci\u00f3n. En definitiva, vemos una unidad con un equipo de profesionales trabajando de forma permanente, quienes se comprometieron a revisar todas las problem\u00e1ticas que pudieran estar presentes, todo esto con el \u00fanico fin de dar una mejor atenci\u00f3n a los pacientes\u201d.<\/p>\n<p style=\"text-align: justify;\">Por su parte, el Dr Gabriel Rab\u00ed, director del Hospital Puerto Ays\u00e9n, se\u00f1al\u00f3 que \u201cla Unidad de Di\u00e1lisis del Hospital Puerto Ays\u00e9n nace de la ra\u00edz de una demanda de la poblaci\u00f3n, sobre todo de pacientes dializados que deb\u00edan viajar a Coyhaique para sus atenciones, es por esto que el a\u00f1o 2013 se conforma esta unidad. Actualmente, se atiende a 49 pacientes, que se dializan en tres turnos\u201d.<\/p>\n<p style=\"text-align: justify;\">Asimismo, Rab\u00ed agreg\u00f3 \u201cnuestro Hospital Puerto Ays\u00e9n cuenta con un equipo altamente capacitado compuesto por enfermeras y t\u00e9cnicos especializados, adem\u00e1s de un m\u00e9dico que est\u00e1 permanentemente revisando los tratamientos, todo esto dirigido por el nefr\u00f3logo Waldo Bernales, quien es el doctor que supervisa los planes de tratamiento de estos pacientes para resguardar que todo marche como corresponde. Todos profesionales comprometidos con la salud de cada uno de nuestros usuarios\u201d.<\/p>\n<p style=\"text-align: justify;\">Igualmente, Jos\u00e9 Espa\u00f1a, paciente de la Unidad de Di\u00e1lisis desde hace 1 a\u00f1o y 3 meses, destac\u00f3 la buena atenci\u00f3n de los profesionales. \u201cEstoy muy agradecido de todo el trabajo que realizan los profesionales, ya que en pocas palabras nos ayudan a prolongar nuestra vida, y todo este tratamiento nos cambia la calidad de nuestra salud. El equipo que nos atiende se espera realizando su trabajo, nos acompa\u00f1an y est\u00e1n preocupado de cada detalle\u201d, puntualiz\u00f3.<\/p>\n<p style=\"text-align: justify;\">Cabe destacar, que estas instancias son beneficiosas para mantener una buena comunicaci\u00f3n entre los usuarios y el establecimiento de salud, con el fin de que los pacientes y sus familias cuenten con el conocimiento de todas las reconversiones que ha tenido que realizar el Hospital Puerto Ays\u00e9n para asegurar la buena atenci\u00f3n y continuidad en este periodo de pandemia.<\/p>\n<\/div><\/section><\/div><div  style='height:50px' class='hr hr-invisible   avia-builder-el-6  el_after_av_one_full  el_before_av_social_share '><span class='hr-inner ' ><span class='hr-inner-style'><\/span><\/span><\/div><\/p>\n<div  class='av-social-sharing-box  avia-builder-el-7  el_after_av_hr  el_before_av_hr  '><div class='av-share-box'><h5 class='av-share-link-description av-no-toc '>Compartir esta noticia<\/h5><ul class='av-share-box-list noLightbox'><li class='av-share-link av-social-link-facebook' ><a target=\"_blank\" aria-label=\"Compartir en Facebook\" href='https:\/\/www.facebook.com\/sharer.php?u=https:\/\/radiorevelacionfm.cl\/?p=2118&#038;t=Pacientes%20de%20la%20Unidad%20de%20Di%C3%A1lisis%20participan%20en%20reuni%C3%B3n%20con%20profesionales%20de%20Hospital%20Puerto%20Ays%C3%A9n' aria-hidden='false' data-av_icon='\ue8f3' data-av_iconfont='entypo-fontello' title='' data-avia-related-tooltip='Compartir en Facebook' rel=\"noopener\"><span class='avia_hidden_link_text'>Compartir en Facebook<\/span><\/a><\/li><li class='av-share-link av-social-link-twitter' ><a target=\"_blank\" aria-label=\"Compartir en Twitter\" href='https:\/\/twitter.com\/share?text=Pacientes%20de%20la%20Unidad%20de%20Di%C3%A1lisis%20participan%20en%20reuni%C3%B3n%20con%20profesionales%20de%20Hospital%20Puerto%20Ays%C3%A9n&#038;url=https:\/\/radiorevelacionfm.cl\/?p=2118' aria-hidden='false' data-av_icon='\ue8f1' data-av_iconfont='entypo-fontello' title='' data-avia-related-tooltip='Compartir en Twitter' rel=\"noopener\"><span class='avia_hidden_link_text'>Compartir en Twitter<\/span><\/a><\/li><li class='av-share-link av-social-link-whatsapp' ><a target=\"_blank\" aria-label=\"Compartir en Whatsapp\" href='https:\/\/api.whatsapp.com\/send?text=https:\/\/radiorevelacionfm.cl\/?p=2118' aria-hidden='false' data-av_icon='\uf232' data-av_iconfont='entypo-fontello' title='' data-avia-related-tooltip='Compartir en Whatsapp' rel=\"noopener\"><span class='avia_hidden_link_text'>Compartir en Whatsapp<\/span><\/a><\/li><li class='av-share-link av-social-link-linkedin' ><a target=\"_blank\" aria-label=\"Compartir en LinkedIn\" href='https:\/\/linkedin.com\/shareArticle?mini=true&#038;title=Pacientes%20de%20la%20Unidad%20de%20Di%C3%A1lisis%20participan%20en%20reuni%C3%B3n%20con%20profesionales%20de%20Hospital%20Puerto%20Ays%C3%A9n&#038;url=https:\/\/radiorevelacionfm.cl\/?p=2118' aria-hidden='false' data-av_icon='\ue8fc' data-av_iconfont='entypo-fontello' title='' data-avia-related-tooltip='Compartir en LinkedIn' rel=\"noopener\"><span class='avia_hidden_link_text'>Compartir en LinkedIn<\/span><\/a><\/li><li class='av-share-link av-social-link-mail' ><a  aria-label=\"Compartir por correo\" href='mailto:?subject=Pacientes%20de%20la%20Unidad%20de%20Di%C3%A1lisis%20participan%20en%20reuni%C3%B3n%20con%20profesionales%20de%20Hospital%20Puerto%20Ays%C3%A9n&#038;body=https:\/\/radiorevelacionfm.cl\/?p=2118' aria-hidden='false' data-av_icon='\ue805' data-av_iconfont='entypo-fontello' title='' data-avia-related-tooltip='Compartir por correo'><span class='avia_hidden_link_text'>Compartir por correo<\/span><\/a><\/li><\/ul><\/div><\/div>\n<div  style='height:50px' class='hr hr-invisible   avia-builder-el-8  el_after_av_social_share  el_before_av_comments_list '><span class='hr-inner ' ><span class='hr-inner-style'><\/span><\/span><\/div>\n<div  class='av-buildercomment  av-blog-meta-html-info-disabled av-blog-meta-tag-disabled  '><\/div>\n","protected":false},"excerpt":{"rendered":"","protected":false},"author":1,"featured_media":0,"comment_status":"open","ping_status":"open","sticky":false,"template":"","format":"standard","meta":{"footnotes":""},"categories":[46],"tags":[],"class_list":["post-2118","post","type-post","status-publish","format-standard","hentry","category-salud"],"jetpack_featured_media_url":"","_links":{"self":[{"href":"https:\/\/radiorevelacionfm.cl\/index.php?rest_route=\/wp\/v2\/posts\/2118","targetHints":{"allow":["GET"]}}],"collection":[{"href":"https:\/\/radiorevelacionfm.cl\/index.php?rest_route=\/wp\/v2\/posts"}],"about":[{"href":"https:\/\/radiorevelacionfm.cl\/index.php?rest_route=\/wp\/v2\/types\/post"}],"author":[{"embeddable":true,"href":"https:\/\/radiorevelacionfm.cl\/index.php?rest_route=\/wp\/v2\/users\/1"}],"replies":[{"embeddable":true,"href":"https:\/\/radiorevelacionfm.cl\/index.php?rest_route=%2Fwp%2Fv2%2Fcomments&post=2118"}],"version-history":[{"count":1,"href":"https:\/\/radiorevelacionfm.cl\/index.php?rest_route=\/wp\/v2\/posts\/2118\/revisions"}],"predecessor-version":[{"id":2120,"href":"https:\/\/radiorevelacionfm.cl\/index.php?rest_route=\/wp\/v2\/posts\/2118\/revisions\/2120"}],"wp:attachment":[{"href":"https:\/\/radiorevelacionfm.cl\/index.php?rest_route=%2Fwp%2Fv2%2Fmedia&parent=2118"}],"wp:term":[{"taxonomy":"category","embeddable":true,"href":"https:\/\/radiorevelacionfm.cl\/index.php?rest_route=%2Fwp%2Fv2%2Fcategories&post=2118"},{"taxonomy":"post_tag","embeddable":true,"href":"https:\/\/radiorevelacionfm.cl\/index.php?rest_route=%2Fwp%2Fv2%2Ftags&post=2118"}],"curies":[{"name":"wp","href":"https:\/\/api.w.org\/{rel}","templated":true}]}}