{"id":21174,"date":"2022-08-29T17:06:59","date_gmt":"2022-08-29T20:06:59","guid":{"rendered":"https:\/\/radiorevelacionfm.cl\/?p=21174"},"modified":"2022-08-29T17:06:59","modified_gmt":"2022-08-29T20:06:59","slug":"bomberos-de-puerto-aysen-piden-al-ministro-de-vivienda-extension-de-comodato-o-traspaso-del-terreno-que-ocupan-en-la-ribera-sur","status":"publish","type":"post","link":"https:\/\/radiorevelacionfm.cl\/?p=21174","title":{"rendered":"Bomberos de Puerto Ays\u00e9n piden al Ministro de Vivienda extensi\u00f3n de comodato o traspaso del terreno que ocupan en la Ribera Sur"},"content":{"rendered":"<div class=\"flex_column av_one_full  flex_column_div av-zero-column-padding first  avia-builder-el-0  el_before_av_one_full  avia-builder-el-first  \" style='border-radius:0px; '><div  class='avia-image-container  av-styling-    avia-builder-el-1  avia-builder-el-no-sibling  avia-align-center '  itemprop=\"image\" itemscope=\"itemscope\" itemtype=\"https:\/\/schema.org\/ImageObject\"  ><div class='avia-image-container-inner'><div class='avia-image-overlay-wrap'><img decoding=\"async\" class='wp-image-21175 avia-img-lazy-loading-not-21175 avia_image' src=\"https:\/\/radiorevelacionfm.cl\/wp-content\/uploads\/2022\/08\/IMG-20220829-WA0046-1-1.jpg\" alt='' title='IMG-20220829-WA0046 (1) (1)' height=\"600\" width=\"911\"  itemprop=\"thumbnailUrl\" srcset=\"https:\/\/radiorevelacionfm.cl\/wp-content\/uploads\/2022\/08\/IMG-20220829-WA0046-1-1.jpg 911w, https:\/\/radiorevelacionfm.cl\/wp-content\/uploads\/2022\/08\/IMG-20220829-WA0046-1-1-300x198.jpg 300w, https:\/\/radiorevelacionfm.cl\/wp-content\/uploads\/2022\/08\/IMG-20220829-WA0046-1-1-768x506.jpg 768w, https:\/\/radiorevelacionfm.cl\/wp-content\/uploads\/2022\/08\/IMG-20220829-WA0046-1-1-705x464.jpg 705w, https:\/\/radiorevelacionfm.cl\/wp-content\/uploads\/2022\/08\/IMG-20220829-WA0046-1-1-600x395.jpg 600w\" sizes=\"(max-width: 911px) 100vw, 911px\" \/><\/div><\/div><\/div><\/div><div class=\"flex_column av_one_full  flex_column_div av-zero-column-padding first  avia-builder-el-2  el_after_av_one_full  el_before_av_one_full  column-top-margin\" style='border-radius:0px; '><section class=\"av_textblock_section \"  itemscope=\"itemscope\" itemtype=\"https:\/\/schema.org\/BlogPosting\" itemprop=\"blogPost\" ><div class='avia_textblock  '   itemprop=\"text\" ><p style=\"text-align: center;\"><strong><span style=\"font-size: 18pt;\">Bomberos de Puerto Ays\u00e9n piden al Ministro de Vivienda extensi\u00f3n de comodato o traspaso del terreno que ocupan en la Ribera Sur<\/span><\/strong><\/p>\n<div id=\"gtx-trans\" style=\"position: absolute; left: -50px; top: 4.31534px;\">\n<div class=\"gtx-trans-icon\"><\/div>\n<\/div>\n<\/div><\/section><\/div><div class=\"flex_column av_one_full  flex_column_div av-zero-column-padding first  avia-builder-el-4  el_after_av_one_full  el_before_av_hr  column-top-margin\" style='border-radius:0px; '><section class=\"av_textblock_section \"  itemscope=\"itemscope\" itemtype=\"https:\/\/schema.org\/BlogPosting\" itemprop=\"blogPost\" ><div class='avia_textblock  '   itemprop=\"text\" ><p style=\"text-align: justify;\"><span lang=\"ES\">Acompa\u00f1ados por el diputado Miguel \u00c1ngel Calisto, las autoridades de la instituci\u00f3n se reunieron con el Ministro en Santiago.<\/span><\/p>\n<p style=\"font-weight: 400; text-align: justify;\">Consciente de la necesidad que tiene el Cuerpo de Bomberos de Puerto Ays\u00e9n de poder seguir utilizando el terreno que \u00a0se ubica en el sector de la Ribera Sur, y que es de propiedad de Serviu, el diputado Miguel \u00c1ngel Calisto gestion\u00f3 una reuni\u00f3n con el Ministro de Vivienda, Carlos Montes, con el fin de plantearle esta problem\u00e1tica.<\/p>\n<p style=\"font-weight: 400; text-align: justify;\">En la reuni\u00f3n participaron Arturo Loaiza, Superintendente de Bomberos de Puerto Ays\u00e9n y el Comandante Luis Mart\u00ednez, adem\u00e1s del diputado Calisto. Se trata de un terreno ubicado en la calle Kalstrom con una superficie que supera los dos mil metros.<\/p>\n<p style=\"font-weight: 400; text-align: justify;\">Seg\u00fan el diputado Calisto, \u201cestamos gestionando la posibilidad de extensi\u00f3n del Comodato del terreno donde opera la primera Compa\u00f1\u00eda de Bomberos de Ays\u00e9n, o la posibilidad de traspaso en propiedad de este inmueble. Los bomberos de Ays\u00e9n necesitan seguir creciendo, para poder recibir los nuevos equipamientos y carros que podr\u00edan venir prontamente y tener autonom\u00eda en su funcionamiento, y as\u00ed no depender del Ministerio de Vivienda\u201d.<\/p>\n<p style=\"font-weight: 400; text-align: justify;\">\u201cLe agradecemos al Ministro de Vivienda por la disposici\u00f3n de recibirnos en Santiago, tomando en cuenta el gran trabajo y el servicio que hacen en esta comuna y en toda la regi\u00f3n. Ellos entregan seguridad y siempre est\u00e1n disponibles para ayudar a todas las vecinas y vecinos, por lo que siempre voy a estar disponible para ayudarlos en sus gestiones\u201d, se\u00f1al\u00f3 el legislador.<\/p>\n<p style=\"text-align: justify;\"><span style=\"font-weight: 400;\">Finalmente, Arturo Loaiza, Superintendente del Cuerpo de Bomberos de Ays\u00e9n, indic\u00f3 que \u201cle agradecemos a nuestro diputado Miguel \u00c1ngel Calisto por darnos la posibilidad de plantearle al Ministro una real necesidad que tiene el Cuerpo de Bomberos, que es la necesidad de quedarnos con la propiedad que actualmente es del Serviu, y donde opera la Primera Compa\u00f1\u00eda de Puerto Ays\u00e9n\u201d.\u00a0 \u00a0\u00a0<\/span><\/p>\n<\/div><\/section><\/div><div  style='height:50px' class='hr hr-invisible   avia-builder-el-6  el_after_av_one_full  el_before_av_social_share '><span class='hr-inner ' ><span class='hr-inner-style'><\/span><\/span><\/div><\/p>\n<div  class='av-social-sharing-box  avia-builder-el-7  el_after_av_hr  el_before_av_hr  '><div class='av-share-box'><h5 class='av-share-link-description av-no-toc '>Compartir esta noticia<\/h5><ul class='av-share-box-list noLightbox'><li class='av-share-link av-social-link-facebook' ><a target=\"_blank\" aria-label=\"Compartir en Facebook\" href='https:\/\/www.facebook.com\/sharer.php?u=https:\/\/radiorevelacionfm.cl\/?p=21174&#038;t=Bomberos%20de%20Puerto%20Ays%C3%A9n%20piden%20al%20Ministro%20de%20Vivienda%20extensi%C3%B3n%20de%20comodato%20o%20traspaso%20del%20terreno%20que%20ocupan%20en%20la%20Ribera%20Sur' aria-hidden='false' data-av_icon='\ue8f3' data-av_iconfont='entypo-fontello' title='' data-avia-related-tooltip='Compartir en Facebook' rel=\"noopener\"><span class='avia_hidden_link_text'>Compartir en Facebook<\/span><\/a><\/li><li class='av-share-link av-social-link-twitter' ><a target=\"_blank\" aria-label=\"Compartir en Twitter\" href='https:\/\/twitter.com\/share?text=Bomberos%20de%20Puerto%20Ays%C3%A9n%20piden%20al%20Ministro%20de%20Vivienda%20extensi%C3%B3n%20de%20comodato%20o%20traspaso%20del%20terreno%20que%20ocupan%20en%20la%20Ribera%20Sur&#038;url=https:\/\/radiorevelacionfm.cl\/?p=21174' aria-hidden='false' data-av_icon='\ue8f1' data-av_iconfont='entypo-fontello' title='' data-avia-related-tooltip='Compartir en Twitter' rel=\"noopener\"><span class='avia_hidden_link_text'>Compartir en Twitter<\/span><\/a><\/li><li class='av-share-link av-social-link-whatsapp' ><a target=\"_blank\" aria-label=\"Compartir en Whatsapp\" href='https:\/\/api.whatsapp.com\/send?text=https:\/\/radiorevelacionfm.cl\/?p=21174' aria-hidden='false' data-av_icon='\uf232' data-av_iconfont='entypo-fontello' title='' data-avia-related-tooltip='Compartir en Whatsapp' rel=\"noopener\"><span class='avia_hidden_link_text'>Compartir en Whatsapp<\/span><\/a><\/li><li class='av-share-link av-social-link-linkedin' ><a target=\"_blank\" aria-label=\"Compartir en LinkedIn\" href='https:\/\/linkedin.com\/shareArticle?mini=true&#038;title=Bomberos%20de%20Puerto%20Ays%C3%A9n%20piden%20al%20Ministro%20de%20Vivienda%20extensi%C3%B3n%20de%20comodato%20o%20traspaso%20del%20terreno%20que%20ocupan%20en%20la%20Ribera%20Sur&#038;url=https:\/\/radiorevelacionfm.cl\/?p=21174' aria-hidden='false' data-av_icon='\ue8fc' data-av_iconfont='entypo-fontello' title='' data-avia-related-tooltip='Compartir en LinkedIn' rel=\"noopener\"><span class='avia_hidden_link_text'>Compartir en LinkedIn<\/span><\/a><\/li><li class='av-share-link av-social-link-mail' ><a  aria-label=\"Compartir por correo\" href='mailto:?subject=Bomberos%20de%20Puerto%20Ays%C3%A9n%20piden%20al%20Ministro%20de%20Vivienda%20extensi%C3%B3n%20de%20comodato%20o%20traspaso%20del%20terreno%20que%20ocupan%20en%20la%20Ribera%20Sur&#038;body=https:\/\/radiorevelacionfm.cl\/?p=21174' aria-hidden='false' data-av_icon='\ue805' data-av_iconfont='entypo-fontello' title='' data-avia-related-tooltip='Compartir por correo'><span class='avia_hidden_link_text'>Compartir por correo<\/span><\/a><\/li><\/ul><\/div><\/div>\n<div  style='height:50px' class='hr hr-invisible   avia-builder-el-8  el_after_av_social_share  el_before_av_comments_list '><span class='hr-inner ' ><span class='hr-inner-style'><\/span><\/span><\/div>\n<div  class='av-buildercomment  av-blog-meta-html-info-disabled av-blog-meta-tag-disabled  '><\/div>\n","protected":false},"excerpt":{"rendered":"","protected":false},"author":1,"featured_media":21175,"comment_status":"open","ping_status":"open","sticky":false,"template":"","format":"standard","meta":{"footnotes":""},"categories":[38],"tags":[],"class_list":["post-21174","post","type-post","status-publish","format-standard","has-post-thumbnail","hentry","category-regional"],"jetpack_featured_media_url":"https:\/\/radiorevelacionfm.cl\/wp-content\/uploads\/2022\/08\/IMG-20220829-WA0046-1-1.jpg","_links":{"self":[{"href":"https:\/\/radiorevelacionfm.cl\/index.php?rest_route=\/wp\/v2\/posts\/21174","targetHints":{"allow":["GET"]}}],"collection":[{"href":"https:\/\/radiorevelacionfm.cl\/index.php?rest_route=\/wp\/v2\/posts"}],"about":[{"href":"https:\/\/radiorevelacionfm.cl\/index.php?rest_route=\/wp\/v2\/types\/post"}],"author":[{"embeddable":true,"href":"https:\/\/radiorevelacionfm.cl\/index.php?rest_route=\/wp\/v2\/users\/1"}],"replies":[{"embeddable":true,"href":"https:\/\/radiorevelacionfm.cl\/index.php?rest_route=%2Fwp%2Fv2%2Fcomments&post=21174"}],"version-history":[{"count":2,"href":"https:\/\/radiorevelacionfm.cl\/index.php?rest_route=\/wp\/v2\/posts\/21174\/revisions"}],"predecessor-version":[{"id":21177,"href":"https:\/\/radiorevelacionfm.cl\/index.php?rest_route=\/wp\/v2\/posts\/21174\/revisions\/21177"}],"wp:featuredmedia":[{"embeddable":true,"href":"https:\/\/radiorevelacionfm.cl\/index.php?rest_route=\/wp\/v2\/media\/21175"}],"wp:attachment":[{"href":"https:\/\/radiorevelacionfm.cl\/index.php?rest_route=%2Fwp%2Fv2%2Fmedia&parent=21174"}],"wp:term":[{"taxonomy":"category","embeddable":true,"href":"https:\/\/radiorevelacionfm.cl\/index.php?rest_route=%2Fwp%2Fv2%2Fcategories&post=21174"},{"taxonomy":"post_tag","embeddable":true,"href":"https:\/\/radiorevelacionfm.cl\/index.php?rest_route=%2Fwp%2Fv2%2Ftags&post=21174"}],"curies":[{"name":"wp","href":"https:\/\/api.w.org\/{rel}","templated":true}]}}