{"id":21170,"date":"2022-08-29T16:53:20","date_gmt":"2022-08-29T19:53:20","guid":{"rendered":"https:\/\/radiorevelacionfm.cl\/?p=21170"},"modified":"2022-08-29T16:53:20","modified_gmt":"2022-08-29T19:53:20","slug":"coyhaique-desarrollan-conversatorio-sobre-seguridad-agroalimentaria-y-violencia-rural-en-la-araucania","status":"publish","type":"post","link":"https:\/\/radiorevelacionfm.cl\/?p=21170","title":{"rendered":"Coyhaique: Desarrollan conversatorio sobre seguridad agroalimentaria y violencia rural en la Araucan\u00eda"},"content":{"rendered":"<div class=\"flex_column av_one_full  flex_column_div av-zero-column-padding first  avia-builder-el-0  el_before_av_one_full  avia-builder-el-first  \" style='border-radius:0px; '><div  class='avia-image-container  av-styling-    avia-builder-el-1  avia-builder-el-no-sibling  avia-align-center '  itemprop=\"image\" itemscope=\"itemscope\" itemtype=\"https:\/\/schema.org\/ImageObject\"  ><div class='avia-image-container-inner'><div class='avia-image-overlay-wrap'><img decoding=\"async\" class='wp-image-21171 avia-img-lazy-loading-not-21171 avia_image' src=\"https:\/\/radiorevelacionfm.cl\/wp-content\/uploads\/2022\/08\/Asistentes-1-1.jpg\" alt='' title='Asistentes (1) (1)' height=\"600\" width=\"1055\"  itemprop=\"thumbnailUrl\" srcset=\"https:\/\/radiorevelacionfm.cl\/wp-content\/uploads\/2022\/08\/Asistentes-1-1.jpg 1055w, https:\/\/radiorevelacionfm.cl\/wp-content\/uploads\/2022\/08\/Asistentes-1-1-300x171.jpg 300w, https:\/\/radiorevelacionfm.cl\/wp-content\/uploads\/2022\/08\/Asistentes-1-1-1030x586.jpg 1030w, https:\/\/radiorevelacionfm.cl\/wp-content\/uploads\/2022\/08\/Asistentes-1-1-768x437.jpg 768w, https:\/\/radiorevelacionfm.cl\/wp-content\/uploads\/2022\/08\/Asistentes-1-1-705x401.jpg 705w, https:\/\/radiorevelacionfm.cl\/wp-content\/uploads\/2022\/08\/Asistentes-1-1-600x341.jpg 600w\" sizes=\"(max-width: 1055px) 100vw, 1055px\" \/><\/div><\/div><\/div><\/div><div class=\"flex_column av_one_full  flex_column_div av-zero-column-padding first  avia-builder-el-2  el_after_av_one_full  el_before_av_one_full  column-top-margin\" style='border-radius:0px; '><section class=\"av_textblock_section \"  itemscope=\"itemscope\" itemtype=\"https:\/\/schema.org\/BlogPosting\" itemprop=\"blogPost\" ><div class='avia_textblock  '   itemprop=\"text\" ><p style=\"text-align: center;\"><strong><span style=\"font-size: 18pt;\">Coyhaique: Desarrollan conversatorio sobre seguridad agroalimentaria y violencia rural en la Araucan\u00eda<\/span><\/strong><\/p>\n<div id=\"gtx-trans\" style=\"position: absolute; left: -50px; top: 4.31534px;\">\n<div class=\"gtx-trans-icon\"><\/div>\n<\/div>\n<\/div><\/section><\/div><div class=\"flex_column av_one_full  flex_column_div av-zero-column-padding first  avia-builder-el-4  el_after_av_one_full  el_before_av_hr  column-top-margin\" style='border-radius:0px; '><section class=\"av_textblock_section \"  itemscope=\"itemscope\" itemtype=\"https:\/\/schema.org\/BlogPosting\" itemprop=\"blogPost\" ><div class='avia_textblock  '   itemprop=\"text\" ><p style=\"text-align: justify;\">C\u00f3mo abordar la seguridad alimentaria afectada por los hechos de violencia en La Araucan\u00eda, fue el eje central del conversatorio realizado en Coyhaique, organizado por la Organizaci\u00f3n Gremial Agr\u00edcola y Ganadera Austral, Ogana.<\/p>\n<p style=\"text-align: justify;\">La instancia tuvo como expositor central al abogado Hans Curamil Ani\u00f1ir, quien abord\u00f3 la problem\u00e1tica, sus implicancias y c\u00f3mo prevenir que estos hechos se extiendan a comunas y regiones, experiencia que fue bien recibida por los asistentes al encuentro.<\/p>\n<p style=\"text-align: justify;\">\u201cHemos podido conversar de muchos aspectos que trae la propuesta de constituci\u00f3n presentada por los convencionales constituyentes. Creo que es muy necesario conversar a cerca de las reales implicancias que tiene la plurinacionalidad y los sistemas diferenciados de justicia, as\u00ed como tambi\u00e9n de otros aspectos como seguridad alimentaria que hoy d\u00eda, por lo menos en nuestra regi\u00f3n (La Araucan\u00eda), se ven amenazados por los hechos de violencia. Creo que estas instancias de conversaci\u00f3n son muy importantes y agradezco la invitaci\u00f3n de Ogana\u201d, detall\u00f3 el abogado y relator del conversatorio.<\/p>\n<p style=\"text-align: justify;\">La charla se desarroll\u00f3 en la sala interactiva del Centro Cultural de Coyhaique, en donde los asistentes pudieron realizar consultas y resolver dudas acerca de la tem\u00e1tica. \u201cEl p\u00fablico interactu\u00f3 bastante, era muy importante que pudiesen hacer preguntas y con mucho gusto pude responder. Creo que lo que m\u00e1s se repiti\u00f3 es c\u00f3mo ven, desde el aspecto de la plurinacionalidad, lo que est\u00e1 viviendo La Araucan\u00eda\u201d, agreg\u00f3 Curamil Ani\u00f1ir.<\/p>\n<p style=\"text-align: justify;\">Uno de los presentes en la instancia fue el director de Ogana Jos\u00e9 Rodr\u00edguez Encalada, quien valor\u00f3 la instancia y destac\u00f3 la asistencia de p\u00fablico interesado en hablar sobre la materia. \u201cHemos tratado de consensuar algunas ideas y de abogar por que haya mayor unidad en Chile y que existan menos diferencias, convulsi\u00f3n, terrorismo, y violencia en general. Tambi\u00e9n tocamos algunos temas vinculados la econom\u00eda, inflaci\u00f3n y los precios en insumos agr\u00edcolas que influyen a los productores de esta zona\u201d, explic\u00f3.<\/p>\n<p style=\"text-align: justify;\">El conversatorio fue con presencia de ganaderos y productores agr\u00edcolas de la regi\u00f3n interesados en conocer c\u00f3mo la violencia rural en la regi\u00f3n de Ays\u00e9n afecta al desarrollo de la industria alimentaria en todo el territorio nacional. El moderador de este espacio fue el socio de Ogana Felipe Henr\u00edquez Raglianti.<\/p>\n<\/div><\/section><\/div><div  style='height:50px' class='hr hr-invisible   avia-builder-el-6  el_after_av_one_full  el_before_av_social_share '><span class='hr-inner ' ><span class='hr-inner-style'><\/span><\/span><\/div><\/p>\n<div  class='av-social-sharing-box  avia-builder-el-7  el_after_av_hr  el_before_av_hr  '><div class='av-share-box'><h5 class='av-share-link-description av-no-toc '>Compartir esta noticia<\/h5><ul class='av-share-box-list noLightbox'><li class='av-share-link av-social-link-facebook' ><a target=\"_blank\" aria-label=\"Compartir en Facebook\" href='https:\/\/www.facebook.com\/sharer.php?u=https:\/\/radiorevelacionfm.cl\/?p=21170&#038;t=Coyhaique%3A%20Desarrollan%20conversatorio%20sobre%20seguridad%20agroalimentaria%20y%20violencia%20rural%20en%20la%20Araucan%C3%ADa' aria-hidden='false' data-av_icon='\ue8f3' data-av_iconfont='entypo-fontello' title='' data-avia-related-tooltip='Compartir en Facebook' rel=\"noopener\"><span class='avia_hidden_link_text'>Compartir en Facebook<\/span><\/a><\/li><li class='av-share-link av-social-link-twitter' ><a target=\"_blank\" aria-label=\"Compartir en Twitter\" href='https:\/\/twitter.com\/share?text=Coyhaique%3A%20Desarrollan%20conversatorio%20sobre%20seguridad%20agroalimentaria%20y%20violencia%20rural%20en%20la%20Araucan%C3%ADa&#038;url=https:\/\/radiorevelacionfm.cl\/?p=21170' aria-hidden='false' data-av_icon='\ue8f1' data-av_iconfont='entypo-fontello' title='' data-avia-related-tooltip='Compartir en Twitter' rel=\"noopener\"><span class='avia_hidden_link_text'>Compartir en Twitter<\/span><\/a><\/li><li class='av-share-link av-social-link-whatsapp' ><a target=\"_blank\" aria-label=\"Compartir en Whatsapp\" href='https:\/\/api.whatsapp.com\/send?text=https:\/\/radiorevelacionfm.cl\/?p=21170' aria-hidden='false' data-av_icon='\uf232' data-av_iconfont='entypo-fontello' title='' data-avia-related-tooltip='Compartir en Whatsapp' rel=\"noopener\"><span class='avia_hidden_link_text'>Compartir en Whatsapp<\/span><\/a><\/li><li class='av-share-link av-social-link-linkedin' ><a target=\"_blank\" aria-label=\"Compartir en LinkedIn\" href='https:\/\/linkedin.com\/shareArticle?mini=true&#038;title=Coyhaique%3A%20Desarrollan%20conversatorio%20sobre%20seguridad%20agroalimentaria%20y%20violencia%20rural%20en%20la%20Araucan%C3%ADa&#038;url=https:\/\/radiorevelacionfm.cl\/?p=21170' aria-hidden='false' data-av_icon='\ue8fc' data-av_iconfont='entypo-fontello' title='' data-avia-related-tooltip='Compartir en LinkedIn' rel=\"noopener\"><span class='avia_hidden_link_text'>Compartir en LinkedIn<\/span><\/a><\/li><li class='av-share-link av-social-link-mail' ><a  aria-label=\"Compartir por correo\" href='mailto:?subject=Coyhaique%3A%20Desarrollan%20conversatorio%20sobre%20seguridad%20agroalimentaria%20y%20violencia%20rural%20en%20la%20Araucan%C3%ADa&#038;body=https:\/\/radiorevelacionfm.cl\/?p=21170' aria-hidden='false' data-av_icon='\ue805' data-av_iconfont='entypo-fontello' title='' data-avia-related-tooltip='Compartir por correo'><span class='avia_hidden_link_text'>Compartir por correo<\/span><\/a><\/li><\/ul><\/div><\/div>\n<div  style='height:50px' class='hr hr-invisible   avia-builder-el-8  el_after_av_social_share  el_before_av_comments_list '><span class='hr-inner ' ><span class='hr-inner-style'><\/span><\/span><\/div>\n<div  class='av-buildercomment  av-blog-meta-html-info-disabled av-blog-meta-tag-disabled  '><\/div>\n","protected":false},"excerpt":{"rendered":"","protected":false},"author":1,"featured_media":21171,"comment_status":"open","ping_status":"open","sticky":false,"template":"","format":"standard","meta":{"footnotes":""},"categories":[38],"tags":[],"class_list":["post-21170","post","type-post","status-publish","format-standard","has-post-thumbnail","hentry","category-regional"],"jetpack_featured_media_url":"https:\/\/radiorevelacionfm.cl\/wp-content\/uploads\/2022\/08\/Asistentes-1-1.jpg","_links":{"self":[{"href":"https:\/\/radiorevelacionfm.cl\/index.php?rest_route=\/wp\/v2\/posts\/21170","targetHints":{"allow":["GET"]}}],"collection":[{"href":"https:\/\/radiorevelacionfm.cl\/index.php?rest_route=\/wp\/v2\/posts"}],"about":[{"href":"https:\/\/radiorevelacionfm.cl\/index.php?rest_route=\/wp\/v2\/types\/post"}],"author":[{"embeddable":true,"href":"https:\/\/radiorevelacionfm.cl\/index.php?rest_route=\/wp\/v2\/users\/1"}],"replies":[{"embeddable":true,"href":"https:\/\/radiorevelacionfm.cl\/index.php?rest_route=%2Fwp%2Fv2%2Fcomments&post=21170"}],"version-history":[{"count":2,"href":"https:\/\/radiorevelacionfm.cl\/index.php?rest_route=\/wp\/v2\/posts\/21170\/revisions"}],"predecessor-version":[{"id":21173,"href":"https:\/\/radiorevelacionfm.cl\/index.php?rest_route=\/wp\/v2\/posts\/21170\/revisions\/21173"}],"wp:featuredmedia":[{"embeddable":true,"href":"https:\/\/radiorevelacionfm.cl\/index.php?rest_route=\/wp\/v2\/media\/21171"}],"wp:attachment":[{"href":"https:\/\/radiorevelacionfm.cl\/index.php?rest_route=%2Fwp%2Fv2%2Fmedia&parent=21170"}],"wp:term":[{"taxonomy":"category","embeddable":true,"href":"https:\/\/radiorevelacionfm.cl\/index.php?rest_route=%2Fwp%2Fv2%2Fcategories&post=21170"},{"taxonomy":"post_tag","embeddable":true,"href":"https:\/\/radiorevelacionfm.cl\/index.php?rest_route=%2Fwp%2Fv2%2Ftags&post=21170"}],"curies":[{"name":"wp","href":"https:\/\/api.w.org\/{rel}","templated":true}]}}