{"id":21164,"date":"2022-08-29T11:22:28","date_gmt":"2022-08-29T14:22:28","guid":{"rendered":"https:\/\/radiorevelacionfm.cl\/?p=21164"},"modified":"2022-08-29T11:22:28","modified_gmt":"2022-08-29T14:22:28","slug":"campeonato-escolar-regional-futsal-2022-region-de-aysen-ya-tiene-representantes-para-la-final-nacional","status":"publish","type":"post","link":"https:\/\/radiorevelacionfm.cl\/?p=21164","title":{"rendered":"Campeonato Escolar Regional Futsal 2022: Regi\u00f3n de Ays\u00e9n ya tiene representantes para la final nacional"},"content":{"rendered":"<div class=\"flex_column av_one_full  flex_column_div av-zero-column-padding first  avia-builder-el-0  el_before_av_one_full  avia-builder-el-first  \" style='border-radius:0px; '><div  class='avia-image-container  av-styling-    avia-builder-el-1  avia-builder-el-no-sibling  avia-align-center '  itemprop=\"image\" itemscope=\"itemscope\" itemtype=\"https:\/\/schema.org\/ImageObject\"  ><div class='avia-image-container-inner'><div class='avia-image-overlay-wrap'><img decoding=\"async\" class='wp-image-21165 avia-img-lazy-loading-not-21165 avia_image' src=\"https:\/\/radiorevelacionfm.cl\/wp-content\/uploads\/2022\/08\/DSC_0555-1-1.jpg\" alt='' title='DSC_0555 (1) (1)' height=\"600\" width=\"900\"  itemprop=\"thumbnailUrl\" srcset=\"https:\/\/radiorevelacionfm.cl\/wp-content\/uploads\/2022\/08\/DSC_0555-1-1.jpg 900w, https:\/\/radiorevelacionfm.cl\/wp-content\/uploads\/2022\/08\/DSC_0555-1-1-300x200.jpg 300w, https:\/\/radiorevelacionfm.cl\/wp-content\/uploads\/2022\/08\/DSC_0555-1-1-768x512.jpg 768w, https:\/\/radiorevelacionfm.cl\/wp-content\/uploads\/2022\/08\/DSC_0555-1-1-705x470.jpg 705w, https:\/\/radiorevelacionfm.cl\/wp-content\/uploads\/2022\/08\/DSC_0555-1-1-600x400.jpg 600w\" sizes=\"(max-width: 900px) 100vw, 900px\" \/><\/div><\/div><\/div><\/div><div class=\"flex_column av_one_full  flex_column_div av-zero-column-padding first  avia-builder-el-2  el_after_av_one_full  el_before_av_one_full  column-top-margin\" style='border-radius:0px; '><section class=\"av_textblock_section \"  itemscope=\"itemscope\" itemtype=\"https:\/\/schema.org\/BlogPosting\" itemprop=\"blogPost\" ><div class='avia_textblock  '   itemprop=\"text\" ><p style=\"text-align: center;\"><strong><span style=\"font-size: 18pt;\">Campeonato Escolar Regional Futsal 2022: Regi\u00f3n de Ays\u00e9n ya tiene representantes para la final nacional<\/span><\/strong><\/p>\n<div id=\"gtx-trans\" style=\"position: absolute; left: -50px; top: 4.31534px;\">\n<div class=\"gtx-trans-icon\"><\/div>\n<\/div>\n<\/div><\/section><\/div><div class=\"flex_column av_one_full  flex_column_div av-zero-column-padding first  avia-builder-el-4  el_after_av_one_full  el_before_av_hr  column-top-margin\" style='border-radius:0px; '><section class=\"av_textblock_section \"  itemscope=\"itemscope\" itemtype=\"https:\/\/schema.org\/BlogPosting\" itemprop=\"blogPost\" ><div class='avia_textblock  '   itemprop=\"text\" ><p style=\"font-weight: 400; text-align: justify;\">Desde el 22 al 25 de agosto se desarroll\u00f3 el Campeonato Escolar Regional Futsal 2022 en la localidad de Puerto Ingeniero Ib\u00e1\u00f1ez, donde equipos de j\u00f3venes desde la comuna de Guaitecas hasta Villa O\u00b4Higgins disputaron un lugar para representar a la Regi\u00f3n de Ays\u00e9n en la final nacional de la disciplina.<\/p>\n<p style=\"font-weight: 400; text-align: justify;\">Un encuentro deportivo familiar, de competencia sana y de compa\u00f1erismo, fue \u201cuna fiesta del deporte\u201d as\u00ed lo describi\u00f3 la Seremi de Deportes de la Regi\u00f3n de Ays\u00e9n, Mar\u00eda Eugenia Dur\u00e1n, quien estuvo presente en la \u00faltima jornada de competencias, en compa\u00f1\u00eda del equipo del Instituto Nacional del Deporte (IND), quienes impulsaron y financiaron el Campeonato Escolar Regional Futsal 2022.<\/p>\n<p style=\"font-weight: 400; text-align: justify;\">Hasta el pueblo del viento, Puerto Ingeniero Ib\u00e1\u00f1ez, arribaron alumnos y alumnas de 12 a 14 a\u00f1os representando a las comunas de Guaitecas, Puerto Cisnes, Ays\u00e9n, Coyhaique, R\u00edo Ib\u00e1\u00f1ez, Chile Chico y Cochrane, todos buscando llegar hasta la final nacional que se realizar\u00e1 en noviembre al otro extremo de Chile, en la Regi\u00f3n de Atacama.<\/p>\n<p style=\"font-weight: 400; text-align: justify;\">En esta competencia \u201cparticiparon representantes de las escuelas de diversas comunas. Estamos contentos de haber podido desarrollar en conjunto a la Municipalidad de Ib\u00e1\u00f1ez, quienes fueron anfitriones de la final regional. As\u00ed que ya tenemos representantes para la final nacional\u201d declar\u00f3 el Director del Instituto Nacional del Deporte de Ays\u00e9n, Jos\u00e9 Manuel Sep\u00falveda.<\/p>\n<p style=\"font-weight: 400; text-align: justify;\">El alcalde de R\u00edo Ib\u00e1\u00f1ez, Marcelo Santana Vargas, valor\u00f3 que este evento deportivo fuera trasladado a comunas m\u00e1s alejadas como s\u00edmbolo de descentralizaci\u00f3n \u201cestamos muy contentos con la realizaci\u00f3n de este nuevo regional de futsal ac\u00e1 en la comuna de R\u00edo Ib\u00e1\u00f1ez. La verdad es que destacamos mucho el hecho de que el IND descentralizara este tipo de actividades\u201d afirm\u00f3.<\/p>\n<p style=\"font-weight: 400; text-align: justify;\">Por un lado, la final damas se disput\u00f3 entre los equipos del Colegio Antonie de Saint-Exup\u00e9ry de Coyhaique y la Escuela Carretera Austral de Bah\u00eda Murta, obteniendo Coyhaique el primer lugar, pasando a la final nacional, Bah\u00eda Murta con el segundo lugar y Puerto Ays\u00e9n, representado por las alumnas del Colegio Santa Teresa de los Andes, se quedaron con el tercer lugar de la competencia.<\/p>\n<p style=\"font-weight: 400; text-align: justify;\">Por otro lado, los equipos que compitieron por el primer lugar en la categor\u00eda varones fueron los alumnos del Colegio San Felipe Benicio de Coyhaique, contra el Colegio Sagrada Familia de Puerto Ays\u00e9n, obteniendo el primer lugar los alumnos representantes de Coyhaique, segundo lugar Puerto Ays\u00e9n y tercer lugar, para el Liceo Austral Lord Cochrane.<\/p>\n<p style=\"font-weight: 400; text-align: justify;\">\u201cNunca se gana, siempre se aprende\u201d con esta frase la Seremi de Deportes, Mar\u00eda Eugenia Duran, da cierre a este importante evento deportivo, fomentando el deporte desde una competencia sana. \u201cLo pas\u00e9 super bien porque esta fue mi primera regional despu\u00e9s de varios a\u00f1os representando a la escuela. Ojal\u00e1 estar todo el a\u00f1o compitiendo, de esta forma nos hemos unido mucho como equipo\u201d estas fueron las palabras de Pamela Barr\u00eda, capitana del equipo de la Escuela Carretera Austral de Bah\u00eda Murta, tras recibir el premio del segundo lugar.<\/p>\n<p style=\"font-weight: 400; text-align: justify;\">Por medio de esta competencia, el equipo de damas y varones de la comuna de Coyhaique, clasificaron a la final nacional que se llevar\u00e1 a cabo entre el 3 y 10 de noviembre del presente a\u00f1o en la Regi\u00f3n de Atacama. Un evento deportivo organizado por el Ministerio del Deporte, el cual tambi\u00e9n contar\u00e1 con otras disciplinas tales como ajedrez, atletismo, balonmano, b\u00e1squetbol, ciclismo, f\u00fatbol, judo, nataci\u00f3n, taekwondo, tenis de mesa y v\u00f3leibol.<\/p>\n<\/div><\/section><\/div><div  style='height:50px' class='hr hr-invisible   avia-builder-el-6  el_after_av_one_full  el_before_av_social_share '><span class='hr-inner ' ><span class='hr-inner-style'><\/span><\/span><\/div><\/p>\n<div  class='av-social-sharing-box  avia-builder-el-7  el_after_av_hr  el_before_av_hr  '><div class='av-share-box'><h5 class='av-share-link-description av-no-toc '>Compartir esta noticia<\/h5><ul class='av-share-box-list noLightbox'><li class='av-share-link av-social-link-facebook' ><a target=\"_blank\" aria-label=\"Compartir en Facebook\" href='https:\/\/www.facebook.com\/sharer.php?u=https:\/\/radiorevelacionfm.cl\/?p=21164&#038;t=Campeonato%20Escolar%20Regional%20Futsal%202022%3A%20Regi%C3%B3n%20de%20Ays%C3%A9n%20ya%20tiene%20representantes%20para%20la%20final%20nacional' aria-hidden='false' data-av_icon='\ue8f3' data-av_iconfont='entypo-fontello' title='' data-avia-related-tooltip='Compartir en Facebook' rel=\"noopener\"><span class='avia_hidden_link_text'>Compartir en Facebook<\/span><\/a><\/li><li class='av-share-link av-social-link-twitter' ><a target=\"_blank\" aria-label=\"Compartir en Twitter\" href='https:\/\/twitter.com\/share?text=Campeonato%20Escolar%20Regional%20Futsal%202022%3A%20Regi%C3%B3n%20de%20Ays%C3%A9n%20ya%20tiene%20representantes%20para%20la%20final%20nacional&#038;url=https:\/\/radiorevelacionfm.cl\/?p=21164' aria-hidden='false' data-av_icon='\ue8f1' data-av_iconfont='entypo-fontello' title='' data-avia-related-tooltip='Compartir en Twitter' rel=\"noopener\"><span class='avia_hidden_link_text'>Compartir en Twitter<\/span><\/a><\/li><li class='av-share-link av-social-link-whatsapp' ><a target=\"_blank\" aria-label=\"Compartir en Whatsapp\" href='https:\/\/api.whatsapp.com\/send?text=https:\/\/radiorevelacionfm.cl\/?p=21164' aria-hidden='false' data-av_icon='\uf232' data-av_iconfont='entypo-fontello' title='' data-avia-related-tooltip='Compartir en Whatsapp' rel=\"noopener\"><span class='avia_hidden_link_text'>Compartir en Whatsapp<\/span><\/a><\/li><li class='av-share-link av-social-link-linkedin' ><a target=\"_blank\" aria-label=\"Compartir en LinkedIn\" href='https:\/\/linkedin.com\/shareArticle?mini=true&#038;title=Campeonato%20Escolar%20Regional%20Futsal%202022%3A%20Regi%C3%B3n%20de%20Ays%C3%A9n%20ya%20tiene%20representantes%20para%20la%20final%20nacional&#038;url=https:\/\/radiorevelacionfm.cl\/?p=21164' aria-hidden='false' data-av_icon='\ue8fc' data-av_iconfont='entypo-fontello' title='' data-avia-related-tooltip='Compartir en LinkedIn' rel=\"noopener\"><span class='avia_hidden_link_text'>Compartir en LinkedIn<\/span><\/a><\/li><li class='av-share-link av-social-link-mail' ><a  aria-label=\"Compartir por correo\" href='mailto:?subject=Campeonato%20Escolar%20Regional%20Futsal%202022%3A%20Regi%C3%B3n%20de%20Ays%C3%A9n%20ya%20tiene%20representantes%20para%20la%20final%20nacional&#038;body=https:\/\/radiorevelacionfm.cl\/?p=21164' aria-hidden='false' data-av_icon='\ue805' data-av_iconfont='entypo-fontello' title='' data-avia-related-tooltip='Compartir por correo'><span class='avia_hidden_link_text'>Compartir por correo<\/span><\/a><\/li><\/ul><\/div><\/div>\n<div  style='height:50px' class='hr hr-invisible   avia-builder-el-8  el_after_av_social_share  el_before_av_comments_list '><span class='hr-inner ' ><span class='hr-inner-style'><\/span><\/span><\/div>\n<div  class='av-buildercomment  av-blog-meta-html-info-disabled av-blog-meta-tag-disabled  '><\/div>\n","protected":false},"excerpt":{"rendered":"","protected":false},"author":1,"featured_media":21165,"comment_status":"open","ping_status":"open","sticky":false,"template":"","format":"standard","meta":{"footnotes":""},"categories":[40],"tags":[],"class_list":["post-21164","post","type-post","status-publish","format-standard","has-post-thumbnail","hentry","category-deportes"],"jetpack_featured_media_url":"https:\/\/radiorevelacionfm.cl\/wp-content\/uploads\/2022\/08\/DSC_0555-1-1.jpg","_links":{"self":[{"href":"https:\/\/radiorevelacionfm.cl\/index.php?rest_route=\/wp\/v2\/posts\/21164","targetHints":{"allow":["GET"]}}],"collection":[{"href":"https:\/\/radiorevelacionfm.cl\/index.php?rest_route=\/wp\/v2\/posts"}],"about":[{"href":"https:\/\/radiorevelacionfm.cl\/index.php?rest_route=\/wp\/v2\/types\/post"}],"author":[{"embeddable":true,"href":"https:\/\/radiorevelacionfm.cl\/index.php?rest_route=\/wp\/v2\/users\/1"}],"replies":[{"embeddable":true,"href":"https:\/\/radiorevelacionfm.cl\/index.php?rest_route=%2Fwp%2Fv2%2Fcomments&post=21164"}],"version-history":[{"count":2,"href":"https:\/\/radiorevelacionfm.cl\/index.php?rest_route=\/wp\/v2\/posts\/21164\/revisions"}],"predecessor-version":[{"id":21167,"href":"https:\/\/radiorevelacionfm.cl\/index.php?rest_route=\/wp\/v2\/posts\/21164\/revisions\/21167"}],"wp:featuredmedia":[{"embeddable":true,"href":"https:\/\/radiorevelacionfm.cl\/index.php?rest_route=\/wp\/v2\/media\/21165"}],"wp:attachment":[{"href":"https:\/\/radiorevelacionfm.cl\/index.php?rest_route=%2Fwp%2Fv2%2Fmedia&parent=21164"}],"wp:term":[{"taxonomy":"category","embeddable":true,"href":"https:\/\/radiorevelacionfm.cl\/index.php?rest_route=%2Fwp%2Fv2%2Fcategories&post=21164"},{"taxonomy":"post_tag","embeddable":true,"href":"https:\/\/radiorevelacionfm.cl\/index.php?rest_route=%2Fwp%2Fv2%2Ftags&post=21164"}],"curies":[{"name":"wp","href":"https:\/\/api.w.org\/{rel}","templated":true}]}}