{"id":21156,"date":"2022-08-29T10:56:50","date_gmt":"2022-08-29T13:56:50","guid":{"rendered":"https:\/\/radiorevelacionfm.cl\/?p=21156"},"modified":"2022-08-29T10:56:50","modified_gmt":"2022-08-29T13:56:50","slug":"puerto-chacabuco-avanza-en-preparativos-para-proxima-sesion-del-consejo-de-coordinacion-ciudad-puerto","status":"publish","type":"post","link":"https:\/\/radiorevelacionfm.cl\/?p=21156","title":{"rendered":"Puerto Chacabuco avanza en preparativos para pr\u00f3xima sesi\u00f3n del Consejo de Coordinaci\u00f3n Ciudad Puerto"},"content":{"rendered":"<div class=\"flex_column av_one_full  flex_column_div av-zero-column-padding first  avia-builder-el-0  el_before_av_one_full  avia-builder-el-first  \" style='border-radius:0px; '><div  class='avia-image-container  av-styling-    avia-builder-el-1  avia-builder-el-no-sibling  avia-align-center '  itemprop=\"image\" itemscope=\"itemscope\" itemtype=\"https:\/\/schema.org\/ImageObject\"  ><div class='avia-image-container-inner'><div class='avia-image-overlay-wrap'><img decoding=\"async\" class='wp-image-21157 avia-img-lazy-loading-not-21157 avia_image' src=\"https:\/\/radiorevelacionfm.cl\/wp-content\/uploads\/2022\/08\/Emporcha-Coordinacion-Ciudad-Puerto-1-1.jpeg\" alt='' title='Emporcha Coordinacion Ciudad Puerto (1) (1)' height=\"600\" width=\"1362\"  itemprop=\"thumbnailUrl\" srcset=\"https:\/\/radiorevelacionfm.cl\/wp-content\/uploads\/2022\/08\/Emporcha-Coordinacion-Ciudad-Puerto-1-1.jpeg 1362w, https:\/\/radiorevelacionfm.cl\/wp-content\/uploads\/2022\/08\/Emporcha-Coordinacion-Ciudad-Puerto-1-1-300x132.jpeg 300w, https:\/\/radiorevelacionfm.cl\/wp-content\/uploads\/2022\/08\/Emporcha-Coordinacion-Ciudad-Puerto-1-1-1030x454.jpeg 1030w, https:\/\/radiorevelacionfm.cl\/wp-content\/uploads\/2022\/08\/Emporcha-Coordinacion-Ciudad-Puerto-1-1-768x338.jpeg 768w, https:\/\/radiorevelacionfm.cl\/wp-content\/uploads\/2022\/08\/Emporcha-Coordinacion-Ciudad-Puerto-1-1-705x311.jpeg 705w, https:\/\/radiorevelacionfm.cl\/wp-content\/uploads\/2022\/08\/Emporcha-Coordinacion-Ciudad-Puerto-1-1-600x264.jpeg 600w\" sizes=\"(max-width: 1362px) 100vw, 1362px\" \/><\/div><\/div><\/div><\/div><div class=\"flex_column av_one_full  flex_column_div av-zero-column-padding first  avia-builder-el-2  el_after_av_one_full  el_before_av_one_full  column-top-margin\" style='border-radius:0px; '><section class=\"av_textblock_section \"  itemscope=\"itemscope\" itemtype=\"https:\/\/schema.org\/BlogPosting\" itemprop=\"blogPost\" ><div class='avia_textblock  '   itemprop=\"text\" ><p style=\"text-align: center;\"><strong><span style=\"font-size: 18pt;\">Puerto Chacabuco avanza en preparativos para pr\u00f3xima sesi\u00f3n del Consejo de Coordinaci\u00f3n Ciudad Puerto<\/span><\/strong><\/p>\n<div id=\"gtx-trans\" style=\"position: absolute; left: -50px; top: 4.31534px;\">\n<div class=\"gtx-trans-icon\"><\/div>\n<\/div>\n<\/div><\/section><\/div><div class=\"flex_column av_one_full  flex_column_div av-zero-column-padding first  avia-builder-el-4  el_after_av_one_full  el_before_av_hr  column-top-margin\" style='border-radius:0px; '><section class=\"av_textblock_section \"  itemscope=\"itemscope\" itemtype=\"https:\/\/schema.org\/BlogPosting\" itemprop=\"blogPost\" ><div class='avia_textblock  '   itemprop=\"text\" ><p class=\"v1Marcelo\" style=\"text-align: justify;\"><span style=\"font-size: 12pt;\">Avanzando con miras a la pr\u00f3xima sesi\u00f3n del Consejo de Coordinaci\u00f3n Ciudad Puerto (CCCP) de la Regi\u00f3n de Ays\u00e9n, la Empresa Portuaria Chacabuco encabez\u00f3 esta semana una importante reuni\u00f3n del Comit\u00e9 T\u00e9cnico del CCCP.<\/span><\/p>\n<p class=\"v1Marcelo\" style=\"text-align: justify;\"><span style=\"font-size: 12pt;\">Este espacio preparatorio convoca a distintos actores involucrados en el desarrollo de la instancia que preside la gobernadora regional Andrea Mac\u00edas, en una suerte de coordinaci\u00f3n previa sobre los temas, definiciones y an\u00e1lisis que se requieren para el normal y eficiente funcionamiento del Consejo.<\/span><\/p>\n<p class=\"v1Marcelo\" style=\"text-align: justify;\"><span style=\"font-size: 12pt;\">En la cita participaron Puerto Chacabuco, a trav\u00e9s del presidente de su directorio, Enrique Runin, de su gerenta general (i) Jovita Ulloa y del gerente de explotaci\u00f3n, Oriel Varela; adem\u00e1s de delegados y representantes del Gobierno Regional de Ays\u00e9n, la Seremi de Transportes y Telecomunicaciones, y de Vivienda y Urbanismo, y de los equipos de las direcciones de Planeamiento, Vialidad y Obras Portuarias del Ministerio de Obras P\u00fablicas (MOP).<\/span><\/p>\n<p class=\"v1Marcelo\" style=\"text-align: justify;\"><span style=\"font-size: 12pt;\">\u00abEl objetivo de este comit\u00e9 es asesorar al Consejo Ciudad Puerto en las materias t\u00e9cnicas relacionadas con el trabajo de su inter\u00e9s, planificar las acciones concretas que cada uno de los servicios debe realizar en cada uno de los puertos en que este consejo tiene \u00e1mbito de acci\u00f3n y en base a ese an\u00e1lisis poder programar el trabajo que se va a realizar\u00bb, detall\u00f3 Enrique Runin.<\/span><\/p>\n<p class=\"v1Marcelo\" style=\"text-align: justify;\"><span style=\"font-size: 12pt;\">El Comit\u00e9 T\u00e9cnico defini\u00f3 su org\u00e1nica e integrantes, adem\u00e1s del levantamiento de informaci\u00f3n sobre inversiones que est\u00e1n en ejecuci\u00f3n y\/o han sido programadas en el corto y mediano plazo en distintas localidades del radio de influencia del Consejo de Coordinaci\u00f3n Ciudad Puerto de la Regi\u00f3n de Ays\u00e9n, y una metodolog\u00eda para analizar brechas y problem\u00e1ticas a resolver en cada terminal y sus entornos, lo que conformar\u00e1 la base del plan de trabajo para los siguientes a\u00f1os.<\/span><\/p>\n<p class=\"v1Marcelo\" style=\"text-align: justify;\"><span style=\"font-size: 12pt;\">Adem\u00e1s, se planific\u00f3 la tabla de la siguiente reuni\u00f3n del CCCP que se realizar\u00e1 el 22 de septiembre en la localidad de Puerto Cisnes, a partir de la definici\u00f3n de sus miembros de abordar iniciativas no solo concernientes a Chacabuco, sino adem\u00e1s en los lugares en que Emporcha administra los distintos muelles de conectividad, como Puerto Aguirre, Melinka y el propio Cisnes.<\/span><\/p>\n<\/div><\/section><\/div><div  style='height:50px' class='hr hr-invisible   avia-builder-el-6  el_after_av_one_full  el_before_av_social_share '><span class='hr-inner ' ><span class='hr-inner-style'><\/span><\/span><\/div><\/p>\n<div  class='av-social-sharing-box  avia-builder-el-7  el_after_av_hr  el_before_av_hr  '><div class='av-share-box'><h5 class='av-share-link-description av-no-toc '>Compartir esta noticia<\/h5><ul class='av-share-box-list noLightbox'><li class='av-share-link av-social-link-facebook' ><a target=\"_blank\" aria-label=\"Compartir en Facebook\" href='https:\/\/www.facebook.com\/sharer.php?u=https:\/\/radiorevelacionfm.cl\/?p=21156&#038;t=Puerto%20Chacabuco%20avanza%20en%20preparativos%20para%20pr%C3%B3xima%20sesi%C3%B3n%20del%20Consejo%20de%20Coordinaci%C3%B3n%20Ciudad%20Puerto' aria-hidden='false' data-av_icon='\ue8f3' data-av_iconfont='entypo-fontello' title='' data-avia-related-tooltip='Compartir en Facebook' rel=\"noopener\"><span class='avia_hidden_link_text'>Compartir en Facebook<\/span><\/a><\/li><li class='av-share-link av-social-link-twitter' ><a target=\"_blank\" aria-label=\"Compartir en Twitter\" href='https:\/\/twitter.com\/share?text=Puerto%20Chacabuco%20avanza%20en%20preparativos%20para%20pr%C3%B3xima%20sesi%C3%B3n%20del%20Consejo%20de%20Coordinaci%C3%B3n%20Ciudad%20Puerto&#038;url=https:\/\/radiorevelacionfm.cl\/?p=21156' aria-hidden='false' data-av_icon='\ue8f1' data-av_iconfont='entypo-fontello' title='' data-avia-related-tooltip='Compartir en Twitter' rel=\"noopener\"><span class='avia_hidden_link_text'>Compartir en Twitter<\/span><\/a><\/li><li class='av-share-link av-social-link-whatsapp' ><a target=\"_blank\" aria-label=\"Compartir en Whatsapp\" href='https:\/\/api.whatsapp.com\/send?text=https:\/\/radiorevelacionfm.cl\/?p=21156' aria-hidden='false' data-av_icon='\uf232' data-av_iconfont='entypo-fontello' title='' data-avia-related-tooltip='Compartir en Whatsapp' rel=\"noopener\"><span class='avia_hidden_link_text'>Compartir en Whatsapp<\/span><\/a><\/li><li class='av-share-link av-social-link-linkedin' ><a target=\"_blank\" aria-label=\"Compartir en LinkedIn\" href='https:\/\/linkedin.com\/shareArticle?mini=true&#038;title=Puerto%20Chacabuco%20avanza%20en%20preparativos%20para%20pr%C3%B3xima%20sesi%C3%B3n%20del%20Consejo%20de%20Coordinaci%C3%B3n%20Ciudad%20Puerto&#038;url=https:\/\/radiorevelacionfm.cl\/?p=21156' aria-hidden='false' data-av_icon='\ue8fc' data-av_iconfont='entypo-fontello' title='' data-avia-related-tooltip='Compartir en LinkedIn' rel=\"noopener\"><span class='avia_hidden_link_text'>Compartir en LinkedIn<\/span><\/a><\/li><li class='av-share-link av-social-link-mail' ><a  aria-label=\"Compartir por correo\" href='mailto:?subject=Puerto%20Chacabuco%20avanza%20en%20preparativos%20para%20pr%C3%B3xima%20sesi%C3%B3n%20del%20Consejo%20de%20Coordinaci%C3%B3n%20Ciudad%20Puerto&#038;body=https:\/\/radiorevelacionfm.cl\/?p=21156' aria-hidden='false' data-av_icon='\ue805' data-av_iconfont='entypo-fontello' title='' data-avia-related-tooltip='Compartir por correo'><span class='avia_hidden_link_text'>Compartir por correo<\/span><\/a><\/li><\/ul><\/div><\/div>\n<div  style='height:50px' class='hr hr-invisible   avia-builder-el-8  el_after_av_social_share  el_before_av_comments_list '><span class='hr-inner ' ><span class='hr-inner-style'><\/span><\/span><\/div>\n<div  class='av-buildercomment  av-blog-meta-html-info-disabled av-blog-meta-tag-disabled  '><\/div>\n","protected":false},"excerpt":{"rendered":"","protected":false},"author":1,"featured_media":21157,"comment_status":"open","ping_status":"open","sticky":false,"template":"","format":"standard","meta":{"footnotes":""},"categories":[38],"tags":[],"class_list":["post-21156","post","type-post","status-publish","format-standard","has-post-thumbnail","hentry","category-regional"],"jetpack_featured_media_url":"https:\/\/radiorevelacionfm.cl\/wp-content\/uploads\/2022\/08\/Emporcha-Coordinacion-Ciudad-Puerto-1-1.jpeg","_links":{"self":[{"href":"https:\/\/radiorevelacionfm.cl\/index.php?rest_route=\/wp\/v2\/posts\/21156","targetHints":{"allow":["GET"]}}],"collection":[{"href":"https:\/\/radiorevelacionfm.cl\/index.php?rest_route=\/wp\/v2\/posts"}],"about":[{"href":"https:\/\/radiorevelacionfm.cl\/index.php?rest_route=\/wp\/v2\/types\/post"}],"author":[{"embeddable":true,"href":"https:\/\/radiorevelacionfm.cl\/index.php?rest_route=\/wp\/v2\/users\/1"}],"replies":[{"embeddable":true,"href":"https:\/\/radiorevelacionfm.cl\/index.php?rest_route=%2Fwp%2Fv2%2Fcomments&post=21156"}],"version-history":[{"count":2,"href":"https:\/\/radiorevelacionfm.cl\/index.php?rest_route=\/wp\/v2\/posts\/21156\/revisions"}],"predecessor-version":[{"id":21159,"href":"https:\/\/radiorevelacionfm.cl\/index.php?rest_route=\/wp\/v2\/posts\/21156\/revisions\/21159"}],"wp:featuredmedia":[{"embeddable":true,"href":"https:\/\/radiorevelacionfm.cl\/index.php?rest_route=\/wp\/v2\/media\/21157"}],"wp:attachment":[{"href":"https:\/\/radiorevelacionfm.cl\/index.php?rest_route=%2Fwp%2Fv2%2Fmedia&parent=21156"}],"wp:term":[{"taxonomy":"category","embeddable":true,"href":"https:\/\/radiorevelacionfm.cl\/index.php?rest_route=%2Fwp%2Fv2%2Fcategories&post=21156"},{"taxonomy":"post_tag","embeddable":true,"href":"https:\/\/radiorevelacionfm.cl\/index.php?rest_route=%2Fwp%2Fv2%2Ftags&post=21156"}],"curies":[{"name":"wp","href":"https:\/\/api.w.org\/{rel}","templated":true}]}}