{"id":21150,"date":"2022-08-28T18:19:42","date_gmt":"2022-08-28T21:19:42","guid":{"rendered":"https:\/\/radiorevelacionfm.cl\/?p=21150"},"modified":"2022-08-28T18:19:42","modified_gmt":"2022-08-28T21:19:42","slug":"autoridades-inspeccionan-avances-en-barcazas-la-tehuelche-y-pilchero","status":"publish","type":"post","link":"https:\/\/radiorevelacionfm.cl\/?p=21150","title":{"rendered":"Autoridades inspeccionan avances en barcazas La Tehuelche y Pilchero"},"content":{"rendered":"<div class=\"flex_column av_one_full  flex_column_div av-zero-column-padding first  avia-builder-el-0  el_before_av_one_full  avia-builder-el-first  \" style='border-radius:0px; '><div  class='avia-image-container  av-styling-    avia-builder-el-1  avia-builder-el-no-sibling  avia-align-center '  itemprop=\"image\" itemscope=\"itemscope\" itemtype=\"https:\/\/schema.org\/ImageObject\"  ><div class='avia-image-container-inner'><div class='avia-image-overlay-wrap'><img decoding=\"async\" class='wp-image-21152 avia-img-lazy-loading-not-21152 avia_image' src=\"https:\/\/radiorevelacionfm.cl\/wp-content\/uploads\/2022\/08\/20220825_123103-1_optimized.jpg\" alt='' title='20220825_123103-(1)_optimized' height=\"600\" width=\"821\"  itemprop=\"thumbnailUrl\" srcset=\"https:\/\/radiorevelacionfm.cl\/wp-content\/uploads\/2022\/08\/20220825_123103-1_optimized.jpg 821w, https:\/\/radiorevelacionfm.cl\/wp-content\/uploads\/2022\/08\/20220825_123103-1_optimized-300x219.jpg 300w, https:\/\/radiorevelacionfm.cl\/wp-content\/uploads\/2022\/08\/20220825_123103-1_optimized-768x561.jpg 768w, https:\/\/radiorevelacionfm.cl\/wp-content\/uploads\/2022\/08\/20220825_123103-1_optimized-705x515.jpg 705w, https:\/\/radiorevelacionfm.cl\/wp-content\/uploads\/2022\/08\/20220825_123103-1_optimized-600x438.jpg 600w\" sizes=\"(max-width: 821px) 100vw, 821px\" \/><\/div><\/div><\/div><\/div><div class=\"flex_column av_one_full  flex_column_div av-zero-column-padding first  avia-builder-el-2  el_after_av_one_full  el_before_av_one_full  column-top-margin\" style='border-radius:0px; '><section class=\"av_textblock_section \"  itemscope=\"itemscope\" itemtype=\"https:\/\/schema.org\/BlogPosting\" itemprop=\"blogPost\" ><div class='avia_textblock  '   itemprop=\"text\" ><p style=\"text-align: center;\"><span style=\"font-size: 18pt;\"><b><span lang=\"ES\">Autoridades inspeccionan avances en barcazas La Tehuelche y Pilchero<\/span><\/b><\/span><\/p>\n<div id=\"gtx-trans\" style=\"position: absolute; left: -50px; top: 4.31534px;\">\n<div class=\"gtx-trans-icon\"><\/div>\n<\/div>\n<\/div><\/section><\/div><div class=\"flex_column av_one_full  flex_column_div av-zero-column-padding first  avia-builder-el-4  el_after_av_one_full  el_before_av_hr  column-top-margin\" style='border-radius:0px; '><section class=\"av_textblock_section \"  itemscope=\"itemscope\" itemtype=\"https:\/\/schema.org\/BlogPosting\" itemprop=\"blogPost\" ><div class='avia_textblock  '   itemprop=\"text\" ><p style=\"font-weight: 400; text-align: justify;\">Un recorrido de inspecci\u00f3n por los trabajos que se realizan en Puerto Ingeniero Ib\u00e1\u00f1ez por la carena a flote y reparaci\u00f3n de las barcazas La Tehuelche y Pilchero, realizaron el Delegado Presidencial Regional, Rodrigo Araya, el Delegado Presidencial Provincial, Daniel Fern\u00e1ndez, y seremi de Obras P\u00fablicas, Patricio Sanhueza.<\/p>\n<p style=\"font-weight: 400; text-align: justify;\">La inspecci\u00f3n permiti\u00f3 constatar el cumplimiento de los cronogramas de trabajo establecidos para ambas embarcaciones, con el objetivo de un restablecimiento seguro y de largo plazo del servicio de traslado lacustre entre Puerto Ib\u00e1\u00f1ez y Chile Chico.<\/p>\n<p style=\"font-weight: 400; text-align: justify;\">El Delegado Rodrigo Araya se\u00f1al\u00f3 que en el caso de La Tehuelche el contrato con Astilleros y Maestranzas de la Armada, Asmar se encuentra en plena ejecuci\u00f3n desde fines de julio, mientras en la barcaza Pilchero se avanza en renovaci\u00f3n de revestimiento para proseguir con el sistema el\u00e9ctrico.<\/p>\n<p style=\"font-weight: 400; text-align: justify;\">\u201cEn La Tehuelche constatamos que el personal de Asmar est\u00e1 trabajando, ya han retirado piezas, motores para su reparaci\u00f3n efectiva y tienen un calendario de trabajo bien estipulado y que est\u00e1n cumpliendo muy bien, por lo que tenemos bien aspectado que a fines de diciembre esta barcaza est\u00e9 operativa. La barcaza Pilchero tambi\u00e9n est\u00e1 en reparaciones ac\u00e1 en Ib\u00e1\u00f1ez y est\u00e1n haciendo toda la renovaci\u00f3n del piso de la planta de pasajeros, para luego iniciar la reparaci\u00f3n el\u00e9ctrica de toda esa red con la actualizaci\u00f3n del sistema el\u00e9ctrico correspondiente y su mejora. Por lo tanto, se est\u00e1n realizando las reparaciones comprometidas y esperamos que estas barcazas est\u00e9n en los plazos comprometidos operando en el lago\u201d, detall\u00f3.<\/p>\n<p style=\"font-weight: 400; text-align: justify;\">El seremi Patricio Sanhueza a\u00f1adi\u00f3 que el contrato establecido con Asmar considera la entrega de reportes semanales, sobre las labores desarrolladas por los equipos t\u00e9cnicos y la adquisici\u00f3n de repuestos cr\u00edticos.<\/p>\n<p style=\"font-weight: 400; text-align: justify;\">\u201cHemos tenido reportes semanales, que es el compromiso que tiene la empresa, que nos permite llevar un seguimiento de los avances, y un hito fundamental para la tranquilidad de la comunidad, es tener a los equipos trabajando. Hemos visto que se han retirado motores, hemos visto el avance, se han abierto rutas para retiro de equipamiento. Estamos dentro de cronograma de trabajo, ya se hizo la compra de repuestos, una gran cantidad de repuestos ya adquiridos y el d\u00eda de hoy, justamente, el jefe t\u00e9cnico de la reparaci\u00f3n estaba trasladando m\u00e1s personal y repuestos, as\u00ed es que estamos dentro del cronograma\u201d, detall\u00f3.<\/p>\n<p style=\"font-weight: 400; text-align: justify;\"><strong>Avances en el Plan de Conectividad<\/strong><\/p>\n<p style=\"font-weight: 400; text-align: justify;\">El Delegado Presidencial Provincial, Daniel Fern\u00e1ndez, afirm\u00f3 que las visitas de inspecci\u00f3n se desarrollar\u00e1n en forma peri\u00f3dica para llevar informaci\u00f3n oportuna a la comunidad de Chile Chico y de la provincia General Carrera, en torno a \u00e9ste y otros avances del Plan de Conectividad.<\/p>\n<p style=\"font-weight: 400; text-align: justify;\">\u201cAcabamos de hacer una visita inspectiva a bordo de la barcaza La Tehuelche y pudimos constatar en terreno, en conversaci\u00f3n con los trabajadores de la empresa Asmar que, efectivamente, se est\u00e1 avanzando con los trabajos. Hay repuestos que se adquirieron que ya llegaron ac\u00e1 a Puerto Ingeniero Ib\u00e1\u00f1ez y, en definitiva, se avanza dentro de los plazos comprometidos y seguiremos haciendo seguimiento de los trabajos que se est\u00e1n realizando y estaremos informando constantemente a la comunidad de los mismos\u201d, puntualiz\u00f3.<\/p>\n<p style=\"font-weight: 400; text-align: justify;\">El Plan de Conectividad de Chile Chico implica la v\u00eda terrestre, a\u00e9rea y lacustre, e involucra a las Delegaciones Presidenciales Regional y Provincial, Ministerio de Obras P\u00fablicas y Ministerio de Transportes y Telecomunicaciones, Gobierno Regional de Ays\u00e9n, municipalidades de R\u00edo Ib\u00e1\u00f1ez y Chile Chico, parlamentarios y organizaciones ciudadanas.<\/p>\n<p style=\"font-weight: 400; text-align: justify;\">Entre los \u00faltimos avances, destacan la apertura parcial del Paso Fronterizo Pallavicini en R\u00edo Ib\u00e1\u00f1ez desde el jueves \u00faltimo; traslado a\u00e9reo Chile Chico Coyhaique subvencionado; circulaci\u00f3n de bus subvencionado seis d\u00edas a la semana entre los Pasos Huemules y Jeinimeni, gratuito para estudiantes y personas mayores y con una tarifa de dos mil pesos para el resto de las y los pasajeros; e inicio del proceso de participaci\u00f3n ciudadana por parte del MOP para el dise\u00f1o de una nueva embarcaci\u00f3n para el Lago General Carrera, con participaci\u00f3n de la Universidad de Ays\u00e9n y Universidad Austral de Chile.<\/p>\n<p style=\"font-weight: 400; text-align: justify;\">De forma complementaria, el Ministerio de Obras P\u00fablicas licitar\u00e1 la construcci\u00f3n de un cobertizo en Paso Las Llaves avaluado en seis mil millones de pesos y pavimentaci\u00f3n de la ruta El Mait\u00e9n-Guadal mediante una inversi\u00f3n de 15.000 millones de pesos.<\/p>\n<\/div><\/section><\/div><div  style='height:50px' class='hr hr-invisible   avia-builder-el-6  el_after_av_one_full  el_before_av_social_share '><span class='hr-inner ' ><span class='hr-inner-style'><\/span><\/span><\/div><\/p>\n<div  class='av-social-sharing-box  avia-builder-el-7  el_after_av_hr  el_before_av_hr  '><div class='av-share-box'><h5 class='av-share-link-description av-no-toc '>Compartir esta noticia<\/h5><ul class='av-share-box-list noLightbox'><li class='av-share-link av-social-link-facebook' ><a target=\"_blank\" aria-label=\"Compartir en Facebook\" href='https:\/\/www.facebook.com\/sharer.php?u=https:\/\/radiorevelacionfm.cl\/?p=21150&#038;t=Autoridades%20inspeccionan%20avances%20en%20barcazas%20La%20Tehuelche%20y%20Pilchero' aria-hidden='false' data-av_icon='\ue8f3' data-av_iconfont='entypo-fontello' title='' data-avia-related-tooltip='Compartir en Facebook' rel=\"noopener\"><span class='avia_hidden_link_text'>Compartir en Facebook<\/span><\/a><\/li><li class='av-share-link av-social-link-twitter' ><a target=\"_blank\" aria-label=\"Compartir en Twitter\" href='https:\/\/twitter.com\/share?text=Autoridades%20inspeccionan%20avances%20en%20barcazas%20La%20Tehuelche%20y%20Pilchero&#038;url=https:\/\/radiorevelacionfm.cl\/?p=21150' aria-hidden='false' data-av_icon='\ue8f1' data-av_iconfont='entypo-fontello' title='' data-avia-related-tooltip='Compartir en Twitter' rel=\"noopener\"><span class='avia_hidden_link_text'>Compartir en Twitter<\/span><\/a><\/li><li class='av-share-link av-social-link-whatsapp' ><a target=\"_blank\" aria-label=\"Compartir en Whatsapp\" href='https:\/\/api.whatsapp.com\/send?text=https:\/\/radiorevelacionfm.cl\/?p=21150' aria-hidden='false' data-av_icon='\uf232' data-av_iconfont='entypo-fontello' title='' data-avia-related-tooltip='Compartir en Whatsapp' rel=\"noopener\"><span class='avia_hidden_link_text'>Compartir en Whatsapp<\/span><\/a><\/li><li class='av-share-link av-social-link-linkedin' ><a target=\"_blank\" aria-label=\"Compartir en LinkedIn\" href='https:\/\/linkedin.com\/shareArticle?mini=true&#038;title=Autoridades%20inspeccionan%20avances%20en%20barcazas%20La%20Tehuelche%20y%20Pilchero&#038;url=https:\/\/radiorevelacionfm.cl\/?p=21150' aria-hidden='false' data-av_icon='\ue8fc' data-av_iconfont='entypo-fontello' title='' data-avia-related-tooltip='Compartir en LinkedIn' rel=\"noopener\"><span class='avia_hidden_link_text'>Compartir en LinkedIn<\/span><\/a><\/li><li class='av-share-link av-social-link-mail' ><a  aria-label=\"Compartir por correo\" href='mailto:?subject=Autoridades%20inspeccionan%20avances%20en%20barcazas%20La%20Tehuelche%20y%20Pilchero&#038;body=https:\/\/radiorevelacionfm.cl\/?p=21150' aria-hidden='false' data-av_icon='\ue805' data-av_iconfont='entypo-fontello' title='' data-avia-related-tooltip='Compartir por correo'><span class='avia_hidden_link_text'>Compartir por correo<\/span><\/a><\/li><\/ul><\/div><\/div>\n<div  style='height:50px' class='hr hr-invisible   avia-builder-el-8  el_after_av_social_share  el_before_av_comments_list '><span class='hr-inner ' ><span class='hr-inner-style'><\/span><\/span><\/div>\n<div  class='av-buildercomment  av-blog-meta-html-info-disabled av-blog-meta-tag-disabled  '><\/div>\n","protected":false},"excerpt":{"rendered":"","protected":false},"author":1,"featured_media":21152,"comment_status":"open","ping_status":"open","sticky":false,"template":"","format":"standard","meta":{"footnotes":""},"categories":[38],"tags":[],"class_list":["post-21150","post","type-post","status-publish","format-standard","has-post-thumbnail","hentry","category-regional"],"jetpack_featured_media_url":"https:\/\/radiorevelacionfm.cl\/wp-content\/uploads\/2022\/08\/20220825_123103-1_optimized.jpg","_links":{"self":[{"href":"https:\/\/radiorevelacionfm.cl\/index.php?rest_route=\/wp\/v2\/posts\/21150","targetHints":{"allow":["GET"]}}],"collection":[{"href":"https:\/\/radiorevelacionfm.cl\/index.php?rest_route=\/wp\/v2\/posts"}],"about":[{"href":"https:\/\/radiorevelacionfm.cl\/index.php?rest_route=\/wp\/v2\/types\/post"}],"author":[{"embeddable":true,"href":"https:\/\/radiorevelacionfm.cl\/index.php?rest_route=\/wp\/v2\/users\/1"}],"replies":[{"embeddable":true,"href":"https:\/\/radiorevelacionfm.cl\/index.php?rest_route=%2Fwp%2Fv2%2Fcomments&post=21150"}],"version-history":[{"count":2,"href":"https:\/\/radiorevelacionfm.cl\/index.php?rest_route=\/wp\/v2\/posts\/21150\/revisions"}],"predecessor-version":[{"id":21154,"href":"https:\/\/radiorevelacionfm.cl\/index.php?rest_route=\/wp\/v2\/posts\/21150\/revisions\/21154"}],"wp:featuredmedia":[{"embeddable":true,"href":"https:\/\/radiorevelacionfm.cl\/index.php?rest_route=\/wp\/v2\/media\/21152"}],"wp:attachment":[{"href":"https:\/\/radiorevelacionfm.cl\/index.php?rest_route=%2Fwp%2Fv2%2Fmedia&parent=21150"}],"wp:term":[{"taxonomy":"category","embeddable":true,"href":"https:\/\/radiorevelacionfm.cl\/index.php?rest_route=%2Fwp%2Fv2%2Fcategories&post=21150"},{"taxonomy":"post_tag","embeddable":true,"href":"https:\/\/radiorevelacionfm.cl\/index.php?rest_route=%2Fwp%2Fv2%2Ftags&post=21150"}],"curies":[{"name":"wp","href":"https:\/\/api.w.org\/{rel}","templated":true}]}}