{"id":21146,"date":"2022-08-28T17:58:15","date_gmt":"2022-08-28T20:58:15","guid":{"rendered":"https:\/\/radiorevelacionfm.cl\/?p=21146"},"modified":"2022-08-28T17:58:15","modified_gmt":"2022-08-28T20:58:15","slug":"a-teatro-lleno-coyhaique-vivio-el-v-festival-confluencia","status":"publish","type":"post","link":"https:\/\/radiorevelacionfm.cl\/?p=21146","title":{"rendered":"A teatro lleno, Coyhaique vivi\u00f3 el V Festival Confluencia"},"content":{"rendered":"<div class=\"flex_column av_one_full  flex_column_div av-zero-column-padding first  avia-builder-el-0  el_before_av_one_full  avia-builder-el-first  \" style='border-radius:0px; '><div  class='avia-image-container  av-styling-    avia-builder-el-1  avia-builder-el-no-sibling  avia-align-center '  itemprop=\"image\" itemscope=\"itemscope\" itemtype=\"https:\/\/schema.org\/ImageObject\"  ><div class='avia-image-container-inner'><div class='avia-image-overlay-wrap'><img decoding=\"async\" class='wp-image-21147 avia-img-lazy-loading-not-21147 avia_image' src=\"https:\/\/radiorevelacionfm.cl\/wp-content\/uploads\/2022\/08\/makutri-1-1.jpg\" alt='' title='makutri (1) (1)' height=\"600\" width=\"900\"  itemprop=\"thumbnailUrl\" srcset=\"https:\/\/radiorevelacionfm.cl\/wp-content\/uploads\/2022\/08\/makutri-1-1.jpg 900w, https:\/\/radiorevelacionfm.cl\/wp-content\/uploads\/2022\/08\/makutri-1-1-300x200.jpg 300w, https:\/\/radiorevelacionfm.cl\/wp-content\/uploads\/2022\/08\/makutri-1-1-768x512.jpg 768w, https:\/\/radiorevelacionfm.cl\/wp-content\/uploads\/2022\/08\/makutri-1-1-705x470.jpg 705w, https:\/\/radiorevelacionfm.cl\/wp-content\/uploads\/2022\/08\/makutri-1-1-600x400.jpg 600w\" sizes=\"(max-width: 900px) 100vw, 900px\" \/><\/div><\/div><\/div><\/div><div class=\"flex_column av_one_full  flex_column_div av-zero-column-padding first  avia-builder-el-2  el_after_av_one_full  el_before_av_one_full  column-top-margin\" style='border-radius:0px; '><section class=\"av_textblock_section \"  itemscope=\"itemscope\" itemtype=\"https:\/\/schema.org\/BlogPosting\" itemprop=\"blogPost\" ><div class='avia_textblock  '   itemprop=\"text\" ><p style=\"text-align: center;\"><span style=\"font-size: 18pt;\"><b>A teatro lleno, Coyhaique vivi\u00f3 el V Festival Confluencia<\/b><\/span><\/p>\n<div id=\"gtx-trans\" style=\"position: absolute; left: -50px; top: 4.31534px;\">\n<div class=\"gtx-trans-icon\"><\/div>\n<\/div>\n<\/div><\/section><\/div><div class=\"flex_column av_one_full  flex_column_div av-zero-column-padding first  avia-builder-el-4  el_after_av_one_full  el_before_av_hr  column-top-margin\" style='border-radius:0px; '><section class=\"av_textblock_section \"  itemscope=\"itemscope\" itemtype=\"https:\/\/schema.org\/BlogPosting\" itemprop=\"blogPost\" ><div class='avia_textblock  '   itemprop=\"text\" ><p class=\"v1p7\" style=\"text-align: justify;\">El Centro Cultural Coyhaique fue el escenario de un nuevo recital que es parte de la Red Nacional de Festivales Rock\u00f3dromo, producido por las Escuelas de Rock y M\u00fasica Popular del Ministerio de las Culturas, las Artes y el Patrimonio, y que define qui\u00e9n representar\u00e1 al territorio en el Rock\u00f3dromo 2022 en diciembre en Valpara\u00edso.<\/p>\n<p class=\"v1p7\" style=\"text-align: justify;\">Sobre el escenario estuvieron los regionales Maku Tri, Rolando Form\u00f3n, Rast\u00e1dos, Celeste Anacletxx, Avizmo, Cepa Funk, Allchick, La Don Genaro, Yareta Fusi\u00f3n (Chile Chico), la invitada de intercambio de los procesos formativos en la Regi\u00f3n de Valpara\u00edso, Artesana, y la cantautora del Maule, Evelyn Cornejo.<\/p>\n<p class=\"v1p7\" style=\"text-align: justify;\">Tras m\u00e1s de 5 horas de show, el jurado, compuesto por Evelyn Cornejo, Jorge Pe\u00f1a y David Quinteros (ambos de la Seremi de Culturas Ays\u00e9n), defini\u00f3 al ganador: Rolando Form\u00f3n viajar\u00e1 al Festival Rock\u00f3dromo de Valpara\u00edso, llevando m\u00fasica aysenina al puerto.<\/p>\n<p class=\"v1p7\" style=\"text-align: justify;\">Rolando se mostr\u00f3 muy contento con la noticia: \u00abDe verdad que no me lo esperaba. Muy emocionado porque amo lo que hago, lo vengo haciendo hace mucho tiempo y me encanta hacer esto. Me gusta mucho hacer canciones y comunicarlas a la gente. Bac\u00e1n que se den estas posibilidades y puntos de encuentro entre muchos artistas\u00bb.<\/p>\n<p class=\"v1p7\" style=\"text-align: justify;\">La seremi (S) de Culturas Ays\u00e9n, Claudia Bustamante, dijo que \u00abes un lujo poder presenciar una larga jornada de m\u00fasica regional e invitados de otras partes de Chile en forma impecable, que como cada a\u00f1o, hace ya 5 a\u00f1os, sorprende a la comunidad de Coyhaique. Estamos felices de la selecci\u00f3n del jurado y seguros de que Rolando Form\u00f3n sabr\u00e1 dejar muy arriba el nombre de nuestra regi\u00f3n\u00bb.<\/p>\n<p class=\"v1p7\" style=\"text-align: justify;\">Camilo Cisternas<span class=\"v1Apple-converted-space\">\u00a0\u00a0<\/span>particip\u00f3 por partida doble, con Maku Tri y su proyecto solista Allchick: \u00abSiempre tocar en vivo es una experiencia que te llena de emociones. Vi el p\u00fablico desde el principio y se llen\u00f3 y estaba bac\u00e1n\u00bb.<\/p>\n<p class=\"v1p7\" style=\"text-align: justify;\">Nicole Parra de la agrupaci\u00f3n Yareta Fusi\u00f3n de Chile Chico, tambi\u00e9n manifest\u00f3 su alegr\u00eda de participar: \u00abMe sent\u00ed bien. En general hay un ambiente supertenso de alguna manera al momento de subirse al escenario, pero despu\u00e9s ya cuando est\u00e1s con la banda completa uno se relaja m\u00e1s, pero es una instancia que en realidad esper\u00e1bamos todas las del grupo. Estamos supercontentas de haber sido seleccionadas y para nosotros es todo un cuento porque vivimos tan alejados y el tema de la conectividad es muy importante. Llegar ac\u00e1 fue toda una peripecia y nos sentimos contentas de haberlo logrado\u00bb.<\/p>\n<p class=\"v1p7\" style=\"text-align: justify;\">El coordinador del Programa Escuelas Rock y M\u00fasica Popular, Cristi\u00e1n Z\u00fa\u00f1iga, agradeci\u00f3 la convocatoria de p\u00fablico y el \u00e1nimo de las bandas: \u00abA todos y todas los que participaron, sobre todo a las bandas y solistas seleccionados de los procesos formativos de Escuelas de Rock. A Artesana que viaj\u00f3 como grupo de intercambio desde Valpara\u00edso; y a Evelyn Cornejo, que ya es fundamental de la m\u00fasica popular chilena. Y felicitar a Rolando Form\u00f3n, artista seleccionado para representar a la Regi\u00f3n de Ays\u00e9n en el Rock\u00f3dromo 2022\u00bb.<\/p>\n<\/div><\/section><\/div><div  style='height:50px' class='hr hr-invisible   avia-builder-el-6  el_after_av_one_full  el_before_av_social_share '><span class='hr-inner ' ><span class='hr-inner-style'><\/span><\/span><\/div><\/p>\n<div  class='av-social-sharing-box  avia-builder-el-7  el_after_av_hr  el_before_av_hr  '><div class='av-share-box'><h5 class='av-share-link-description av-no-toc '>Compartir esta noticia<\/h5><ul class='av-share-box-list noLightbox'><li class='av-share-link av-social-link-facebook' ><a target=\"_blank\" aria-label=\"Compartir en Facebook\" href='https:\/\/www.facebook.com\/sharer.php?u=https:\/\/radiorevelacionfm.cl\/?p=21146&#038;t=A%20teatro%20lleno%2C%20Coyhaique%20vivi%C3%B3%20el%20V%20Festival%20Confluencia' aria-hidden='false' data-av_icon='\ue8f3' data-av_iconfont='entypo-fontello' title='' data-avia-related-tooltip='Compartir en Facebook' rel=\"noopener\"><span class='avia_hidden_link_text'>Compartir en Facebook<\/span><\/a><\/li><li class='av-share-link av-social-link-twitter' ><a target=\"_blank\" aria-label=\"Compartir en Twitter\" href='https:\/\/twitter.com\/share?text=A%20teatro%20lleno%2C%20Coyhaique%20vivi%C3%B3%20el%20V%20Festival%20Confluencia&#038;url=https:\/\/radiorevelacionfm.cl\/?p=21146' aria-hidden='false' data-av_icon='\ue8f1' data-av_iconfont='entypo-fontello' title='' data-avia-related-tooltip='Compartir en Twitter' rel=\"noopener\"><span class='avia_hidden_link_text'>Compartir en Twitter<\/span><\/a><\/li><li class='av-share-link av-social-link-whatsapp' ><a target=\"_blank\" aria-label=\"Compartir en Whatsapp\" href='https:\/\/api.whatsapp.com\/send?text=https:\/\/radiorevelacionfm.cl\/?p=21146' aria-hidden='false' data-av_icon='\uf232' data-av_iconfont='entypo-fontello' title='' data-avia-related-tooltip='Compartir en Whatsapp' rel=\"noopener\"><span class='avia_hidden_link_text'>Compartir en Whatsapp<\/span><\/a><\/li><li class='av-share-link av-social-link-linkedin' ><a target=\"_blank\" aria-label=\"Compartir en LinkedIn\" href='https:\/\/linkedin.com\/shareArticle?mini=true&#038;title=A%20teatro%20lleno%2C%20Coyhaique%20vivi%C3%B3%20el%20V%20Festival%20Confluencia&#038;url=https:\/\/radiorevelacionfm.cl\/?p=21146' aria-hidden='false' data-av_icon='\ue8fc' data-av_iconfont='entypo-fontello' title='' data-avia-related-tooltip='Compartir en LinkedIn' rel=\"noopener\"><span class='avia_hidden_link_text'>Compartir en LinkedIn<\/span><\/a><\/li><li class='av-share-link av-social-link-mail' ><a  aria-label=\"Compartir por correo\" href='mailto:?subject=A%20teatro%20lleno%2C%20Coyhaique%20vivi%C3%B3%20el%20V%20Festival%20Confluencia&#038;body=https:\/\/radiorevelacionfm.cl\/?p=21146' aria-hidden='false' data-av_icon='\ue805' data-av_iconfont='entypo-fontello' title='' data-avia-related-tooltip='Compartir por correo'><span class='avia_hidden_link_text'>Compartir por correo<\/span><\/a><\/li><\/ul><\/div><\/div>\n<div  style='height:50px' class='hr hr-invisible   avia-builder-el-8  el_after_av_social_share  el_before_av_comments_list '><span class='hr-inner ' ><span class='hr-inner-style'><\/span><\/span><\/div>\n<div  class='av-buildercomment  av-blog-meta-html-info-disabled av-blog-meta-tag-disabled  '><\/div>\n","protected":false},"excerpt":{"rendered":"","protected":false},"author":1,"featured_media":21147,"comment_status":"open","ping_status":"open","sticky":false,"template":"","format":"standard","meta":{"footnotes":""},"categories":[43],"tags":[],"class_list":["post-21146","post","type-post","status-publish","format-standard","has-post-thumbnail","hentry","category-musica"],"jetpack_featured_media_url":"https:\/\/radiorevelacionfm.cl\/wp-content\/uploads\/2022\/08\/makutri-1-1.jpg","_links":{"self":[{"href":"https:\/\/radiorevelacionfm.cl\/index.php?rest_route=\/wp\/v2\/posts\/21146","targetHints":{"allow":["GET"]}}],"collection":[{"href":"https:\/\/radiorevelacionfm.cl\/index.php?rest_route=\/wp\/v2\/posts"}],"about":[{"href":"https:\/\/radiorevelacionfm.cl\/index.php?rest_route=\/wp\/v2\/types\/post"}],"author":[{"embeddable":true,"href":"https:\/\/radiorevelacionfm.cl\/index.php?rest_route=\/wp\/v2\/users\/1"}],"replies":[{"embeddable":true,"href":"https:\/\/radiorevelacionfm.cl\/index.php?rest_route=%2Fwp%2Fv2%2Fcomments&post=21146"}],"version-history":[{"count":2,"href":"https:\/\/radiorevelacionfm.cl\/index.php?rest_route=\/wp\/v2\/posts\/21146\/revisions"}],"predecessor-version":[{"id":21149,"href":"https:\/\/radiorevelacionfm.cl\/index.php?rest_route=\/wp\/v2\/posts\/21146\/revisions\/21149"}],"wp:featuredmedia":[{"embeddable":true,"href":"https:\/\/radiorevelacionfm.cl\/index.php?rest_route=\/wp\/v2\/media\/21147"}],"wp:attachment":[{"href":"https:\/\/radiorevelacionfm.cl\/index.php?rest_route=%2Fwp%2Fv2%2Fmedia&parent=21146"}],"wp:term":[{"taxonomy":"category","embeddable":true,"href":"https:\/\/radiorevelacionfm.cl\/index.php?rest_route=%2Fwp%2Fv2%2Fcategories&post=21146"},{"taxonomy":"post_tag","embeddable":true,"href":"https:\/\/radiorevelacionfm.cl\/index.php?rest_route=%2Fwp%2Fv2%2Ftags&post=21146"}],"curies":[{"name":"wp","href":"https:\/\/api.w.org\/{rel}","templated":true}]}}