{"id":21134,"date":"2022-08-27T19:56:36","date_gmt":"2022-08-27T22:56:36","guid":{"rendered":"https:\/\/radiorevelacionfm.cl\/?p=21134"},"modified":"2022-08-27T20:09:05","modified_gmt":"2022-08-27T23:09:05","slug":"equipo-de-aysen-participara-en-mundial-de-parrilleros-en-belgica","status":"publish","type":"post","link":"https:\/\/radiorevelacionfm.cl\/?p=21134","title":{"rendered":"Equipo de Ays\u00e9n participar\u00e1 en Mundial de Parrilleros en B\u00e9lgica"},"content":{"rendered":"<div class=\"flex_column av_one_full  flex_column_div av-zero-column-padding first  avia-builder-el-0  el_before_av_one_full  avia-builder-el-first  \" style='border-radius:0px; '><div  class='avia-image-container  av-styling-    avia-builder-el-1  avia-builder-el-no-sibling  avia-align-center '  itemprop=\"image\" itemscope=\"itemscope\" itemtype=\"https:\/\/schema.org\/ImageObject\"  ><div class='avia-image-container-inner'><div class='avia-image-overlay-wrap'><img decoding=\"async\" class='wp-image-21135 avia-img-lazy-loading-not-21135 avia_image' src=\"https:\/\/radiorevelacionfm.cl\/wp-content\/uploads\/2022\/08\/300575559_10228086767942744_2488514668066268050_n-1-1.jpg\" alt='' title='300575559_10228086767942744_2488514668066268050_n (1) (1)' height=\"600\" width=\"702\"  itemprop=\"thumbnailUrl\" srcset=\"https:\/\/radiorevelacionfm.cl\/wp-content\/uploads\/2022\/08\/300575559_10228086767942744_2488514668066268050_n-1-1.jpg 702w, https:\/\/radiorevelacionfm.cl\/wp-content\/uploads\/2022\/08\/300575559_10228086767942744_2488514668066268050_n-1-1-300x256.jpg 300w, https:\/\/radiorevelacionfm.cl\/wp-content\/uploads\/2022\/08\/300575559_10228086767942744_2488514668066268050_n-1-1-600x513.jpg 600w\" sizes=\"(max-width: 702px) 100vw, 702px\" \/><\/div><\/div><\/div><\/div>\n<div class=\"flex_column av_one_full  flex_column_div av-zero-column-padding first  avia-builder-el-2  el_after_av_one_full  el_before_av_one_full  column-top-margin\" style='border-radius:0px; '><section class=\"av_textblock_section \"  itemscope=\"itemscope\" itemtype=\"https:\/\/schema.org\/BlogPosting\" itemprop=\"blogPost\" ><div class='avia_textblock  '   itemprop=\"text\" ><p style=\"text-align: center;\"><span style=\"font-size: 18pt;\"><strong>Equipo de Ays\u00e9n participar\u00e1 en Mundial de Parrilleros en B\u00e9lgica<\/strong><\/span><\/p>\n<div id=\"gtx-trans\" style=\"position: absolute; left: -50px; top: 4.31534px;\">\n<div class=\"gtx-trans-icon\"><\/div>\n<\/div>\n<\/div><\/section><\/div>\n<div class=\"flex_column av_one_full  flex_column_div av-zero-column-padding first  avia-builder-el-4  el_after_av_one_full  el_before_av_hr  column-top-margin\" style='border-radius:0px; '><section class=\"av_textblock_section \"  itemscope=\"itemscope\" itemtype=\"https:\/\/schema.org\/BlogPosting\" itemprop=\"blogPost\" ><div class='avia_textblock  '   itemprop=\"text\" ><p style=\"text-align: justify;\">Luego de ser parte de una competencia latinoamericana y obtener el segundo lugar, un equipo de Puerto Ays\u00e9n ser\u00e1 parte del mundial de parrilleros a realizarse en B\u00e9lgica, durante los d\u00edas 02, 03 y 04 de septiembre. Fabi\u00e1n Gillibrand y Rodrigo Castillo, son algunos de los compatriotas que dar\u00e1n cuenta de sus conocimientos en la cocci\u00f3n de carne bajo este popular sistema.<\/p>\n<p style=\"text-align: justify;\">\u201cNosotros hace un tiempo atr\u00e1s, tuvimos una participaci\u00f3n en un latinoamericano de parrilleros, nosotros fuimos a representar a la regi\u00f3n de Ays\u00e9n con un grupo de amigos parrilleros, con don Fabi\u00e1n Gillibrand de entre brazas y r\u00edos y yo tambi\u00e9n como chef del mismo recinto, participamos de ese concurso. En esa instancia obtuvimos el segundo lugar a nivel latinoamericano, donde participaron 40 equipos, actividad que se llev\u00f3 a cabo en esa \u00e9poca en la Serena\u201d, coment\u00f3 Rodrigo Castillo.<\/p>\n<p style=\"text-align: justify;\">Esto ocurri\u00f3 el 2019, a\u00f1o que se esperaba la realizaci\u00f3n de la competencia a nivel mundial en B\u00e9lgica, pero, \u201ccomenz\u00f3 la pandemia y por dos a\u00f1os se suspendi\u00f3 el tema del mundial, pero hoy en d\u00eda se est\u00e1 haciendo realidad nuestro sue\u00f1o de ir al mundial y en un par de d\u00edas m\u00e1s viajamos a B\u00e9lgica. Ya don Fabi\u00e1n Gillibrand viaj\u00f3 y nosotros nos vamos en dos d\u00edas m\u00e1s para unirnos al equipo\u201d, a\u00f1adi\u00f3 el chef aysenino, Rodrigo Castillo.<\/p>\n<p style=\"text-align: justify;\">El profesional de la cocina, asegur\u00f3 que viajan con las mejores vibras y con la intenci\u00f3n de dejar bien puesto el nombre de Puerto Ays\u00e9n a nivel mundial. \u201cY vamos a representar m\u00e1s que a Chile, en realidad representar a nuestra Patagonia y a Puerto Ays\u00e9n, somos todos gente de ac\u00e1, felices y orgullosos de eso. Vamos a estar en una competencia bastante dif\u00edcil, pero nos hemos ido preparando de a poco para hacer algo ya a nivel mundial\u201d, puntualiz\u00f3 Rodrigo Castillo.<\/p>\n<\/div><\/section><\/div><div  style='height:50px' class='hr hr-invisible   avia-builder-el-6  el_after_av_one_full  el_before_av_social_share '><span class='hr-inner ' ><span class='hr-inner-style'><\/span><\/span><\/div><\/p>\n<div  class='av-social-sharing-box  avia-builder-el-7  el_after_av_hr  el_before_av_hr  '><div class='av-share-box'><h5 class='av-share-link-description av-no-toc '>Compartir esta noticia<\/h5><ul class='av-share-box-list noLightbox'><li class='av-share-link av-social-link-facebook' ><a target=\"_blank\" aria-label=\"Compartir en Facebook\" href='https:\/\/www.facebook.com\/sharer.php?u=https:\/\/radiorevelacionfm.cl\/?p=21134&#038;t=Equipo%20de%20Ays%C3%A9n%20participar%C3%A1%20en%20Mundial%20de%20Parrilleros%20en%20B%C3%A9lgica' aria-hidden='false' data-av_icon='\ue8f3' data-av_iconfont='entypo-fontello' title='' data-avia-related-tooltip='Compartir en Facebook' rel=\"noopener\"><span class='avia_hidden_link_text'>Compartir en Facebook<\/span><\/a><\/li><li class='av-share-link av-social-link-twitter' ><a target=\"_blank\" aria-label=\"Compartir en Twitter\" href='https:\/\/twitter.com\/share?text=Equipo%20de%20Ays%C3%A9n%20participar%C3%A1%20en%20Mundial%20de%20Parrilleros%20en%20B%C3%A9lgica&#038;url=https:\/\/radiorevelacionfm.cl\/?p=21134' aria-hidden='false' data-av_icon='\ue8f1' data-av_iconfont='entypo-fontello' title='' data-avia-related-tooltip='Compartir en Twitter' rel=\"noopener\"><span class='avia_hidden_link_text'>Compartir en Twitter<\/span><\/a><\/li><li class='av-share-link av-social-link-whatsapp' ><a target=\"_blank\" aria-label=\"Compartir en Whatsapp\" href='https:\/\/api.whatsapp.com\/send?text=https:\/\/radiorevelacionfm.cl\/?p=21134' aria-hidden='false' data-av_icon='\uf232' data-av_iconfont='entypo-fontello' title='' data-avia-related-tooltip='Compartir en Whatsapp' rel=\"noopener\"><span class='avia_hidden_link_text'>Compartir en Whatsapp<\/span><\/a><\/li><li class='av-share-link av-social-link-linkedin' ><a target=\"_blank\" aria-label=\"Compartir en LinkedIn\" href='https:\/\/linkedin.com\/shareArticle?mini=true&#038;title=Equipo%20de%20Ays%C3%A9n%20participar%C3%A1%20en%20Mundial%20de%20Parrilleros%20en%20B%C3%A9lgica&#038;url=https:\/\/radiorevelacionfm.cl\/?p=21134' aria-hidden='false' data-av_icon='\ue8fc' data-av_iconfont='entypo-fontello' title='' data-avia-related-tooltip='Compartir en LinkedIn' rel=\"noopener\"><span class='avia_hidden_link_text'>Compartir en LinkedIn<\/span><\/a><\/li><li class='av-share-link av-social-link-mail' ><a  aria-label=\"Compartir por correo\" href='mailto:?subject=Equipo%20de%20Ays%C3%A9n%20participar%C3%A1%20en%20Mundial%20de%20Parrilleros%20en%20B%C3%A9lgica&#038;body=https:\/\/radiorevelacionfm.cl\/?p=21134' aria-hidden='false' data-av_icon='\ue805' data-av_iconfont='entypo-fontello' title='' data-avia-related-tooltip='Compartir por correo'><span class='avia_hidden_link_text'>Compartir por correo<\/span><\/a><\/li><\/ul><\/div><\/div>\n<div  style='height:50px' class='hr hr-invisible   avia-builder-el-8  el_after_av_social_share  el_before_av_comments_list '><span class='hr-inner ' ><span class='hr-inner-style'><\/span><\/span><\/div>\n<div  class='av-buildercomment  av-blog-meta-html-info-disabled av-blog-meta-tag-disabled  '><\/div>\n","protected":false},"excerpt":{"rendered":"","protected":false},"author":1,"featured_media":21135,"comment_status":"open","ping_status":"open","sticky":false,"template":"","format":"standard","meta":{"footnotes":""},"categories":[38],"tags":[],"class_list":["post-21134","post","type-post","status-publish","format-standard","has-post-thumbnail","hentry","category-regional"],"jetpack_featured_media_url":"https:\/\/radiorevelacionfm.cl\/wp-content\/uploads\/2022\/08\/300575559_10228086767942744_2488514668066268050_n-1-1.jpg","_links":{"self":[{"href":"https:\/\/radiorevelacionfm.cl\/index.php?rest_route=\/wp\/v2\/posts\/21134","targetHints":{"allow":["GET"]}}],"collection":[{"href":"https:\/\/radiorevelacionfm.cl\/index.php?rest_route=\/wp\/v2\/posts"}],"about":[{"href":"https:\/\/radiorevelacionfm.cl\/index.php?rest_route=\/wp\/v2\/types\/post"}],"author":[{"embeddable":true,"href":"https:\/\/radiorevelacionfm.cl\/index.php?rest_route=\/wp\/v2\/users\/1"}],"replies":[{"embeddable":true,"href":"https:\/\/radiorevelacionfm.cl\/index.php?rest_route=%2Fwp%2Fv2%2Fcomments&post=21134"}],"version-history":[{"count":3,"href":"https:\/\/radiorevelacionfm.cl\/index.php?rest_route=\/wp\/v2\/posts\/21134\/revisions"}],"predecessor-version":[{"id":21137,"href":"https:\/\/radiorevelacionfm.cl\/index.php?rest_route=\/wp\/v2\/posts\/21134\/revisions\/21137"}],"wp:featuredmedia":[{"embeddable":true,"href":"https:\/\/radiorevelacionfm.cl\/index.php?rest_route=\/wp\/v2\/media\/21135"}],"wp:attachment":[{"href":"https:\/\/radiorevelacionfm.cl\/index.php?rest_route=%2Fwp%2Fv2%2Fmedia&parent=21134"}],"wp:term":[{"taxonomy":"category","embeddable":true,"href":"https:\/\/radiorevelacionfm.cl\/index.php?rest_route=%2Fwp%2Fv2%2Fcategories&post=21134"},{"taxonomy":"post_tag","embeddable":true,"href":"https:\/\/radiorevelacionfm.cl\/index.php?rest_route=%2Fwp%2Fv2%2Ftags&post=21134"}],"curies":[{"name":"wp","href":"https:\/\/api.w.org\/{rel}","templated":true}]}}