{"id":21131,"date":"2022-08-28T13:30:28","date_gmt":"2022-08-28T16:30:28","guid":{"rendered":"https:\/\/radiorevelacionfm.cl\/?p=21131"},"modified":"2022-08-28T13:55:43","modified_gmt":"2022-08-28T16:55:43","slug":"seremi-destaco-anuncio-realizado-por-la-ministra-rios-en-materia-de-seguridad-penitenciaria-a-nivel-pais","status":"publish","type":"post","link":"https:\/\/radiorevelacionfm.cl\/?p=21131","title":{"rendered":"Seremi destac\u00f3 anuncio realizado por la Ministra R\u00edos en materia de seguridad penitenciaria a nivel pa\u00eds"},"content":{"rendered":"<div class=\"flex_column av_one_full  flex_column_div av-zero-column-padding first  avia-builder-el-0  el_before_av_one_full  avia-builder-el-first  \" style='border-radius:0px; '><div  class='avia-image-container  av-styling-    avia-builder-el-1  avia-builder-el-no-sibling  avia-align-center '  itemprop=\"image\" itemscope=\"itemscope\" itemtype=\"https:\/\/schema.org\/ImageObject\"  ><div class='avia-image-container-inner'><div class='avia-image-overlay-wrap'><img decoding=\"async\" class='wp-image-21132 avia-img-lazy-loading-not-21132 avia_image' src=\"https:\/\/radiorevelacionfm.cl\/wp-content\/uploads\/2022\/08\/seremi-3-1-1.jpg\" alt='' title='seremi (3) (1) (1)' height=\"600\" width=\"735\"  itemprop=\"thumbnailUrl\" srcset=\"https:\/\/radiorevelacionfm.cl\/wp-content\/uploads\/2022\/08\/seremi-3-1-1.jpg 735w, https:\/\/radiorevelacionfm.cl\/wp-content\/uploads\/2022\/08\/seremi-3-1-1-300x245.jpg 300w, https:\/\/radiorevelacionfm.cl\/wp-content\/uploads\/2022\/08\/seremi-3-1-1-705x576.jpg 705w, https:\/\/radiorevelacionfm.cl\/wp-content\/uploads\/2022\/08\/seremi-3-1-1-600x490.jpg 600w\" sizes=\"(max-width: 735px) 100vw, 735px\" \/><\/div><\/div><\/div><\/div><div class=\"flex_column av_one_full  flex_column_div av-zero-column-padding first  avia-builder-el-2  el_after_av_one_full  el_before_av_one_full  column-top-margin\" style='border-radius:0px; '><section class=\"av_textblock_section \"  itemscope=\"itemscope\" itemtype=\"https:\/\/schema.org\/BlogPosting\" itemprop=\"blogPost\" ><div class='avia_textblock  '   itemprop=\"text\" ><p style=\"text-align: center;\"><span style=\"font-size: 18pt;\"><strong>Seremi destac\u00f3 anuncio realizado por la Ministra R\u00edos en materia de seguridad penitenciaria a nivel pa\u00eds <\/strong><\/span><\/p>\n<div id=\"gtx-trans\" style=\"position: absolute; left: -50px; top: 4.31534px;\">\n<div class=\"gtx-trans-icon\"><\/div>\n<\/div>\n<\/div><\/section><\/div><div class=\"flex_column av_one_full  flex_column_div av-zero-column-padding first  avia-builder-el-4  el_after_av_one_full  el_before_av_hr  column-top-margin\" style='border-radius:0px; '><section class=\"av_textblock_section \"  itemscope=\"itemscope\" itemtype=\"https:\/\/schema.org\/BlogPosting\" itemprop=\"blogPost\" ><div class='avia_textblock  '   itemprop=\"text\" ><p style=\"text-align: justify;\">Un importante anuncio relacionado con la seguridad tanto interna como externa de los recintos penitenciarios, y donde la reinserci\u00f3n ser\u00e1 el eje transversal de las pol\u00edticas p\u00fablicas, realiz\u00f3 la Ministra de Justicia y Derechos Humanos Marcela R\u00edos y el Subsecretario de Justicia Jaime Gajardo, esto en el marco de una visita realizada recientemente al norte del pa\u00eds, el que fue altamente valorado por el Seremi de la cartera en la regi\u00f3n, Samuel Navarro Castro.<\/p>\n<p style=\"text-align: justify;\">Se trata de una inversi\u00f3n de m\u00e1s de 2.200 millones de pesos, los que se distribuir\u00e1n a nivel nacional en vigilancia tecnol\u00f3gica, infraestructura y compras de implementos de seguridad para los funcionarios, en este sentido el Seremi de Justicia y Derechos Humanos Samuel Navarro haciendo eco de lo manifestado por las autoridades nacionales indic\u00f3 que \u201ccomo gobierno estamos tomando todas las medidas en materia de seguridad penitenciaria con el objeto de mejorar la seguridad al interior de los recintos para que ello nos permita disminuir cualquier riesgo que haya tanto para los internos como para los funcionarios y funcionarias de Gendarmer\u00eda, agreg\u00f3 tambi\u00e9n que para evitar la realizaci\u00f3n de nuevos delitos al interior de los recintos penales seguiremos trabajando con Gendarmer\u00eda en estos planes de incautaci\u00f3n preventiva, los que van a continuar\u201d.<\/p>\n<p style=\"text-align: justify;\">Finalmente, cabe mencionar que estas medidas se enmarcan dentro de la pol\u00edtica de reducci\u00f3n de la reincidencia delictiva con miras a elevar los est\u00e1ndares de seguridad tanto para los internos como para los funcionarios de Gendarmer\u00eda respectivamente en los diversos recintos penitenciarios del pa\u00eds.<\/p>\n<\/div><\/section><\/div><div  style='height:50px' class='hr hr-invisible   avia-builder-el-6  el_after_av_one_full  el_before_av_social_share '><span class='hr-inner ' ><span class='hr-inner-style'><\/span><\/span><\/div><\/p>\n<div  class='av-social-sharing-box  avia-builder-el-7  el_after_av_hr  el_before_av_hr  '><div class='av-share-box'><h5 class='av-share-link-description av-no-toc '>Compartir esta noticia<\/h5><ul class='av-share-box-list noLightbox'><li class='av-share-link av-social-link-facebook' ><a target=\"_blank\" aria-label=\"Compartir en Facebook\" href='https:\/\/www.facebook.com\/sharer.php?u=https:\/\/radiorevelacionfm.cl\/?p=21131&#038;t=Seremi%20destac%C3%B3%20anuncio%20realizado%20por%20la%20Ministra%20R%C3%ADos%20en%20materia%20de%20seguridad%20penitenciaria%20a%20nivel%20pa%C3%ADs' aria-hidden='false' data-av_icon='\ue8f3' data-av_iconfont='entypo-fontello' title='' data-avia-related-tooltip='Compartir en Facebook' rel=\"noopener\"><span class='avia_hidden_link_text'>Compartir en Facebook<\/span><\/a><\/li><li class='av-share-link av-social-link-twitter' ><a target=\"_blank\" aria-label=\"Compartir en Twitter\" href='https:\/\/twitter.com\/share?text=Seremi%20destac%C3%B3%20anuncio%20realizado%20por%20la%20Ministra%20R%C3%ADos%20en%20materia%20de%20seguridad%20penitenciaria%20a%20nivel%20pa%C3%ADs&#038;url=https:\/\/radiorevelacionfm.cl\/?p=21131' aria-hidden='false' data-av_icon='\ue8f1' data-av_iconfont='entypo-fontello' title='' data-avia-related-tooltip='Compartir en Twitter' rel=\"noopener\"><span class='avia_hidden_link_text'>Compartir en Twitter<\/span><\/a><\/li><li class='av-share-link av-social-link-whatsapp' ><a target=\"_blank\" aria-label=\"Compartir en Whatsapp\" href='https:\/\/api.whatsapp.com\/send?text=https:\/\/radiorevelacionfm.cl\/?p=21131' aria-hidden='false' data-av_icon='\uf232' data-av_iconfont='entypo-fontello' title='' data-avia-related-tooltip='Compartir en Whatsapp' rel=\"noopener\"><span class='avia_hidden_link_text'>Compartir en Whatsapp<\/span><\/a><\/li><li class='av-share-link av-social-link-linkedin' ><a target=\"_blank\" aria-label=\"Compartir en LinkedIn\" href='https:\/\/linkedin.com\/shareArticle?mini=true&#038;title=Seremi%20destac%C3%B3%20anuncio%20realizado%20por%20la%20Ministra%20R%C3%ADos%20en%20materia%20de%20seguridad%20penitenciaria%20a%20nivel%20pa%C3%ADs&#038;url=https:\/\/radiorevelacionfm.cl\/?p=21131' aria-hidden='false' data-av_icon='\ue8fc' data-av_iconfont='entypo-fontello' title='' data-avia-related-tooltip='Compartir en LinkedIn' rel=\"noopener\"><span class='avia_hidden_link_text'>Compartir en LinkedIn<\/span><\/a><\/li><li class='av-share-link av-social-link-mail' ><a  aria-label=\"Compartir por correo\" href='mailto:?subject=Seremi%20destac%C3%B3%20anuncio%20realizado%20por%20la%20Ministra%20R%C3%ADos%20en%20materia%20de%20seguridad%20penitenciaria%20a%20nivel%20pa%C3%ADs&#038;body=https:\/\/radiorevelacionfm.cl\/?p=21131' aria-hidden='false' data-av_icon='\ue805' data-av_iconfont='entypo-fontello' title='' data-avia-related-tooltip='Compartir por correo'><span class='avia_hidden_link_text'>Compartir por correo<\/span><\/a><\/li><\/ul><\/div><\/div>\n<div  style='height:50px' class='hr hr-invisible   avia-builder-el-8  el_after_av_social_share  el_before_av_comments_list '><span class='hr-inner ' ><span class='hr-inner-style'><\/span><\/span><\/div>\n<div  class='av-buildercomment  av-blog-meta-html-info-disabled av-blog-meta-tag-disabled  '><\/div>\n","protected":false},"excerpt":{"rendered":"","protected":false},"author":1,"featured_media":21132,"comment_status":"open","ping_status":"open","sticky":false,"template":"","format":"standard","meta":{"footnotes":""},"categories":[55],"tags":[],"class_list":["post-21131","post","type-post","status-publish","format-standard","has-post-thumbnail","hentry","category-justicia"],"jetpack_featured_media_url":"https:\/\/radiorevelacionfm.cl\/wp-content\/uploads\/2022\/08\/seremi-3-1-1.jpg","_links":{"self":[{"href":"https:\/\/radiorevelacionfm.cl\/index.php?rest_route=\/wp\/v2\/posts\/21131","targetHints":{"allow":["GET"]}}],"collection":[{"href":"https:\/\/radiorevelacionfm.cl\/index.php?rest_route=\/wp\/v2\/posts"}],"about":[{"href":"https:\/\/radiorevelacionfm.cl\/index.php?rest_route=\/wp\/v2\/types\/post"}],"author":[{"embeddable":true,"href":"https:\/\/radiorevelacionfm.cl\/index.php?rest_route=\/wp\/v2\/users\/1"}],"replies":[{"embeddable":true,"href":"https:\/\/radiorevelacionfm.cl\/index.php?rest_route=%2Fwp%2Fv2%2Fcomments&post=21131"}],"version-history":[{"count":2,"href":"https:\/\/radiorevelacionfm.cl\/index.php?rest_route=\/wp\/v2\/posts\/21131\/revisions"}],"predecessor-version":[{"id":21141,"href":"https:\/\/radiorevelacionfm.cl\/index.php?rest_route=\/wp\/v2\/posts\/21131\/revisions\/21141"}],"wp:featuredmedia":[{"embeddable":true,"href":"https:\/\/radiorevelacionfm.cl\/index.php?rest_route=\/wp\/v2\/media\/21132"}],"wp:attachment":[{"href":"https:\/\/radiorevelacionfm.cl\/index.php?rest_route=%2Fwp%2Fv2%2Fmedia&parent=21131"}],"wp:term":[{"taxonomy":"category","embeddable":true,"href":"https:\/\/radiorevelacionfm.cl\/index.php?rest_route=%2Fwp%2Fv2%2Fcategories&post=21131"},{"taxonomy":"post_tag","embeddable":true,"href":"https:\/\/radiorevelacionfm.cl\/index.php?rest_route=%2Fwp%2Fv2%2Ftags&post=21131"}],"curies":[{"name":"wp","href":"https:\/\/api.w.org\/{rel}","templated":true}]}}