{"id":21121,"date":"2022-08-27T20:10:15","date_gmt":"2022-08-27T23:10:15","guid":{"rendered":"https:\/\/radiorevelacionfm.cl\/?p=21121"},"modified":"2022-08-27T20:10:15","modified_gmt":"2022-08-27T23:10:15","slug":"presentan-recurso-contra-resolucion-que-aprobo-proyecto-de-mowi-chile","status":"publish","type":"post","link":"https:\/\/radiorevelacionfm.cl\/?p=21121","title":{"rendered":"Presentan recurso contra resoluci\u00f3n que aprob\u00f3 proyecto de Mowi Chile"},"content":{"rendered":"<div class=\"flex_column av_one_full  flex_column_div av-zero-column-padding first  avia-builder-el-0  el_before_av_one_full  avia-builder-el-first  \" style='border-radius:0px; '><div  class='avia-image-container  av-styling-    avia-builder-el-1  avia-builder-el-no-sibling  avia-align-center '  itemprop=\"image\" itemscope=\"itemscope\" itemtype=\"https:\/\/schema.org\/ImageObject\"  ><div class='avia-image-container-inner'><div class='avia-image-overlay-wrap'><img decoding=\"async\" class='wp-image-21125 avia-img-lazy-loading-not-21125 avia_image' src=\"https:\/\/radiorevelacionfm.cl\/wp-content\/uploads\/2022\/08\/salmoneras-referencial1-1-1.jpg\" alt='' title='salmoneras-referencial1 (1) (1)' height=\"600\" width=\"924\"  itemprop=\"thumbnailUrl\" srcset=\"https:\/\/radiorevelacionfm.cl\/wp-content\/uploads\/2022\/08\/salmoneras-referencial1-1-1.jpg 924w, https:\/\/radiorevelacionfm.cl\/wp-content\/uploads\/2022\/08\/salmoneras-referencial1-1-1-300x195.jpg 300w, https:\/\/radiorevelacionfm.cl\/wp-content\/uploads\/2022\/08\/salmoneras-referencial1-1-1-768x499.jpg 768w, https:\/\/radiorevelacionfm.cl\/wp-content\/uploads\/2022\/08\/salmoneras-referencial1-1-1-705x458.jpg 705w, https:\/\/radiorevelacionfm.cl\/wp-content\/uploads\/2022\/08\/salmoneras-referencial1-1-1-600x390.jpg 600w\" sizes=\"(max-width: 924px) 100vw, 924px\" \/><\/div><\/div><\/div><\/div><div class=\"flex_column av_one_full  flex_column_div av-zero-column-padding first  avia-builder-el-2  el_after_av_one_full  el_before_av_one_full  column-top-margin\" style='border-radius:0px; '><section class=\"av_textblock_section \"  itemscope=\"itemscope\" itemtype=\"https:\/\/schema.org\/BlogPosting\" itemprop=\"blogPost\" ><div class='avia_textblock  '   itemprop=\"text\" ><p style=\"text-align: center;\"><span style=\"font-size: 18pt;\"><b><span lang=\"ES\">Presentan recurso contra resoluci<\/span><\/b><b><span lang=\"X-NONE\">\u00f3n que aprob\u00f3<span class=\"v1gmail-Apple-converted-space\">\u00a0<\/span><\/span><\/b><b><span lang=\"ES\">proyecto de Mowi Chile<\/span><\/b><\/span><\/p>\n<div id=\"gtx-trans\" style=\"position: absolute; left: -50px; top: 4.31534px;\">\n<div class=\"gtx-trans-icon\"><\/div>\n<\/div>\n<\/div><\/section><\/div><div class=\"flex_column av_one_full  flex_column_div av-zero-column-padding first  avia-builder-el-4  el_after_av_one_full  el_before_av_hr  column-top-margin\" style='border-radius:0px; '><section class=\"av_textblock_section \"  itemscope=\"itemscope\" itemtype=\"https:\/\/schema.org\/BlogPosting\" itemprop=\"blogPost\" ><div class='avia_textblock  '   itemprop=\"text\" ><p class=\"v1MsoNormal\" style=\"text-align: justify;\"><span lang=\"ES\">Mediante una solicitud que busca declarar la ilegalidad de la resoluci<\/span><span lang=\"X-NONE\">\u00f3n de calificaci\u00f3n ambiental (RCA) que dio luz verde al proyecto de \u00ab<\/span><span lang=\"ES\"><a href=\"https:\/\/seia.sea.gob.cl\/expediente\/ficha\/fichaPrincipal.php?modo=normal&amp;id_expediente=2151509195\" target=\"_blank\" rel=\"noopener noreferrer\"><span lang=\"X-NONE\">Modernizaci\u00f3n y Modificaci\u00f3n, Centro de Faenamiento, Bah\u00eda Chacabuco<\/span><\/a><\/span><span lang=\"X-NONE\">\u00ab, la Corporaci\u00f3n Privada para el Desarrollo de Ays\u00e9n (Codesa) se ha puesto como objetivo evitar que la industria salmonera siga contaminando el litoral austral.<\/span><\/p>\n<p class=\"v1MsoNormal\" style=\"text-align: justify;\"><span lang=\"X-NONE\">El requerimiento apunta una Declaraci\u00f3n de Impacto Ambiental (DIA) que Mowi Chile S.A. present\u00f3 en abril de 2021 con el fin de modificar un centro de faenamiento aprobado en 2003. Para ello propone el redimensionamiento de un emisario submarino para soportar un aumento de proceso de 8 toneladas\/hora de producto faenado a 27 toneladas\/hora. Adem\u00e1s, plantea modificarlo a un sistema de anillo de retorno y a un sistema de \u00abacopio\u00bb de salmones en jaula previo a su faenamiento, entre otras modificaciones.<\/span><\/p>\n<p class=\"v1MsoNormal\" style=\"text-align: justify;\"><span lang=\"X-NONE\">Tras 14 meses de evaluaci\u00f3n, la DIA fue aprobada el 1 de junio de este a\u00f1o por la<span class=\"v1gmail-Apple-converted-space\">\u00a0<\/span><\/span><span lang=\"ES\"><a href=\"https:\/\/seia.sea.gob.cl\/archivos\/2022\/06\/24\/0a4_Acta_CE_01.06.2022.pdf\" target=\"_blank\" rel=\"noopener noreferrer\"><span lang=\"X-NONE\">Comisi\u00f3n de Evaluaci\u00f3n Ambiental de Ays\u00e9n<\/span><\/a><\/span><span lang=\"X-NONE\">, presidida por el delegado regional presidencial Rodrigo Araya.<\/span><\/p>\n<p class=\"v1MsoNormal\" style=\"text-align: justify;\"><span lang=\"X-NONE\">Fue al ingresarse el proyecto en 2021 que tanto Codesa como la Agrupaci\u00f3n Reserva de Vida solicitaron la realizaci\u00f3n de un proceso de participaci\u00f3n ciudadana, el que fue aceptado y en el cual las organizaciones participaron activamente.<\/span><\/p>\n<p class=\"v1MsoNormal\" style=\"text-align: justify;\"><span lang=\"X-NONE\">Dentro de las principales observaciones est\u00e1 el claro fraccionamiento de un proyecto mayor, ya que la DIA del redimensionamiento del emisario se present\u00f3 y evalu\u00f3 separada de la \u00ab<\/span><span lang=\"ES\"><a href=\"https:\/\/seia.sea.gob.cl\/expediente\/ficha\/fichaPrincipal.php?modo=normal&amp;id_expediente=2150724786\" target=\"_blank\" rel=\"noopener noreferrer\"><span lang=\"X-NONE\">Remodelaci\u00f3n Planta de Proceso MOWI Chile S.A., Puerto Chacabuco<\/span><\/a><\/span><span lang=\"X-NONE\">\u00ab, ingresada por la empresa el 5 de febrero de 2021 y de la que se desistiera en septiembre del mismo a\u00f1o. Esto, luego<span class=\"v1gmail-Apple-converted-space\">\u00a0<\/span><\/span><span lang=\"ES\">que las organizaciones ciudadanas advirtieran el fraccionamiento de ambos proyectos y alegaran que \u00e9stos deb<\/span><span lang=\"X-NONE\">\u00edan<span class=\"v1gmail-Apple-converted-space\">\u00a0<\/span><\/span><span lang=\"ES\">ser evaluados de manera conjunta por medio de un Estudio de Impacto Ambiental.<\/span><\/p>\n<p class=\"v1MsoNormal\" style=\"text-align: justify;\"><span lang=\"X-NONE\">Tomando esto en consideraci\u00f3n, en la participaci\u00f3n ciudadana del proyecto<\/span><span lang=\"ES\"><span class=\"v1gmail-Apple-converted-space\">\u00a0<\/span>aprobado el pasado 1 de junio,<span class=\"v1gmail-Apple-converted-space\">\u00a0<\/span><\/span><span lang=\"X-NONE\">las organizaciones indicaron que \u00abdesde la propia descripci\u00f3n de cada uno de ellos es posible advertir que estos corresponden a un solo proyecto, que tiene por objeto alcanzar un incremento en la producci\u00f3n de salm\u00f3n procesado por parte de la titular del proyecto, llegando a las 27 ton\/hora de producto final\u00bb.<\/span><\/p>\n<p class=\"v1MsoNormal\" style=\"text-align: justify;\"><span lang=\"X-NONE\">Agregaron que el problema de presentar como dos iniciativas distintas lo que en el fondo es una sola, es que \u00abimpide visualizar integralmente las caracter\u00edsticas del proyecto de aumento de la capacidad productiva de la empresa Mowi Chile S.A. en Puerto Chacabuco; impidiendo, por ejemplo, tener certeza de su real \u00e1rea de influencia y los impactos ambientales y riesgos que el proyecto \u00edntegro es susceptible de ocasionar. Careciendo la evaluaci\u00f3n ambiental del proyecto de la especie, de todo an\u00e1lisis y evaluaci\u00f3n de los impactos acumulativos y sin\u00e9rgicos, ni respecto de aquellos producidos por la planta de procesos (supuestamente independiente) ni, mucho menos, de los dem\u00e1s proyectos o actividades que se desarrollan en la Bah\u00eda Chacabuco\u00bb.<\/span><\/p>\n<p class=\"v1MsoNormal\" style=\"text-align: justify;\"><span lang=\"X-NONE\">Considerando que estas y otras observaciones no fueron consideradas al emitir la RCA favorable, el 8 de agosto el presidente de C<\/span><span lang=\"ES\">ODESA,<\/span><span lang=\"X-NONE\"><span class=\"v1gmail-Apple-converted-space\">\u00a0<\/span>Erwin Sandoval<\/span><span lang=\"ES\">,<span class=\"v1gmail-Apple-converted-space\">\u00a0<\/span><\/span><span lang=\"X-NONE\">present\u00f3 un<span class=\"v1gmail-Apple-converted-space\">\u00a0<\/span><\/span><span lang=\"ES\"><a href=\"https:\/\/recursos.sea.gob.cl\/storage\/annexes\/2022\/08\/08\/212058_284_2156658523_recurso_reclamacion.pdf\" target=\"_blank\" rel=\"noopener noreferrer\"><span lang=\"X-NONE\">recurso de reclamaci\u00f3n<\/span><\/a><\/span><span lang=\"X-NONE\"><span class=\"v1gmail-Apple-converted-space\">\u00a0<\/span>solicitando se declare la ilegalidad de la resoluci\u00f3n, dado que \u00abel proyecto carece de una adecuada y completa descripci\u00f3n de sus partes, obras y acciones\u00bb.\u00a0Adem\u00e1s, plantea que el proponente no identifico ni evalu\u00f3 suficientemente los impactos ambientales que su proyecto pudiere ocasion<\/span><span lang=\"ES\">ar<\/span><span lang=\"X-NONE\"><span class=\"v1gmail-Apple-converted-space\">\u00a0<\/span>ni entreg\u00f3 elementos que permitieran descartar que no era necesario presentar un Estudio de Impacto Ambiental.<\/span><\/p>\n<p class=\"v1MsoNormal\" style=\"text-align: justify;\"><span lang=\"ES\">El recurso fue declarado admisible por la direcci\u00f3n ejecutiva del Servicio de Evaluaci\u00f3n Ambiental (SEA) el 23 de agosto, otorgando un plazo de 20 d\u00edas h\u00e1biles para que tanto la direcci\u00f3n regional del organismo como el titular informen o entreguen sus antecedentes al respecto.<\/span><\/p>\n<p class=\"v1MsoNormal\" style=\"text-align: justify;\"><span lang=\"ES\">El SEA, dirigido por la abogada Valentina Dur\u00e1n Medina, cuenta con un plazo de 30 d\u00edas para resolver el recurso de reclamaci\u00f3n presentado, determinaci<\/span><span lang=\"X-NONE\">\u00f3n que<\/span><span lang=\"ES\">, a su vez, ser<\/span><span lang=\"X-NONE\">\u00e1<span class=\"v1gmail-Apple-converted-space\">\u00a0<\/span><\/span><span lang=\"ES\">susceptible de impugnarse ante el tribunal ambiental respectivo.<\/span><\/p>\n<\/div><\/section><\/div><div  style='height:50px' class='hr hr-invisible   avia-builder-el-6  el_after_av_one_full  el_before_av_social_share '><span class='hr-inner ' ><span class='hr-inner-style'><\/span><\/span><\/div><\/p>\n<div  class='av-social-sharing-box  avia-builder-el-7  el_after_av_hr  el_before_av_hr  '><div class='av-share-box'><h5 class='av-share-link-description av-no-toc '>Compartir esta noticia<\/h5><ul class='av-share-box-list noLightbox'><li class='av-share-link av-social-link-facebook' ><a target=\"_blank\" aria-label=\"Compartir en Facebook\" href='https:\/\/www.facebook.com\/sharer.php?u=https:\/\/radiorevelacionfm.cl\/?p=21121&#038;t=Presentan%20recurso%20contra%20resoluci%C3%B3n%20que%20aprob%C3%B3%20proyecto%20de%20Mowi%20Chile' aria-hidden='false' data-av_icon='\ue8f3' data-av_iconfont='entypo-fontello' title='' data-avia-related-tooltip='Compartir en Facebook' rel=\"noopener\"><span class='avia_hidden_link_text'>Compartir en Facebook<\/span><\/a><\/li><li class='av-share-link av-social-link-twitter' ><a target=\"_blank\" aria-label=\"Compartir en Twitter\" href='https:\/\/twitter.com\/share?text=Presentan%20recurso%20contra%20resoluci%C3%B3n%20que%20aprob%C3%B3%20proyecto%20de%20Mowi%20Chile&#038;url=https:\/\/radiorevelacionfm.cl\/?p=21121' aria-hidden='false' data-av_icon='\ue8f1' data-av_iconfont='entypo-fontello' title='' data-avia-related-tooltip='Compartir en Twitter' rel=\"noopener\"><span class='avia_hidden_link_text'>Compartir en Twitter<\/span><\/a><\/li><li class='av-share-link av-social-link-whatsapp' ><a target=\"_blank\" aria-label=\"Compartir en Whatsapp\" href='https:\/\/api.whatsapp.com\/send?text=https:\/\/radiorevelacionfm.cl\/?p=21121' aria-hidden='false' data-av_icon='\uf232' data-av_iconfont='entypo-fontello' title='' data-avia-related-tooltip='Compartir en Whatsapp' rel=\"noopener\"><span class='avia_hidden_link_text'>Compartir en Whatsapp<\/span><\/a><\/li><li class='av-share-link av-social-link-linkedin' ><a target=\"_blank\" aria-label=\"Compartir en LinkedIn\" href='https:\/\/linkedin.com\/shareArticle?mini=true&#038;title=Presentan%20recurso%20contra%20resoluci%C3%B3n%20que%20aprob%C3%B3%20proyecto%20de%20Mowi%20Chile&#038;url=https:\/\/radiorevelacionfm.cl\/?p=21121' aria-hidden='false' data-av_icon='\ue8fc' data-av_iconfont='entypo-fontello' title='' data-avia-related-tooltip='Compartir en LinkedIn' rel=\"noopener\"><span class='avia_hidden_link_text'>Compartir en LinkedIn<\/span><\/a><\/li><li class='av-share-link av-social-link-mail' ><a  aria-label=\"Compartir por correo\" href='mailto:?subject=Presentan%20recurso%20contra%20resoluci%C3%B3n%20que%20aprob%C3%B3%20proyecto%20de%20Mowi%20Chile&#038;body=https:\/\/radiorevelacionfm.cl\/?p=21121' aria-hidden='false' data-av_icon='\ue805' data-av_iconfont='entypo-fontello' title='' data-avia-related-tooltip='Compartir por correo'><span class='avia_hidden_link_text'>Compartir por correo<\/span><\/a><\/li><\/ul><\/div><\/div>\n<div  style='height:50px' class='hr hr-invisible   avia-builder-el-8  el_after_av_social_share  el_before_av_comments_list '><span class='hr-inner ' ><span class='hr-inner-style'><\/span><\/span><\/div>\n<div  class='av-buildercomment  av-blog-meta-html-info-disabled av-blog-meta-tag-disabled  '><\/div>\n","protected":false},"excerpt":{"rendered":"","protected":false},"author":1,"featured_media":21125,"comment_status":"open","ping_status":"open","sticky":false,"template":"","format":"standard","meta":{"footnotes":""},"categories":[60],"tags":[],"class_list":["post-21121","post","type-post","status-publish","format-standard","has-post-thumbnail","hentry","category-pesca"],"jetpack_featured_media_url":"https:\/\/radiorevelacionfm.cl\/wp-content\/uploads\/2022\/08\/salmoneras-referencial1-1-1.jpg","_links":{"self":[{"href":"https:\/\/radiorevelacionfm.cl\/index.php?rest_route=\/wp\/v2\/posts\/21121","targetHints":{"allow":["GET"]}}],"collection":[{"href":"https:\/\/radiorevelacionfm.cl\/index.php?rest_route=\/wp\/v2\/posts"}],"about":[{"href":"https:\/\/radiorevelacionfm.cl\/index.php?rest_route=\/wp\/v2\/types\/post"}],"author":[{"embeddable":true,"href":"https:\/\/radiorevelacionfm.cl\/index.php?rest_route=\/wp\/v2\/users\/1"}],"replies":[{"embeddable":true,"href":"https:\/\/radiorevelacionfm.cl\/index.php?rest_route=%2Fwp%2Fv2%2Fcomments&post=21121"}],"version-history":[{"count":2,"href":"https:\/\/radiorevelacionfm.cl\/index.php?rest_route=\/wp\/v2\/posts\/21121\/revisions"}],"predecessor-version":[{"id":21139,"href":"https:\/\/radiorevelacionfm.cl\/index.php?rest_route=\/wp\/v2\/posts\/21121\/revisions\/21139"}],"wp:featuredmedia":[{"embeddable":true,"href":"https:\/\/radiorevelacionfm.cl\/index.php?rest_route=\/wp\/v2\/media\/21125"}],"wp:attachment":[{"href":"https:\/\/radiorevelacionfm.cl\/index.php?rest_route=%2Fwp%2Fv2%2Fmedia&parent=21121"}],"wp:term":[{"taxonomy":"category","embeddable":true,"href":"https:\/\/radiorevelacionfm.cl\/index.php?rest_route=%2Fwp%2Fv2%2Fcategories&post=21121"},{"taxonomy":"post_tag","embeddable":true,"href":"https:\/\/radiorevelacionfm.cl\/index.php?rest_route=%2Fwp%2Fv2%2Ftags&post=21121"}],"curies":[{"name":"wp","href":"https:\/\/api.w.org\/{rel}","templated":true}]}}