{"id":21100,"date":"2022-08-26T20:58:34","date_gmt":"2022-08-26T23:58:34","guid":{"rendered":"https:\/\/radiorevelacionfm.cl\/?p=21100"},"modified":"2022-08-26T20:58:34","modified_gmt":"2022-08-26T23:58:34","slug":"destacan-los-80-anos-de-la-educacion-media-tecnico-profesional-con-muestra-regional-y-presentan-agenda-para-potenciar-modalidad-de-ensenanza","status":"publish","type":"post","link":"https:\/\/radiorevelacionfm.cl\/?p=21100","title":{"rendered":"Destacan los 80 a\u00f1os de la Educaci\u00f3n Media T\u00e9cnico Profesional con muestra regional y presentan agenda para potenciar modalidad de ense\u00f1anza"},"content":{"rendered":"<div class=\"flex_column av_one_full  flex_column_div av-zero-column-padding first  avia-builder-el-0  el_before_av_one_full  avia-builder-el-first  \" style='border-radius:0px; '><div  class='avia-image-container  av-styling-    avia-builder-el-1  avia-builder-el-no-sibling  avia-align-center '  itemprop=\"image\" itemscope=\"itemscope\" itemtype=\"https:\/\/schema.org\/ImageObject\"  ><div class='avia-image-container-inner'><div class='avia-image-overlay-wrap'><img decoding=\"async\" class='wp-image-21101 avia-img-lazy-loading-not-21101 avia_image' src=\"https:\/\/radiorevelacionfm.cl\/wp-content\/uploads\/2022\/08\/muestra-etp-03-1_optimized.jpg\" alt='' title='muestra-etp-03-(1)_optimized' height=\"600\" width=\"841\"  itemprop=\"thumbnailUrl\" srcset=\"https:\/\/radiorevelacionfm.cl\/wp-content\/uploads\/2022\/08\/muestra-etp-03-1_optimized.jpg 841w, https:\/\/radiorevelacionfm.cl\/wp-content\/uploads\/2022\/08\/muestra-etp-03-1_optimized-300x214.jpg 300w, https:\/\/radiorevelacionfm.cl\/wp-content\/uploads\/2022\/08\/muestra-etp-03-1_optimized-768x548.jpg 768w, https:\/\/radiorevelacionfm.cl\/wp-content\/uploads\/2022\/08\/muestra-etp-03-1_optimized-260x185.jpg 260w, https:\/\/radiorevelacionfm.cl\/wp-content\/uploads\/2022\/08\/muestra-etp-03-1_optimized-705x503.jpg 705w, https:\/\/radiorevelacionfm.cl\/wp-content\/uploads\/2022\/08\/muestra-etp-03-1_optimized-600x428.jpg 600w\" sizes=\"(max-width: 841px) 100vw, 841px\" \/><\/div><\/div><\/div><\/div><div class=\"flex_column av_one_full  flex_column_div av-zero-column-padding first  avia-builder-el-2  el_after_av_one_full  el_before_av_one_full  column-top-margin\" style='border-radius:0px; '><section class=\"av_textblock_section \"  itemscope=\"itemscope\" itemtype=\"https:\/\/schema.org\/BlogPosting\" itemprop=\"blogPost\" ><div class='avia_textblock  '   itemprop=\"text\" ><p style=\"text-align: center;\"><strong><span style=\"font-size: 18pt;\">Destacan los 80 a\u00f1os de la Educaci\u00f3n Media T\u00e9cnico Profesional con muestra regional y presentan agenda para potenciar modalidad de ense\u00f1anza<\/span><\/strong><\/p>\n<div id=\"gtx-trans\" style=\"position: absolute; left: -50px; top: 4.31534px;\">\n<div class=\"gtx-trans-icon\"><\/div>\n<\/div>\n<\/div><\/section><\/div><div class=\"flex_column av_one_full  flex_column_div av-zero-column-padding first  avia-builder-el-4  el_after_av_one_full  el_before_av_hr  column-top-margin\" style='border-radius:0px; '><section class=\"av_textblock_section \"  itemscope=\"itemscope\" itemtype=\"https:\/\/schema.org\/BlogPosting\" itemprop=\"blogPost\" ><div class='avia_textblock  '   itemprop=\"text\" ><p class=\"v1MsoNormal\" style=\"text-align: justify;\">Hoy viernes 26 de Agosto, el Ministerio de Educaci\u00f3n celebr\u00f3 en Coyhaique el 80 aniversario de la Educaci\u00f3n Media T\u00e9cnico Profesional hito que fue destacado con una muestra de las especialidades de los 9 colegios que imparten esta formaci\u00f3n diferenciada.<\/p>\n<p class=\"v1MsoNormal\" style=\"text-align: justify;\">En la cuarta versi\u00f3n de esta Muestra Regional EMTP participaron el Liceo Josefina Aguirre Montenegro, Liceo T\u00e9cnico Profesional Profesor Ricardo Navarrete Barr\u00eda, Liceo Juan Pablo II, Liceo Bicentenario Agr\u00edcola e Industrial de la Patagonia de Coyhaique, Liceo Polit\u00e9cnico A 1, Liceo de Ma\u00f1ihuales de\u00a0 Ays\u00e9n, Liceo Bicentenario Luisa Rabanal Palma de Chile Chico. Liceo Bicentenario Rural de Cerro Castillo, Liceo Arturo Prat Chac\u00f3n de Puerto Cisnes. A ellos instituciones de educaci\u00f3n superior t\u00e9cnica: Universidad de Ays\u00e9n, CFT Estatal de Ays\u00e9n, Inacap, y tambi\u00e9n la ONG Canales,\u00a0<span lang=\"ES\">instituci\u00f3n ejecutora del proyecto del Ministerio de Educaci\u00f3n para la creaci\u00f3n de \u201cRedes de Articulaci\u00f3n de establecimientos T\u00e9cnico Profesionales y otros actores Territoriales\u201d.<\/span><\/p>\n<p class=\"v1MsoNormal\" style=\"text-align: justify;\">Al inaugurar esta actividad, el Jefe Provincial de Educaci\u00f3n Coyhaique y Seremi de Educaci\u00f3n(s) Yoal D\u00edaz Reyes felicit\u00f3 el trabajo de los liceos participantes los cuales se despliegan desde Puerto Cisnes hasta Chile Chico en el territorio regional.<\/p>\n<p class=\"v1MsoNormal\" style=\"text-align: justify;\">En su intervenci\u00f3n Yoal D\u00edaz destac\u00f3 la Agenda T\u00e9cnico Profesional que busca poner en marcha el Gobierno para transitar hacia una formaci\u00f3n TP al servicio del desarrollo humano sostenible, reforzando la necesidad de una coordinaci\u00f3n intersectorial centrada en el bienestar sustantivo de estudiantes, trabajadoras y trabajadores.<\/p>\n<p class=\"v1MsoNormal\" style=\"text-align: justify;\">\u201cNuestro gobierno quiere avanzar decididamente hacia un nuevo modelo de desarrollo con mayor justicia social y en armon\u00eda con el cuidado del medioambiente. Y para esto debemos renovar nuestros enfoques en educaci\u00f3n, Este nuevo modelo de desarrollo requiere, a su vez, de una nueva mirada a la educaci\u00f3n t\u00e9cnico profesional, que busque el bienestar sustantivo de estudiantes y comunidades; respondiendo a las necesidades econ\u00f3micas, sociales y de sustentabilidad de los territorios; y bajo los principios de igualdad sustantiva de g\u00e9nero y trabajo decente\u201d.<\/p>\n<p class=\"v1MsoNormal\" style=\"text-align: justify;\">En esa misma l\u00ednea,\u00a0Pablo Fern\u00e1ndez Jofr\u00e9, profesional de la Secretar\u00eda Ejecutiva de Educaci\u00f3n T\u00e9cnico Profesional del Ministerio de Educaci\u00f3n destac\u00f3 el trabajo de los estudiantes de la regi\u00f3n de Ays\u00e9n. En esta muestra he podido ver una peque\u00f1a parte de las grandes capacidades que tienen las y los estudiantes de los liceos participantes. Se ve\u00a0 inter\u00e9s y gran vocaci\u00f3n por los proyectos de vida asociados a las especialidades que est\u00e1n cursando y tambi\u00e9n tomar rumbos en los cuales rescatan la formaci\u00f3n t\u00e9cnico profesional como una experiencia que les nutre. Ello da cuenta del buen trabajo de los liceos t\u00e9cnicos en la regi\u00f3n que fortalecen sus especialidades para entregar a sus estudiantes las mejores herramientas para que se desarrollen integralmente y eso est\u00e1 en l\u00ednea con el cambio de paradigma educativo al que estamos invitados hoy a sumarnos\u201d.<\/p>\n<p class=\"v1MsoNormal\" style=\"text-align: justify;\">La estudiante Diana Fern\u00e1ndez de la especialidad de Acuicultura del Liceo Arturo Prat Chac\u00f3n de Puerto Cisnes valor\u00f3 positivamente su participaci\u00f3n en la muestra.<\/p>\n<p class=\"v1MsoNormal\" style=\"text-align: justify;\">\u201cEs un espacio para compartir los conocimientos que hemos adquirido en nuestra formaci\u00f3n t\u00e9cnica. En mi caso Acuicultura es una especialidad que ofrece diversas posibilidades de crecimiento profesional hacia las ciencias, la ingenier\u00eda y hay un buen campo laboral\u201d.<\/p>\n<p class=\"v1MsoNormal\" style=\"text-align: justify;\"><b>Liceos T\u00e9cnico- Profesionales de la Regi\u00f3n y Especialidades que se imparten<\/b><\/p>\n<p class=\"v1MsoNormal\" style=\"text-align: justify;\">Liceo Josefina Aguirre Montenegro de Coyhaique: Administraci\u00f3n, Gastronom\u00eda, Atenci\u00f3n de P\u00e1rvulos, Atenci\u00f3n de Enfermer\u00eda.<\/p>\n<p class=\"v1MsoNormal\" style=\"text-align: justify;\">Liceo T\u00e9cnico Profesional Profesor Ricardo Navarrete Barr\u00eda de Coyhaique:\u00a0<span lang=\"ES\">Conectividad y Redes, Mec\u00e1nica Automotriz.<\/span><\/p>\n<p class=\"v1MsoNormal\" style=\"text-align: justify;\">Liceo Bicentenario Agr\u00edcola e Industrial de la Patagonia de Coyhaique: Agropecuaria, Electricidad.<\/p>\n<p class=\"v1MsoNormal\" style=\"text-align: justify;\">Liceo T\u00e9cnico Profesional Juan Pablo II de Coyhaique: Telecomunicaciones, Construcci\u00f3n, Contabilidad, Atenci\u00f3n de P\u00e1rvulos, Electricidad (Educaci\u00f3n de Adultos)<\/p>\n<p class=\"v1MsoNormal\" style=\"text-align: justify;\">Liceo Polit\u00e9cnico A 1 de Puerto Ays\u00e9n: Mec\u00e1nica Industrial, Atenci\u00f3n de Enfermer\u00eda.<\/p>\n<p class=\"v1MsoNormal\" style=\"text-align: justify;\">Liceo Bicentenario Luisa Rabanal Palma de Chile Chico: Electricidad, en Energ\u00edas Renovables y Eficiencia Energ\u00e9tica.<\/p>\n<p class=\"v1MsoNormal\" style=\"text-align: justify;\">Liceo Bicentenario Rural Cerro Castillo:\u00a0<span lang=\"ES-TRAD\">Servicios de Turismo.<\/span><\/p>\n<p class=\"v1MsoNormal\" style=\"text-align: justify;\"><span lang=\"ES-TRAD\">Liceo Ma\u00f1ihuales: Explotaci\u00f3n Minera.<\/span><\/p>\n<p class=\"v1MsoNormal\" style=\"text-align: justify;\"><span lang=\"ES-TRAD\">Liceo Arturo Prat Chac\u00f3n de Puerto Cisnes: Acuicultura<\/span><\/p>\n<\/div><\/section><\/div><div  style='height:50px' class='hr hr-invisible   avia-builder-el-6  el_after_av_one_full  el_before_av_social_share '><span class='hr-inner ' ><span class='hr-inner-style'><\/span><\/span><\/div><\/p>\n<div  class='av-social-sharing-box  avia-builder-el-7  el_after_av_hr  el_before_av_hr  '><div class='av-share-box'><h5 class='av-share-link-description av-no-toc '>Compartir esta noticia<\/h5><ul class='av-share-box-list noLightbox'><li class='av-share-link av-social-link-facebook' ><a target=\"_blank\" aria-label=\"Compartir en Facebook\" href='https:\/\/www.facebook.com\/sharer.php?u=https:\/\/radiorevelacionfm.cl\/?p=21100&#038;t=Destacan%20los%2080%20a%C3%B1os%20de%20la%20Educaci%C3%B3n%20Media%20T%C3%A9cnico%20Profesional%20con%20muestra%20regional%20y%20presentan%20agenda%20para%20potenciar%20modalidad%20de%20ense%C3%B1anza' aria-hidden='false' data-av_icon='\ue8f3' data-av_iconfont='entypo-fontello' title='' data-avia-related-tooltip='Compartir en Facebook' rel=\"noopener\"><span class='avia_hidden_link_text'>Compartir en Facebook<\/span><\/a><\/li><li class='av-share-link av-social-link-twitter' ><a target=\"_blank\" aria-label=\"Compartir en Twitter\" href='https:\/\/twitter.com\/share?text=Destacan%20los%2080%20a%C3%B1os%20de%20la%20Educaci%C3%B3n%20Media%20T%C3%A9cnico%20Profesional%20con%20muestra%20regional%20y%20presentan%20agenda%20para%20potenciar%20modalidad%20de%20ense%C3%B1anza&#038;url=https:\/\/radiorevelacionfm.cl\/?p=21100' aria-hidden='false' data-av_icon='\ue8f1' data-av_iconfont='entypo-fontello' title='' data-avia-related-tooltip='Compartir en Twitter' rel=\"noopener\"><span class='avia_hidden_link_text'>Compartir en Twitter<\/span><\/a><\/li><li class='av-share-link av-social-link-whatsapp' ><a target=\"_blank\" aria-label=\"Compartir en Whatsapp\" href='https:\/\/api.whatsapp.com\/send?text=https:\/\/radiorevelacionfm.cl\/?p=21100' aria-hidden='false' data-av_icon='\uf232' data-av_iconfont='entypo-fontello' title='' data-avia-related-tooltip='Compartir en Whatsapp' rel=\"noopener\"><span class='avia_hidden_link_text'>Compartir en Whatsapp<\/span><\/a><\/li><li class='av-share-link av-social-link-linkedin' ><a target=\"_blank\" aria-label=\"Compartir en LinkedIn\" href='https:\/\/linkedin.com\/shareArticle?mini=true&#038;title=Destacan%20los%2080%20a%C3%B1os%20de%20la%20Educaci%C3%B3n%20Media%20T%C3%A9cnico%20Profesional%20con%20muestra%20regional%20y%20presentan%20agenda%20para%20potenciar%20modalidad%20de%20ense%C3%B1anza&#038;url=https:\/\/radiorevelacionfm.cl\/?p=21100' aria-hidden='false' data-av_icon='\ue8fc' data-av_iconfont='entypo-fontello' title='' data-avia-related-tooltip='Compartir en LinkedIn' rel=\"noopener\"><span class='avia_hidden_link_text'>Compartir en LinkedIn<\/span><\/a><\/li><li class='av-share-link av-social-link-mail' ><a  aria-label=\"Compartir por correo\" href='mailto:?subject=Destacan%20los%2080%20a%C3%B1os%20de%20la%20Educaci%C3%B3n%20Media%20T%C3%A9cnico%20Profesional%20con%20muestra%20regional%20y%20presentan%20agenda%20para%20potenciar%20modalidad%20de%20ense%C3%B1anza&#038;body=https:\/\/radiorevelacionfm.cl\/?p=21100' aria-hidden='false' data-av_icon='\ue805' data-av_iconfont='entypo-fontello' title='' data-avia-related-tooltip='Compartir por correo'><span class='avia_hidden_link_text'>Compartir por correo<\/span><\/a><\/li><\/ul><\/div><\/div>\n<div  style='height:50px' class='hr hr-invisible   avia-builder-el-8  el_after_av_social_share  el_before_av_comments_list '><span class='hr-inner ' ><span class='hr-inner-style'><\/span><\/span><\/div>\n<div  class='av-buildercomment  av-blog-meta-html-info-disabled av-blog-meta-tag-disabled  '><\/div>\n","protected":false},"excerpt":{"rendered":"","protected":false},"author":1,"featured_media":21101,"comment_status":"open","ping_status":"open","sticky":false,"template":"","format":"standard","meta":{"footnotes":""},"categories":[49],"tags":[],"class_list":["post-21100","post","type-post","status-publish","format-standard","has-post-thumbnail","hentry","category-educacion"],"jetpack_featured_media_url":"https:\/\/radiorevelacionfm.cl\/wp-content\/uploads\/2022\/08\/muestra-etp-03-1_optimized.jpg","_links":{"self":[{"href":"https:\/\/radiorevelacionfm.cl\/index.php?rest_route=\/wp\/v2\/posts\/21100","targetHints":{"allow":["GET"]}}],"collection":[{"href":"https:\/\/radiorevelacionfm.cl\/index.php?rest_route=\/wp\/v2\/posts"}],"about":[{"href":"https:\/\/radiorevelacionfm.cl\/index.php?rest_route=\/wp\/v2\/types\/post"}],"author":[{"embeddable":true,"href":"https:\/\/radiorevelacionfm.cl\/index.php?rest_route=\/wp\/v2\/users\/1"}],"replies":[{"embeddable":true,"href":"https:\/\/radiorevelacionfm.cl\/index.php?rest_route=%2Fwp%2Fv2%2Fcomments&post=21100"}],"version-history":[{"count":2,"href":"https:\/\/radiorevelacionfm.cl\/index.php?rest_route=\/wp\/v2\/posts\/21100\/revisions"}],"predecessor-version":[{"id":21103,"href":"https:\/\/radiorevelacionfm.cl\/index.php?rest_route=\/wp\/v2\/posts\/21100\/revisions\/21103"}],"wp:featuredmedia":[{"embeddable":true,"href":"https:\/\/radiorevelacionfm.cl\/index.php?rest_route=\/wp\/v2\/media\/21101"}],"wp:attachment":[{"href":"https:\/\/radiorevelacionfm.cl\/index.php?rest_route=%2Fwp%2Fv2%2Fmedia&parent=21100"}],"wp:term":[{"taxonomy":"category","embeddable":true,"href":"https:\/\/radiorevelacionfm.cl\/index.php?rest_route=%2Fwp%2Fv2%2Fcategories&post=21100"},{"taxonomy":"post_tag","embeddable":true,"href":"https:\/\/radiorevelacionfm.cl\/index.php?rest_route=%2Fwp%2Fv2%2Ftags&post=21100"}],"curies":[{"name":"wp","href":"https:\/\/api.w.org\/{rel}","templated":true}]}}