{"id":2110,"date":"2021-01-26T16:47:04","date_gmt":"2021-01-26T19:47:04","guid":{"rendered":"https:\/\/radiorevelacionfm.cl\/?p=2110"},"modified":"2021-01-26T17:01:12","modified_gmt":"2021-01-26T20:01:12","slug":"un-total-de-98-proyectos-postularon-a-iniciativa-fondeporte-2021-en-la-region-de-aysen","status":"publish","type":"post","link":"https:\/\/radiorevelacionfm.cl\/?p=2110","title":{"rendered":"Un total de 98 proyectos postularon a iniciativa Fondeporte 2021 en la regi\u00f3n de Ays\u00e9n"},"content":{"rendered":"<div class=\"flex_column av_one_full  flex_column_div av-zero-column-padding first  avia-builder-el-0  el_before_av_one_full  avia-builder-el-first  \" style='border-radius:0px; '><div  class='avia-image-container  av-styling-    avia-builder-el-1  avia-builder-el-no-sibling  avia-align-center '  itemprop=\"image\" itemscope=\"itemscope\" itemtype=\"https:\/\/schema.org\/ImageObject\"  ><div class='avia-image-container-inner'><div class='avia-image-overlay-wrap'><img decoding=\"async\" class='wp-image-0 avia-img-lazy-loading-not-0 avia_image' src=\"https:\/\/radiorevelacionfm.cl\/wp-content\/uploads\/2021\/01\/fonde-banner-2.jpg\" alt='' title=''   itemprop=\"thumbnailUrl\"  \/><\/div><\/div><\/div><\/div><div class=\"flex_column av_one_full  flex_column_div av-zero-column-padding first  avia-builder-el-2  el_after_av_one_full  el_before_av_one_full  column-top-margin\" style='border-radius:0px; '><section class=\"av_textblock_section \"  itemscope=\"itemscope\" itemtype=\"https:\/\/schema.org\/BlogPosting\" itemprop=\"blogPost\" ><div class='avia_textblock  '   itemprop=\"text\" ><p style=\"text-align: center;\"><span style=\"font-size: 18pt;\"><strong>Un total de 98 proyectos postularon a iniciativa Fondeporte 2021 en la regi\u00f3n de Ays\u00e9n<\/strong><\/span><\/p>\n<div id=\"gtx-trans\" style=\"position: absolute; left: -50px; top: 4.31534px;\">\n<div class=\"gtx-trans-icon\"><\/div>\n<\/div>\n<\/div><\/section><\/div><\/p>\n<div class=\"flex_column av_one_full  flex_column_div av-zero-column-padding first  avia-builder-el-4  el_after_av_one_full  el_before_av_hr  column-top-margin\" style='border-radius:0px; '><section class=\"av_textblock_section \"  itemscope=\"itemscope\" itemtype=\"https:\/\/schema.org\/BlogPosting\" itemprop=\"blogPost\" ><div class='avia_textblock  '   itemprop=\"text\" ><div><\/div>\n<div>\n<div>\n<p style=\"text-align: justify;\"><span style=\"font-family: georgia, palatino, serif; font-size: 12pt;\">El 8 de enero \u00a0finaliz\u00f3 el plazo de postulaci\u00f3n al Fondo Nacional para el Fomento del Deporte\u00a0y se espera dar a conocer los proyectos ganadores durante el mes de marzo.<\/span><\/p>\n<p style=\"text-align: justify;\"><span style=\"font-family: georgia, palatino, serif; font-size: 12pt;\">El concurso que convoca el\u00a0Ministerio del Deporte, y se ejecuta a trav\u00e9s del Instituto Nacional de Deportes, est\u00e1\u00a0orientado al desarrollo y proyecci\u00f3n iniciativas en el \u00e1mbito de actividad f\u00edsica y deportiva, de clubes u organizaciones ligadas al deporte en la regi\u00f3n.<\/span><\/p>\n<p style=\"text-align: justify;\"><span style=\"font-family: georgia, palatino, serif; font-size: 12pt;\">En este sentido el Seremi del Deporte, Rodrigo Cubilla Retamal sostuvo que \u00abcomo\u00a0Gobierno del Presidente Sebasti\u00e1n Pi\u00f1era y junto a la Ministra del Deporte, seguimos trabajando por el desarrollo del deporte en regi\u00f3n, impulsando junto al Ind esta instancia participativa que entrega a las\u00a0organizaciones deportivas del pa\u00eds la posibilidad de optar a recursos del Estado para ejecutar iniciativas deportivas y recreativas, y este a\u00f1o a pesar de la pandemia tuvimos un n\u00famero importante de participantes\u00a0lo que demuestra el inter\u00e9s en participar a\u00f1o a a\u00f1o en este proceso\u00bb.<\/span><\/p>\n<p style=\"text-align: justify;\"><span style=\"font-family: georgia, palatino, serif; font-size: 12pt;\">Asimismo, el Director Regional del IND, Jos\u00e9 Manuel Sep\u00falveda detall\u00f3 \u00abeste a\u00f1o recibimos 98 proyectos de 53 organizaciones, 26 de los cuales corresponden a la comuna de \u00a0Coyhaique, 14 a la comuna de Ays\u00e9n, 5 de R\u00edo Ib\u00e1\u00f1ez, 4 de Cochrane, \u00a02 de Villa O&#8217;Higgins, 1 de Tortel y 1 de Lago Verde respectivamente, todos ellos ser\u00e1n evaluados en un proceso que se extiende aproximadamente durante 40 d\u00edas h\u00e1biles, donde adem\u00e1s habr\u00e1 una instancia de apelaci\u00f3n de aquellos proyectos que resulten rechazados, por lo que deben estar atentos a sus correos electr\u00f3nicos donde ser\u00e1n notificados oportunamente\u00bb.<br \/>\n<\/span><\/p>\n<p style=\"text-align: justify;\"><span style=\"font-family: georgia, palatino, serif; font-size: 12pt;\">Los proyectos se evaluar\u00e1n y seleccionar\u00e1n sobre la base de los criterios de elegibilidad fijados por el Ministerio del Deporte y los beneficiados tendr\u00e1n hasta fin de a\u00f1o para ejecutar las iniciativas.<\/span><\/p>\n<\/div>\n<div>\n<table border=\"0\" width=\"220\" cellspacing=\"0\" cellpadding=\"0\">\n<colgroup>\n<col width=\"220\" \/><\/colgroup>\n<tbody>\n<tr>\n<td width=\"220\" height=\"15\"><span style=\"font-family: georgia, palatino, serif; font-size: 12pt;\">Postulantes: 53<\/span><\/td>\n<\/tr>\n<tr>\n<td height=\"16\"><span style=\"font-family: georgia, palatino, serif; font-size: 12pt;\">Proyectos postulados: 98<\/span><\/td>\n<\/tr>\n<tr>\n<td height=\"16\"><\/td>\n<\/tr>\n<tr>\n<td height=\"15\"><span style=\"font-family: georgia, palatino, serif; font-size: 12pt;\">14 postulantes de Ays\u00e9n<\/span><\/td>\n<\/tr>\n<tr>\n<td height=\"15\"><span style=\"font-family: georgia, palatino, serif; font-size: 12pt;\">4 postulantes de Cochrane<\/span><\/td>\n<\/tr>\n<tr>\n<td height=\"15\"><span style=\"font-family: georgia, palatino, serif; font-size: 12pt;\">26 postulantes de Coyhaique<\/span><\/td>\n<\/tr>\n<tr>\n<td height=\"15\"><span style=\"font-family: georgia, palatino, serif; font-size: 12pt;\">1 postulante de Lago Verde<\/span><\/td>\n<\/tr>\n<tr>\n<td height=\"15\"><span style=\"font-family: georgia, palatino, serif; font-size: 12pt;\">2 Postulantes de O\u00b4Higgins<\/span><\/td>\n<\/tr>\n<tr>\n<td height=\"15\"><span style=\"font-family: georgia, palatino, serif; font-size: 12pt;\">5 postulantes de R\u00edo Iba\u00f1ez<\/span><\/td>\n<\/tr>\n<tr>\n<td height=\"16\"><span style=\"font-family: georgia, palatino, serif; font-size: 12pt;\">1 postulante de Tortel<\/span><\/td>\n<\/tr>\n<tr>\n<td height=\"16\"><\/td>\n<\/tr>\n<tr>\n<td height=\"16\"><span style=\"font-family: georgia, palatino, serif; font-size: 12pt;\">Categor\u00edas:<\/span><\/td>\n<\/tr>\n<tr>\n<td height=\"15\"><span style=\"font-family: georgia, palatino, serif; font-size: 12pt;\">Deporte de Competici\u00f3n: 22<\/span><\/td>\n<\/tr>\n<tr>\n<td height=\"15\"><span style=\"font-family: georgia, palatino, serif; font-size: 12pt;\">Deporte Recreativo: 47<\/span><\/td>\n<\/tr>\n<tr>\n<td height=\"16\"><span style=\"font-family: georgia, palatino, serif; font-size: 12pt;\">Formaci\u00f3n para el Deporte: 29<\/span><\/td>\n<\/tr>\n<\/tbody>\n<\/table>\n<\/div>\n<div><\/div>\n<div><\/div>\n<div><\/div>\n<\/div>\n<div><\/div>\n<div><\/div>\n<div><\/div>\n<\/div><\/section><\/div>\n<div  style='height:50px' class='hr hr-invisible   avia-builder-el-6  el_after_av_one_full  el_before_av_social_share '><span class='hr-inner ' ><span class='hr-inner-style'><\/span><\/span><\/div>\n<div  class='av-social-sharing-box  avia-builder-el-7  el_after_av_hr  el_before_av_hr  '><div class='av-share-box'><h5 class='av-share-link-description av-no-toc '>Compartir esta noticia<\/h5><ul class='av-share-box-list noLightbox'><li class='av-share-link av-social-link-facebook' ><a target=\"_blank\" aria-label=\"Compartir en Facebook\" href='https:\/\/www.facebook.com\/sharer.php?u=https:\/\/radiorevelacionfm.cl\/?p=2110&#038;t=Un%20total%20de%2098%20proyectos%20postularon%20a%20iniciativa%20Fondeporte%202021%20en%20la%20regi%C3%B3n%20de%20Ays%C3%A9n' aria-hidden='false' data-av_icon='\ue8f3' data-av_iconfont='entypo-fontello' title='' data-avia-related-tooltip='Compartir en Facebook' rel=\"noopener\"><span class='avia_hidden_link_text'>Compartir en Facebook<\/span><\/a><\/li><li class='av-share-link av-social-link-twitter' ><a target=\"_blank\" aria-label=\"Compartir en Twitter\" href='https:\/\/twitter.com\/share?text=Un%20total%20de%2098%20proyectos%20postularon%20a%20iniciativa%20Fondeporte%202021%20en%20la%20regi%C3%B3n%20de%20Ays%C3%A9n&#038;url=https:\/\/radiorevelacionfm.cl\/?p=2110' aria-hidden='false' data-av_icon='\ue8f1' data-av_iconfont='entypo-fontello' title='' data-avia-related-tooltip='Compartir en Twitter' rel=\"noopener\"><span class='avia_hidden_link_text'>Compartir en Twitter<\/span><\/a><\/li><li class='av-share-link av-social-link-whatsapp' ><a target=\"_blank\" aria-label=\"Compartir en Whatsapp\" href='https:\/\/api.whatsapp.com\/send?text=https:\/\/radiorevelacionfm.cl\/?p=2110' aria-hidden='false' data-av_icon='\uf232' data-av_iconfont='entypo-fontello' title='' data-avia-related-tooltip='Compartir en Whatsapp' rel=\"noopener\"><span class='avia_hidden_link_text'>Compartir en Whatsapp<\/span><\/a><\/li><li class='av-share-link av-social-link-linkedin' ><a target=\"_blank\" aria-label=\"Compartir en LinkedIn\" href='https:\/\/linkedin.com\/shareArticle?mini=true&#038;title=Un%20total%20de%2098%20proyectos%20postularon%20a%20iniciativa%20Fondeporte%202021%20en%20la%20regi%C3%B3n%20de%20Ays%C3%A9n&#038;url=https:\/\/radiorevelacionfm.cl\/?p=2110' aria-hidden='false' data-av_icon='\ue8fc' data-av_iconfont='entypo-fontello' title='' data-avia-related-tooltip='Compartir en LinkedIn' rel=\"noopener\"><span class='avia_hidden_link_text'>Compartir en LinkedIn<\/span><\/a><\/li><li class='av-share-link av-social-link-mail' ><a  aria-label=\"Compartir por correo\" href='mailto:?subject=Un%20total%20de%2098%20proyectos%20postularon%20a%20iniciativa%20Fondeporte%202021%20en%20la%20regi%C3%B3n%20de%20Ays%C3%A9n&#038;body=https:\/\/radiorevelacionfm.cl\/?p=2110' aria-hidden='false' data-av_icon='\ue805' data-av_iconfont='entypo-fontello' title='' data-avia-related-tooltip='Compartir por correo'><span class='avia_hidden_link_text'>Compartir por correo<\/span><\/a><\/li><\/ul><\/div><\/div>\n<div  style='height:50px' class='hr hr-invisible   avia-builder-el-8  el_after_av_social_share  el_before_av_comments_list '><span class='hr-inner ' ><span class='hr-inner-style'><\/span><\/span><\/div>\n<div  class='av-buildercomment  av-blog-meta-html-info-disabled av-blog-meta-tag-disabled  '><\/div>\n","protected":false},"excerpt":{"rendered":"","protected":false},"author":1,"featured_media":0,"comment_status":"open","ping_status":"open","sticky":false,"template":"","format":"standard","meta":{"footnotes":""},"categories":[40],"tags":[],"class_list":["post-2110","post","type-post","status-publish","format-standard","hentry","category-deportes"],"jetpack_featured_media_url":"","_links":{"self":[{"href":"https:\/\/radiorevelacionfm.cl\/index.php?rest_route=\/wp\/v2\/posts\/2110","targetHints":{"allow":["GET"]}}],"collection":[{"href":"https:\/\/radiorevelacionfm.cl\/index.php?rest_route=\/wp\/v2\/posts"}],"about":[{"href":"https:\/\/radiorevelacionfm.cl\/index.php?rest_route=\/wp\/v2\/types\/post"}],"author":[{"embeddable":true,"href":"https:\/\/radiorevelacionfm.cl\/index.php?rest_route=\/wp\/v2\/users\/1"}],"replies":[{"embeddable":true,"href":"https:\/\/radiorevelacionfm.cl\/index.php?rest_route=%2Fwp%2Fv2%2Fcomments&post=2110"}],"version-history":[{"count":4,"href":"https:\/\/radiorevelacionfm.cl\/index.php?rest_route=\/wp\/v2\/posts\/2110\/revisions"}],"predecessor-version":[{"id":2117,"href":"https:\/\/radiorevelacionfm.cl\/index.php?rest_route=\/wp\/v2\/posts\/2110\/revisions\/2117"}],"wp:attachment":[{"href":"https:\/\/radiorevelacionfm.cl\/index.php?rest_route=%2Fwp%2Fv2%2Fmedia&parent=2110"}],"wp:term":[{"taxonomy":"category","embeddable":true,"href":"https:\/\/radiorevelacionfm.cl\/index.php?rest_route=%2Fwp%2Fv2%2Fcategories&post=2110"},{"taxonomy":"post_tag","embeddable":true,"href":"https:\/\/radiorevelacionfm.cl\/index.php?rest_route=%2Fwp%2Fv2%2Ftags&post=2110"}],"curies":[{"name":"wp","href":"https:\/\/api.w.org\/{rel}","templated":true}]}}