{"id":21089,"date":"2022-08-26T17:34:12","date_gmt":"2022-08-26T20:34:12","guid":{"rendered":"https:\/\/radiorevelacionfm.cl\/?p=21089"},"modified":"2022-08-26T17:56:21","modified_gmt":"2022-08-26T20:56:21","slug":"radio-revelacion-de-puerto-cisnes-y-sernameg-lanzan-programa-dile-no-a-la-violencia","status":"publish","type":"post","link":"https:\/\/radiorevelacionfm.cl\/?p=21089","title":{"rendered":"Radio Revelaci\u00f3n de Puerto Cisnes y SernamEG lanzan programa \u00abDile No a la Violencia\u00bb"},"content":{"rendered":"<div class=\"flex_column av_one_full  flex_column_div av-zero-column-padding first  avia-builder-el-0  el_before_av_one_full  avia-builder-el-first  \" style='border-radius:0px; '><div  class='avia-image-container  av-styling-    avia-builder-el-1  avia-builder-el-no-sibling  avia-align-center '  itemprop=\"image\" itemscope=\"itemscope\" itemtype=\"https:\/\/schema.org\/ImageObject\"  ><div class='avia-image-container-inner'><div class='avia-image-overlay-wrap'><img decoding=\"async\" class='wp-image-21095 avia-img-lazy-loading-not-21095 avia_image' src=\"https:\/\/radiorevelacionfm.cl\/wp-content\/uploads\/2022\/08\/C2-2022-08-26T161333.548-1-1.jpg\" alt='' title='C2 - 2022-08-26T161333.548 (1) (1)' height=\"600\" width=\"883\"  itemprop=\"thumbnailUrl\" srcset=\"https:\/\/radiorevelacionfm.cl\/wp-content\/uploads\/2022\/08\/C2-2022-08-26T161333.548-1-1.jpg 883w, https:\/\/radiorevelacionfm.cl\/wp-content\/uploads\/2022\/08\/C2-2022-08-26T161333.548-1-1-300x204.jpg 300w, https:\/\/radiorevelacionfm.cl\/wp-content\/uploads\/2022\/08\/C2-2022-08-26T161333.548-1-1-768x522.jpg 768w, https:\/\/radiorevelacionfm.cl\/wp-content\/uploads\/2022\/08\/C2-2022-08-26T161333.548-1-1-705x479.jpg 705w, https:\/\/radiorevelacionfm.cl\/wp-content\/uploads\/2022\/08\/C2-2022-08-26T161333.548-1-1-600x408.jpg 600w\" sizes=\"(max-width: 883px) 100vw, 883px\" \/><\/div><\/div><\/div><\/div><div class=\"flex_column av_one_full  flex_column_div av-zero-column-padding first  avia-builder-el-2  el_after_av_one_full  el_before_av_one_full  column-top-margin\" style='border-radius:0px; '><section class=\"av_textblock_section \"  itemscope=\"itemscope\" itemtype=\"https:\/\/schema.org\/BlogPosting\" itemprop=\"blogPost\" ><div class='avia_textblock  '   itemprop=\"text\" ><p style=\"text-align: center;\"><strong><span style=\"font-size: 18pt;\">Radio Revelaci\u00f3n de Puerto Cisnes y SernamEG lanzan programa \u00abDile No a la Violencia\u00bb<\/span><\/strong><\/p>\n<div id=\"gtx-trans\" style=\"position: absolute; left: -50px; top: 4.31534px;\">\n<div class=\"gtx-trans-icon\"><\/div>\n<\/div>\n<\/div><\/section><\/div><\/p>\n<div class=\"flex_column av_one_full  flex_column_div av-zero-column-padding first  avia-builder-el-4  el_after_av_one_full  el_before_av_hr  column-top-margin\" style='border-radius:0px; '><section class=\"av_textblock_section \"  itemscope=\"itemscope\" itemtype=\"https:\/\/schema.org\/BlogPosting\" itemprop=\"blogPost\" ><div class='avia_textblock  '   itemprop=\"text\" ><p style=\"text-align: justify;\">Con el objetivo de entregar informaci\u00f3n clara y did\u00e1ctica a la comunidad sobre la violencia de g\u00e9nero, con especial \u00e9nfasis en las mujeres y juventudes, Radio Revelaci\u00f3n de Puerto Cisnes present\u00f3 un proyecto al Fondo de Medios de Comunicaci\u00f3n Social Regionales, Provinciales y Comunales del Ministerio Secretar\u00eda General de Gobierno, Segegob. Iniciativa ganadora que cuenta con el apoyo del Servicio Nacional de la Mujer y la Equidad de G\u00e9nero, SernamEG.<\/p>\n<p style=\"text-align: justify;\">La Directora Regional (s) de SernamEG, Carla Arriagada Malague\u00f1o, se refiri\u00f3 a la importancia de contar con el espacio radial. \u201cLa relaci\u00f3n entre la ciudadan\u00eda y los medios de comunicaci\u00f3n masivos es determinante en la construcci\u00f3n de modelos de comportamiento social. Hist\u00f3ricamente para las mujeres, esta relaci\u00f3n ha sido compleja, por cuanto los medios, como otros agentes socializadores, refuerzan una identidad femenina ligada principalmente al mundo de lo privado, no propiciando la diversidad de roles que las mujeres podemos asumir. En este contexto, como Servicio tenemos el inter\u00e9s de colaborar con radio Revelaci\u00f3n de Puerto Cisnes en la tarea de generar una cultura de igualdad, teniendo en cuenta que, en esta regi\u00f3n, la radio es el medio de comunicaci\u00f3n por excelencia\u201d.<\/p>\n<p style=\"text-align: justify;\">Por su parte, la Directora de radio Revelaci\u00f3n, Carolina Ram\u00edrez, se\u00f1al\u00f3: \u00abcomo medio de comunicaci\u00f3n nos preocupa enormemente la violencia de g\u00e9nero, ya que Puerto Cisnes y el resto de la comuna no est\u00e1 ajena a hechos de violencia. Adem\u00e1s, estamos conscientes que producto de la pandemia las mujeres estuvieron m\u00e1s restringidas en entornos que no eran seguros, por eso agradecemos la oportunidad que nos ha dado SernamEG de trabajar de forma colaborativa en este proyecto radial, que es posible ejecutar gracias al financiamiento del Fondo de Medios 2022; el que busca sensibilizar y entregar informaci\u00f3n clave sobre este fen\u00f3meno\u00bb.<\/p>\n<p style=\"text-align: justify;\">Durante tres meses, los d\u00edas viernes a las 11:30 horas se transmite el programa \u201cDile NO a la Violencia\u201d en radio Revelaci\u00f3n 89.9 FM en Puerto Cisnes. El fin \u00faltimo del proyecto es entregar informaci\u00f3n relevante a la localidad de Puerto Cisnes y sus alrededores sobre tem\u00e1ticas, acciones, programas y lineamientos del SernamEG. Apunta a ser un programa con valor period\u00edstico, din\u00e1mico y cre\u00edble, que incluya la incorporaci\u00f3n de otras instituciones; en favor de los derechos, igualdad y autonom\u00eda de las mujeres y por la equidad de g\u00e9nero.<\/p>\n<\/div><\/section><\/div>\n<div  style='height:50px' class='hr hr-invisible   avia-builder-el-6  el_after_av_one_full  el_before_av_social_share '><span class='hr-inner ' ><span class='hr-inner-style'><\/span><\/span><\/div>\n<div  class='av-social-sharing-box  avia-builder-el-7  el_after_av_hr  el_before_av_hr  '><div class='av-share-box'><h5 class='av-share-link-description av-no-toc '>Compartir esta noticia<\/h5><ul class='av-share-box-list noLightbox'><li class='av-share-link av-social-link-facebook' ><a target=\"_blank\" aria-label=\"Compartir en Facebook\" href='https:\/\/www.facebook.com\/sharer.php?u=https:\/\/radiorevelacionfm.cl\/?p=21089&#038;t=Radio%20Revelaci%C3%B3n%20de%20Puerto%20Cisnes%20y%20SernamEG%20lanzan%20programa%20%C2%ABDile%20No%20a%20la%20Violencia%C2%BB' aria-hidden='false' data-av_icon='\ue8f3' data-av_iconfont='entypo-fontello' title='' data-avia-related-tooltip='Compartir en Facebook' rel=\"noopener\"><span class='avia_hidden_link_text'>Compartir en Facebook<\/span><\/a><\/li><li class='av-share-link av-social-link-twitter' ><a target=\"_blank\" aria-label=\"Compartir en Twitter\" href='https:\/\/twitter.com\/share?text=Radio%20Revelaci%C3%B3n%20de%20Puerto%20Cisnes%20y%20SernamEG%20lanzan%20programa%20%C2%ABDile%20No%20a%20la%20Violencia%C2%BB&#038;url=https:\/\/radiorevelacionfm.cl\/?p=21089' aria-hidden='false' data-av_icon='\ue8f1' data-av_iconfont='entypo-fontello' title='' data-avia-related-tooltip='Compartir en Twitter' rel=\"noopener\"><span class='avia_hidden_link_text'>Compartir en Twitter<\/span><\/a><\/li><li class='av-share-link av-social-link-whatsapp' ><a target=\"_blank\" aria-label=\"Compartir en Whatsapp\" href='https:\/\/api.whatsapp.com\/send?text=https:\/\/radiorevelacionfm.cl\/?p=21089' aria-hidden='false' data-av_icon='\uf232' data-av_iconfont='entypo-fontello' title='' data-avia-related-tooltip='Compartir en Whatsapp' rel=\"noopener\"><span class='avia_hidden_link_text'>Compartir en Whatsapp<\/span><\/a><\/li><li class='av-share-link av-social-link-linkedin' ><a target=\"_blank\" aria-label=\"Compartir en LinkedIn\" href='https:\/\/linkedin.com\/shareArticle?mini=true&#038;title=Radio%20Revelaci%C3%B3n%20de%20Puerto%20Cisnes%20y%20SernamEG%20lanzan%20programa%20%C2%ABDile%20No%20a%20la%20Violencia%C2%BB&#038;url=https:\/\/radiorevelacionfm.cl\/?p=21089' aria-hidden='false' data-av_icon='\ue8fc' data-av_iconfont='entypo-fontello' title='' data-avia-related-tooltip='Compartir en LinkedIn' rel=\"noopener\"><span class='avia_hidden_link_text'>Compartir en LinkedIn<\/span><\/a><\/li><li class='av-share-link av-social-link-mail' ><a  aria-label=\"Compartir por correo\" href='mailto:?subject=Radio%20Revelaci%C3%B3n%20de%20Puerto%20Cisnes%20y%20SernamEG%20lanzan%20programa%20%C2%ABDile%20No%20a%20la%20Violencia%C2%BB&#038;body=https:\/\/radiorevelacionfm.cl\/?p=21089' aria-hidden='false' data-av_icon='\ue805' data-av_iconfont='entypo-fontello' title='' data-avia-related-tooltip='Compartir por correo'><span class='avia_hidden_link_text'>Compartir por correo<\/span><\/a><\/li><\/ul><\/div><\/div>\n<div  style='height:50px' class='hr hr-invisible   avia-builder-el-8  el_after_av_social_share  el_before_av_comments_list '><span class='hr-inner ' ><span class='hr-inner-style'><\/span><\/span><\/div>\n<div  class='av-buildercomment  av-blog-meta-html-info-disabled av-blog-meta-tag-disabled  '><\/div>\n","protected":false},"excerpt":{"rendered":"","protected":false},"author":1,"featured_media":21095,"comment_status":"open","ping_status":"open","sticky":false,"template":"","format":"standard","meta":{"footnotes":""},"categories":[38],"tags":[],"class_list":["post-21089","post","type-post","status-publish","format-standard","has-post-thumbnail","hentry","category-regional"],"jetpack_featured_media_url":"https:\/\/radiorevelacionfm.cl\/wp-content\/uploads\/2022\/08\/C2-2022-08-26T161333.548-1-1.jpg","_links":{"self":[{"href":"https:\/\/radiorevelacionfm.cl\/index.php?rest_route=\/wp\/v2\/posts\/21089","targetHints":{"allow":["GET"]}}],"collection":[{"href":"https:\/\/radiorevelacionfm.cl\/index.php?rest_route=\/wp\/v2\/posts"}],"about":[{"href":"https:\/\/radiorevelacionfm.cl\/index.php?rest_route=\/wp\/v2\/types\/post"}],"author":[{"embeddable":true,"href":"https:\/\/radiorevelacionfm.cl\/index.php?rest_route=\/wp\/v2\/users\/1"}],"replies":[{"embeddable":true,"href":"https:\/\/radiorevelacionfm.cl\/index.php?rest_route=%2Fwp%2Fv2%2Fcomments&post=21089"}],"version-history":[{"count":4,"href":"https:\/\/radiorevelacionfm.cl\/index.php?rest_route=\/wp\/v2\/posts\/21089\/revisions"}],"predecessor-version":[{"id":21093,"href":"https:\/\/radiorevelacionfm.cl\/index.php?rest_route=\/wp\/v2\/posts\/21089\/revisions\/21093"}],"wp:featuredmedia":[{"embeddable":true,"href":"https:\/\/radiorevelacionfm.cl\/index.php?rest_route=\/wp\/v2\/media\/21095"}],"wp:attachment":[{"href":"https:\/\/radiorevelacionfm.cl\/index.php?rest_route=%2Fwp%2Fv2%2Fmedia&parent=21089"}],"wp:term":[{"taxonomy":"category","embeddable":true,"href":"https:\/\/radiorevelacionfm.cl\/index.php?rest_route=%2Fwp%2Fv2%2Fcategories&post=21089"},{"taxonomy":"post_tag","embeddable":true,"href":"https:\/\/radiorevelacionfm.cl\/index.php?rest_route=%2Fwp%2Fv2%2Ftags&post=21089"}],"curies":[{"name":"wp","href":"https:\/\/api.w.org\/{rel}","templated":true}]}}