{"id":21086,"date":"2022-08-26T18:26:54","date_gmt":"2022-08-26T21:26:54","guid":{"rendered":"https:\/\/radiorevelacionfm.cl\/?p=21086"},"modified":"2022-08-26T18:38:54","modified_gmt":"2022-08-26T21:38:54","slug":"gobernadora-regional-presidio-el-comite-regional-de-cambio-climatico","status":"publish","type":"post","link":"https:\/\/radiorevelacionfm.cl\/?p=21086","title":{"rendered":"Gobernadora presidi\u00f3 el comit\u00e9 regional de cambio clim\u00e1tico"},"content":{"rendered":"<div class=\"flex_column av_one_full  flex_column_div av-zero-column-padding first  avia-builder-el-0  el_before_av_one_full  avia-builder-el-first  \" style='border-radius:0px; '><div  class='avia-image-container  av-styling-    avia-builder-el-1  avia-builder-el-no-sibling  avia-align-center '  itemprop=\"image\" itemscope=\"itemscope\" itemtype=\"https:\/\/schema.org\/ImageObject\"  ><div class='avia-image-container-inner'><div class='avia-image-overlay-wrap'><img decoding=\"async\" class='wp-image-21087 avia-img-lazy-loading-not-21087 avia_image' src=\"https:\/\/radiorevelacionfm.cl\/wp-content\/uploads\/2022\/08\/1-38-1-1.jpeg\" alt='' title='1 (38) (1) (1)' height=\"600\" width=\"900\"  itemprop=\"thumbnailUrl\" srcset=\"https:\/\/radiorevelacionfm.cl\/wp-content\/uploads\/2022\/08\/1-38-1-1.jpeg 900w, https:\/\/radiorevelacionfm.cl\/wp-content\/uploads\/2022\/08\/1-38-1-1-300x200.jpeg 300w, https:\/\/radiorevelacionfm.cl\/wp-content\/uploads\/2022\/08\/1-38-1-1-768x512.jpeg 768w, https:\/\/radiorevelacionfm.cl\/wp-content\/uploads\/2022\/08\/1-38-1-1-705x470.jpeg 705w, https:\/\/radiorevelacionfm.cl\/wp-content\/uploads\/2022\/08\/1-38-1-1-600x400.jpeg 600w\" sizes=\"(max-width: 900px) 100vw, 900px\" \/><\/div><\/div><\/div><\/div>\n<div class=\"flex_column av_one_full  flex_column_div av-zero-column-padding first  avia-builder-el-2  el_after_av_one_full  el_before_av_one_full  column-top-margin\" style='border-radius:0px; '><section class=\"av_textblock_section \"  itemscope=\"itemscope\" itemtype=\"https:\/\/schema.org\/BlogPosting\" itemprop=\"blogPost\" ><div class='avia_textblock  '   itemprop=\"text\" ><p style=\"text-align: center;\"><strong><span style=\"font-size: 18pt;\">Gobernadora presidi\u00f3 el comit\u00e9 regional de cambio clim\u00e1tico<\/span><\/strong><\/p>\n<div id=\"gtx-trans\" style=\"position: absolute; left: -50px; top: 4.31534px;\">\n<div class=\"gtx-trans-icon\"><\/div>\n<\/div>\n<\/div><\/section><\/div><div class=\"flex_column av_one_full  flex_column_div av-zero-column-padding first  avia-builder-el-4  el_after_av_one_full  el_before_av_hr  column-top-margin\" style='border-radius:0px; '><section class=\"av_textblock_section \"  itemscope=\"itemscope\" itemtype=\"https:\/\/schema.org\/BlogPosting\" itemprop=\"blogPost\" ><div class='avia_textblock  '   itemprop=\"text\" ><p dir=\"ltr\" style=\"text-align: justify;\">La Gobernadora Regional, Andrea Mac\u00edas Palma, por primera vez presidi\u00f3 una nueva sesi\u00f3n del Comit\u00e9 Regional del Cambio Clim\u00e1tico (CORECC), al que asistieron representantes de instituciones p\u00fablicas, personas de la academia, y de organizaciones sociales.<\/p>\n<p dir=\"ltr\" style=\"text-align: justify;\">\u00abPor primera vez nos corresponde presidir el Comit\u00e9 Regional de Cambio Clim\u00e1tico. Este Comit\u00e9 tiene un objetivo muy claro que es llevar adelante toda aquella reglamentaci\u00f3n que est\u00e1 establecida en la Ley Marco de Cambio Clim\u00e1tico. Un desaf\u00edo tremendo para nuestra regi\u00f3n, pensando en c\u00f3mo logramos avanzar hacia esa carbono neutralidad, pero tambi\u00e9n la elaboraci\u00f3n de planes estrat\u00e9gicos regionales que nos permitan reducir, por una parte emisiones, pero adem\u00e1s superar la vulnerabilidad que tenemos particularmente como territorio en esta materia\u00bb, dijo la Gobernadora Regional, Andrea Mac\u00edas Palma, tras concluir la sesi\u00f3n.<\/p>\n<p dir=\"ltr\" style=\"text-align: justify;\">Los temas abordados en la reuni\u00f3n fueron la Ley Marco de Cambio Clim\u00e1tico, la integraci\u00f3n y funciones del Comit\u00e9 Regional de Cambio Clim\u00e1tico, el Plan de Acci\u00f3n Regional de Cambio Clim\u00e1tico (PARCC), hitos del \u00faltimo cuatrimestre de 2022 y a\u00f1o 2023.<\/p>\n<p dir=\"ltr\" style=\"text-align: justify;\">El Secretario Regional Ministerial (Seremi) de Medio Ambiente, Juli\u00e1n C\u00e1rdenas, inform\u00f3 que fue la primera \u00absesi\u00f3n del Comit\u00e9 Regional bajo el alero de la Ley Marco de Cambio Clim\u00e1tico y con la presidencia de la Gobernadora y estamos muy contentos de haber podido tambi\u00e9n conversar de la Ley Marco, de c\u00f3mo va a funcionar este CORECC\u00bb, detall\u00f3 que m\u00e1s adelante se tendr\u00e1 un reglamento que orientar\u00e1 las l\u00edneas de trabajo, la proyecci\u00f3n de un plan regional con el objetivo de abordar las problem\u00e1ticas desde desde la regi\u00f3n, relevando el car\u00e1cter local ante el calentamiento global.<\/p>\n<p dir=\"ltr\" style=\"text-align: justify;\">Dentro de los asistentes del \u00e1rea civil, estuvo el representante de la Corporaci\u00f3n Patagonia Viva, Feisal Ahuile, que plante\u00f3 la necesidad de la recuperaci\u00f3n de los suelos y el generar un abastecimiento local que considere la protecci\u00f3n del medioambiente. Destac\u00f3 la participaci\u00f3n de las distintas instituciones presentes.<\/p>\n<p dir=\"ltr\" style=\"text-align: justify;\">\u00abLa verdad es que es una realidad que no podemos negar y, por supuesto, que como organizaciones civiles estamos llamados a poder educar y hacer part\u00edcipe a toda la comunidad en este gran desaf\u00edo al que hemos sido convocados y, por supuesto, nos sentimos orgullosos de aportar nuestro granito de arena que va a requerir de un trabajo mancomunado. Sector p\u00fablico, privado, de la sociedad civil\u00bb, asever\u00f3 Feisal Ahuile.<\/p>\n<p dir=\"ltr\" style=\"text-align: justify;\">Fueron m\u00e1s de sesenta personas las convocadas al Comit\u00e9 Regional de Cambio Clim\u00e1tico, entre municipios, organizaciones sociales, fundaciones, instituciones p\u00fablicas y privadas. Hubo participaci\u00f3n tanto en modalidad presencial como telem\u00e1tica.<\/p>\n<p dir=\"ltr\" style=\"text-align: justify;\">\u00abSe inicia un proceso de implementaci\u00f3n de la Ley de Cambio Clim\u00e1tico, que implica que este Consejo va a tener que velar por la incorporaci\u00f3n, regulaci\u00f3n, de todo lo que viene para el Plan Regional de Cambio Clim\u00e1tico. Es una tarea muy importante que involucra a sectores p\u00fablicos, al sector privado, a los gobiernos locales, a las universidades. Todas las fuerzas activas de una comunidad. El compromiso fue trabajar por eso e implementar las medidas que sean necesarias\u00bb, inform\u00f3 el Delegado Presidencial Regional de Ays\u00e9n, Rodrigo Araya.<\/p>\n<\/div><\/section><\/div><\/p>\n<div  style='height:50px' class='hr hr-invisible   avia-builder-el-6  el_after_av_one_full  el_before_av_social_share '><span class='hr-inner ' ><span class='hr-inner-style'><\/span><\/span><\/div>\n<div  class='av-social-sharing-box  avia-builder-el-7  el_after_av_hr  el_before_av_hr  '><div class='av-share-box'><h5 class='av-share-link-description av-no-toc '>Compartir esta noticia<\/h5><ul class='av-share-box-list noLightbox'><li class='av-share-link av-social-link-facebook' ><a target=\"_blank\" aria-label=\"Compartir en Facebook\" href='https:\/\/www.facebook.com\/sharer.php?u=https:\/\/radiorevelacionfm.cl\/?p=21086&#038;t=Gobernadora%20presidi%C3%B3%20el%20comit%C3%A9%20regional%20de%20cambio%20clim%C3%A1tico' aria-hidden='false' data-av_icon='\ue8f3' data-av_iconfont='entypo-fontello' title='' data-avia-related-tooltip='Compartir en Facebook' rel=\"noopener\"><span class='avia_hidden_link_text'>Compartir en Facebook<\/span><\/a><\/li><li class='av-share-link av-social-link-twitter' ><a target=\"_blank\" aria-label=\"Compartir en Twitter\" href='https:\/\/twitter.com\/share?text=Gobernadora%20presidi%C3%B3%20el%20comit%C3%A9%20regional%20de%20cambio%20clim%C3%A1tico&#038;url=https:\/\/radiorevelacionfm.cl\/?p=21086' aria-hidden='false' data-av_icon='\ue8f1' data-av_iconfont='entypo-fontello' title='' data-avia-related-tooltip='Compartir en Twitter' rel=\"noopener\"><span class='avia_hidden_link_text'>Compartir en Twitter<\/span><\/a><\/li><li class='av-share-link av-social-link-whatsapp' ><a target=\"_blank\" aria-label=\"Compartir en Whatsapp\" href='https:\/\/api.whatsapp.com\/send?text=https:\/\/radiorevelacionfm.cl\/?p=21086' aria-hidden='false' data-av_icon='\uf232' data-av_iconfont='entypo-fontello' title='' data-avia-related-tooltip='Compartir en Whatsapp' rel=\"noopener\"><span class='avia_hidden_link_text'>Compartir en Whatsapp<\/span><\/a><\/li><li class='av-share-link av-social-link-linkedin' ><a target=\"_blank\" aria-label=\"Compartir en LinkedIn\" href='https:\/\/linkedin.com\/shareArticle?mini=true&#038;title=Gobernadora%20presidi%C3%B3%20el%20comit%C3%A9%20regional%20de%20cambio%20clim%C3%A1tico&#038;url=https:\/\/radiorevelacionfm.cl\/?p=21086' aria-hidden='false' data-av_icon='\ue8fc' data-av_iconfont='entypo-fontello' title='' data-avia-related-tooltip='Compartir en LinkedIn' rel=\"noopener\"><span class='avia_hidden_link_text'>Compartir en LinkedIn<\/span><\/a><\/li><li class='av-share-link av-social-link-mail' ><a  aria-label=\"Compartir por correo\" href='mailto:?subject=Gobernadora%20presidi%C3%B3%20el%20comit%C3%A9%20regional%20de%20cambio%20clim%C3%A1tico&#038;body=https:\/\/radiorevelacionfm.cl\/?p=21086' aria-hidden='false' data-av_icon='\ue805' data-av_iconfont='entypo-fontello' title='' data-avia-related-tooltip='Compartir por correo'><span class='avia_hidden_link_text'>Compartir por correo<\/span><\/a><\/li><\/ul><\/div><\/div>\n<div  style='height:50px' class='hr hr-invisible   avia-builder-el-8  el_after_av_social_share  el_before_av_comments_list '><span class='hr-inner ' ><span class='hr-inner-style'><\/span><\/span><\/div>\n<div  class='av-buildercomment  av-blog-meta-html-info-disabled av-blog-meta-tag-disabled  '><\/div>\n","protected":false},"excerpt":{"rendered":"","protected":false},"author":1,"featured_media":21087,"comment_status":"open","ping_status":"open","sticky":false,"template":"","format":"standard","meta":{"footnotes":""},"categories":[38],"tags":[],"class_list":["post-21086","post","type-post","status-publish","format-standard","has-post-thumbnail","hentry","category-regional"],"jetpack_featured_media_url":"https:\/\/radiorevelacionfm.cl\/wp-content\/uploads\/2022\/08\/1-38-1-1.jpeg","_links":{"self":[{"href":"https:\/\/radiorevelacionfm.cl\/index.php?rest_route=\/wp\/v2\/posts\/21086","targetHints":{"allow":["GET"]}}],"collection":[{"href":"https:\/\/radiorevelacionfm.cl\/index.php?rest_route=\/wp\/v2\/posts"}],"about":[{"href":"https:\/\/radiorevelacionfm.cl\/index.php?rest_route=\/wp\/v2\/types\/post"}],"author":[{"embeddable":true,"href":"https:\/\/radiorevelacionfm.cl\/index.php?rest_route=\/wp\/v2\/users\/1"}],"replies":[{"embeddable":true,"href":"https:\/\/radiorevelacionfm.cl\/index.php?rest_route=%2Fwp%2Fv2%2Fcomments&post=21086"}],"version-history":[{"count":4,"href":"https:\/\/radiorevelacionfm.cl\/index.php?rest_route=\/wp\/v2\/posts\/21086\/revisions"}],"predecessor-version":[{"id":21097,"href":"https:\/\/radiorevelacionfm.cl\/index.php?rest_route=\/wp\/v2\/posts\/21086\/revisions\/21097"}],"wp:featuredmedia":[{"embeddable":true,"href":"https:\/\/radiorevelacionfm.cl\/index.php?rest_route=\/wp\/v2\/media\/21087"}],"wp:attachment":[{"href":"https:\/\/radiorevelacionfm.cl\/index.php?rest_route=%2Fwp%2Fv2%2Fmedia&parent=21086"}],"wp:term":[{"taxonomy":"category","embeddable":true,"href":"https:\/\/radiorevelacionfm.cl\/index.php?rest_route=%2Fwp%2Fv2%2Fcategories&post=21086"},{"taxonomy":"post_tag","embeddable":true,"href":"https:\/\/radiorevelacionfm.cl\/index.php?rest_route=%2Fwp%2Fv2%2Ftags&post=21086"}],"curies":[{"name":"wp","href":"https:\/\/api.w.org\/{rel}","templated":true}]}}