{"id":21082,"date":"2022-08-26T15:30:21","date_gmt":"2022-08-26T18:30:21","guid":{"rendered":"https:\/\/radiorevelacionfm.cl\/?p=21082"},"modified":"2022-08-26T15:30:21","modified_gmt":"2022-08-26T18:30:21","slug":"constatan-avance-de-proyecto-conectividad-para-la-educacion-2030-en-escuela-aonikenk-de-rio-ibanez","status":"publish","type":"post","link":"https:\/\/radiorevelacionfm.cl\/?p=21082","title":{"rendered":"Constatan avance de proyecto Conectividad para la Educaci\u00f3n 2030 en escuela Aonikenk de R\u00edo Ib\u00e1\u00f1ez"},"content":{"rendered":"<div class=\"flex_column av_one_full  flex_column_div av-zero-column-padding first  avia-builder-el-0  el_before_av_one_full  avia-builder-el-first  \" style='border-radius:0px; '><div  class='avia-image-container  av-styling-    avia-builder-el-1  avia-builder-el-no-sibling  avia-align-center '  itemprop=\"image\" itemscope=\"itemscope\" itemtype=\"https:\/\/schema.org\/ImageObject\"  ><div class='avia-image-container-inner'><div class='avia-image-overlay-wrap'><img decoding=\"async\" class='wp-image-21083 avia-img-lazy-loading-not-21083 avia_image' src=\"https:\/\/radiorevelacionfm.cl\/wp-content\/uploads\/2022\/08\/conectividad-para-la-educacion-2030-34-1_optimized.jpg\" alt='' title='conectividad-para-la-educaci\u00f3n-2030-(34)-(1)_optimized' height=\"600\" width=\"1067\"  itemprop=\"thumbnailUrl\" srcset=\"https:\/\/radiorevelacionfm.cl\/wp-content\/uploads\/2022\/08\/conectividad-para-la-educacion-2030-34-1_optimized.jpg 1067w, https:\/\/radiorevelacionfm.cl\/wp-content\/uploads\/2022\/08\/conectividad-para-la-educacion-2030-34-1_optimized-300x169.jpg 300w, https:\/\/radiorevelacionfm.cl\/wp-content\/uploads\/2022\/08\/conectividad-para-la-educacion-2030-34-1_optimized-1030x579.jpg 1030w, https:\/\/radiorevelacionfm.cl\/wp-content\/uploads\/2022\/08\/conectividad-para-la-educacion-2030-34-1_optimized-768x432.jpg 768w, https:\/\/radiorevelacionfm.cl\/wp-content\/uploads\/2022\/08\/conectividad-para-la-educacion-2030-34-1_optimized-705x396.jpg 705w, https:\/\/radiorevelacionfm.cl\/wp-content\/uploads\/2022\/08\/conectividad-para-la-educacion-2030-34-1_optimized-600x337.jpg 600w\" sizes=\"(max-width: 1067px) 100vw, 1067px\" \/><\/div><\/div><\/div><\/div><div class=\"flex_column av_one_full  flex_column_div av-zero-column-padding first  avia-builder-el-2  el_after_av_one_full  el_before_av_one_full  column-top-margin\" style='border-radius:0px; '><section class=\"av_textblock_section \"  itemscope=\"itemscope\" itemtype=\"https:\/\/schema.org\/BlogPosting\" itemprop=\"blogPost\" ><div class='avia_textblock  '   itemprop=\"text\" ><p style=\"text-align: center;\"><strong><span style=\"font-size: 18pt;\">Constatan avance de proyecto Conectividad para la Educaci\u00f3n 2030 en escuela Aonikenk de R\u00edo Ib\u00e1\u00f1ez<\/span><\/strong><\/p>\n<div id=\"gtx-trans\" style=\"position: absolute; left: -50px; top: 4.31534px;\">\n<div class=\"gtx-trans-icon\"><\/div>\n<\/div>\n<\/div><\/section><\/div><div class=\"flex_column av_one_full  flex_column_div av-zero-column-padding first  avia-builder-el-4  el_after_av_one_full  el_before_av_hr  column-top-margin\" style='border-radius:0px; '><section class=\"av_textblock_section \"  itemscope=\"itemscope\" itemtype=\"https:\/\/schema.org\/BlogPosting\" itemprop=\"blogPost\" ><div class='avia_textblock  '   itemprop=\"text\" ><p style=\"font-weight: 400; text-align: justify;\">Junto a la senadora Ximena \u00d3rdenes y la seremi de Transportes y Telecomunicaciones, Claudia Cantero, el subsecretario de Telecomunicaciones Claudio Araya se reuni\u00f3 con el alcalde de R\u00edo Ib\u00e1\u00f1ez, Marcelo Santana, en la escuela Aonikenk. En la instancia, conversaron con profesionales del establecimiento sobre los beneficios del proyecto para la Conectividad para la Educaci\u00f3n 2030 y conocer cu\u00e1les son las necesidades que quedan por cubrir en la comuna. La medida es uno de los pilares sobre los que se sustenta el plan de Gobierno, Brecha Digital Cero.<\/p>\n<p style=\"font-weight: 400; text-align: justify;\">\u201cHay una diferencia entre mirar desde Santiago las zonas sin cobertura y conversar con las v\u00edctimas de esa p\u00e9rdida de cobertura. Por lo mismo, en cada viaje que hacemos a regiones, visitamos comunas que est\u00e1n relativamente lejos de la capital regional, donde se vive en carne propia la ausencia de conectividad, la inestabilidad de las conexiones y as\u00ed conocer de primera fuente cu\u00e1les son los reales problemas que enfrentan las personas\u201d, se\u00f1al\u00f3 la autoridad de la SUBTEL.<\/p>\n<p style=\"font-weight: 400; text-align: justify;\">Durante el encuentro en R\u00edo Ib\u00e1\u00f1ez, la senadora Ximena \u00d3rdenes manifest\u00f3 que desde la Comisi\u00f3n de Transporte y Telecomunicaciones del Senado se est\u00e1 impulsando una estrategia de transformaci\u00f3n digital para, entre otras cosas, disminuir la hist\u00f3rica brecha que existe en la regi\u00f3n en materia de conectividad. \u201cParte de ese plan que estamos trabajando junto con el Ministerio de Transportes y Telecomunicaciones, tiene que ver con romper las brechas digitales actuales y eso significa desarrollar infraestructura digital habilitante y habilidades digitales\u201d, mencion\u00f3 la senadora.<\/p>\n<p style=\"font-weight: 400; text-align: justify;\">La seremi del ramo, Claudia Cantero, inform\u00f3 que ya se han recibido las obras de 68 de los 81 establecimientos que ser\u00e1n beneficiados con esta medida en la regi\u00f3n. \u201cVan a ser implementados con tecnolog\u00eda de conectividad digital lo cual es sumamente positivo para apoyar las labores educativas de cada establecimiento. Sobre todo en localidades apartadas como Ib\u00e1\u00f1ez u otras de la regi\u00f3n cobran mucha mayor importancia. Agradecemos al alcalde y a la directora porque esta reuni\u00f3n significa el comienzo de un trabajo en conjunto para abordar los problemas de conectividad\u201d<\/p>\n<p style=\"font-weight: 400; text-align: justify;\">Por su lado, el alcalde de R\u00edo Ib\u00e1\u00f1ez, Marcelo Santana, agradeci\u00f3 la visita del subsecretario a la escuela Aonikenk y valor\u00f3 positivamente el proyecto para la Conectividad de la Educaci\u00f3n 2030, que actualmente beneficiar\u00e1 a m\u00e1s de 23.700 alumnos. \u201cEsta es una inversi\u00f3n que impacta directamente en la calidad de la educaci\u00f3n que impartimos en nuestra comuna. Estamos felices que esto ya sea una realidad, hicimos pruebas de la medici\u00f3n de Internet y la verdad es que el cambio con la infraestructura digital que hab\u00eda antes y la que tenemos ahora es de mucha importancia y calidad\u201d.<\/p>\n<\/div><\/section><\/div><div  style='height:50px' class='hr hr-invisible   avia-builder-el-6  el_after_av_one_full  el_before_av_social_share '><span class='hr-inner ' ><span class='hr-inner-style'><\/span><\/span><\/div><\/p>\n<div  class='av-social-sharing-box  avia-builder-el-7  el_after_av_hr  el_before_av_hr  '><div class='av-share-box'><h5 class='av-share-link-description av-no-toc '>Compartir esta noticia<\/h5><ul class='av-share-box-list noLightbox'><li class='av-share-link av-social-link-facebook' ><a target=\"_blank\" aria-label=\"Compartir en Facebook\" href='https:\/\/www.facebook.com\/sharer.php?u=https:\/\/radiorevelacionfm.cl\/?p=21082&#038;t=Constatan%20avance%20de%20proyecto%20Conectividad%20para%20la%20Educaci%C3%B3n%202030%20en%20escuela%20Aonikenk%20de%20R%C3%ADo%20Ib%C3%A1%C3%B1ez' aria-hidden='false' data-av_icon='\ue8f3' data-av_iconfont='entypo-fontello' title='' data-avia-related-tooltip='Compartir en Facebook' rel=\"noopener\"><span class='avia_hidden_link_text'>Compartir en Facebook<\/span><\/a><\/li><li class='av-share-link av-social-link-twitter' ><a target=\"_blank\" aria-label=\"Compartir en Twitter\" href='https:\/\/twitter.com\/share?text=Constatan%20avance%20de%20proyecto%20Conectividad%20para%20la%20Educaci%C3%B3n%202030%20en%20escuela%20Aonikenk%20de%20R%C3%ADo%20Ib%C3%A1%C3%B1ez&#038;url=https:\/\/radiorevelacionfm.cl\/?p=21082' aria-hidden='false' data-av_icon='\ue8f1' data-av_iconfont='entypo-fontello' title='' data-avia-related-tooltip='Compartir en Twitter' rel=\"noopener\"><span class='avia_hidden_link_text'>Compartir en Twitter<\/span><\/a><\/li><li class='av-share-link av-social-link-whatsapp' ><a target=\"_blank\" aria-label=\"Compartir en Whatsapp\" href='https:\/\/api.whatsapp.com\/send?text=https:\/\/radiorevelacionfm.cl\/?p=21082' aria-hidden='false' data-av_icon='\uf232' data-av_iconfont='entypo-fontello' title='' data-avia-related-tooltip='Compartir en Whatsapp' rel=\"noopener\"><span class='avia_hidden_link_text'>Compartir en Whatsapp<\/span><\/a><\/li><li class='av-share-link av-social-link-linkedin' ><a target=\"_blank\" aria-label=\"Compartir en LinkedIn\" href='https:\/\/linkedin.com\/shareArticle?mini=true&#038;title=Constatan%20avance%20de%20proyecto%20Conectividad%20para%20la%20Educaci%C3%B3n%202030%20en%20escuela%20Aonikenk%20de%20R%C3%ADo%20Ib%C3%A1%C3%B1ez&#038;url=https:\/\/radiorevelacionfm.cl\/?p=21082' aria-hidden='false' data-av_icon='\ue8fc' data-av_iconfont='entypo-fontello' title='' data-avia-related-tooltip='Compartir en LinkedIn' rel=\"noopener\"><span class='avia_hidden_link_text'>Compartir en LinkedIn<\/span><\/a><\/li><li class='av-share-link av-social-link-mail' ><a  aria-label=\"Compartir por correo\" href='mailto:?subject=Constatan%20avance%20de%20proyecto%20Conectividad%20para%20la%20Educaci%C3%B3n%202030%20en%20escuela%20Aonikenk%20de%20R%C3%ADo%20Ib%C3%A1%C3%B1ez&#038;body=https:\/\/radiorevelacionfm.cl\/?p=21082' aria-hidden='false' data-av_icon='\ue805' data-av_iconfont='entypo-fontello' title='' data-avia-related-tooltip='Compartir por correo'><span class='avia_hidden_link_text'>Compartir por correo<\/span><\/a><\/li><\/ul><\/div><\/div>\n<div  style='height:50px' class='hr hr-invisible   avia-builder-el-8  el_after_av_social_share  el_before_av_comments_list '><span class='hr-inner ' ><span class='hr-inner-style'><\/span><\/span><\/div>\n<div  class='av-buildercomment  av-blog-meta-html-info-disabled av-blog-meta-tag-disabled  '><\/div>\n","protected":false},"excerpt":{"rendered":"","protected":false},"author":1,"featured_media":21083,"comment_status":"open","ping_status":"open","sticky":false,"template":"","format":"standard","meta":{"footnotes":""},"categories":[38],"tags":[],"class_list":["post-21082","post","type-post","status-publish","format-standard","has-post-thumbnail","hentry","category-regional"],"jetpack_featured_media_url":"https:\/\/radiorevelacionfm.cl\/wp-content\/uploads\/2022\/08\/conectividad-para-la-educacion-2030-34-1_optimized.jpg","_links":{"self":[{"href":"https:\/\/radiorevelacionfm.cl\/index.php?rest_route=\/wp\/v2\/posts\/21082","targetHints":{"allow":["GET"]}}],"collection":[{"href":"https:\/\/radiorevelacionfm.cl\/index.php?rest_route=\/wp\/v2\/posts"}],"about":[{"href":"https:\/\/radiorevelacionfm.cl\/index.php?rest_route=\/wp\/v2\/types\/post"}],"author":[{"embeddable":true,"href":"https:\/\/radiorevelacionfm.cl\/index.php?rest_route=\/wp\/v2\/users\/1"}],"replies":[{"embeddable":true,"href":"https:\/\/radiorevelacionfm.cl\/index.php?rest_route=%2Fwp%2Fv2%2Fcomments&post=21082"}],"version-history":[{"count":2,"href":"https:\/\/radiorevelacionfm.cl\/index.php?rest_route=\/wp\/v2\/posts\/21082\/revisions"}],"predecessor-version":[{"id":21085,"href":"https:\/\/radiorevelacionfm.cl\/index.php?rest_route=\/wp\/v2\/posts\/21082\/revisions\/21085"}],"wp:featuredmedia":[{"embeddable":true,"href":"https:\/\/radiorevelacionfm.cl\/index.php?rest_route=\/wp\/v2\/media\/21083"}],"wp:attachment":[{"href":"https:\/\/radiorevelacionfm.cl\/index.php?rest_route=%2Fwp%2Fv2%2Fmedia&parent=21082"}],"wp:term":[{"taxonomy":"category","embeddable":true,"href":"https:\/\/radiorevelacionfm.cl\/index.php?rest_route=%2Fwp%2Fv2%2Fcategories&post=21082"},{"taxonomy":"post_tag","embeddable":true,"href":"https:\/\/radiorevelacionfm.cl\/index.php?rest_route=%2Fwp%2Fv2%2Ftags&post=21082"}],"curies":[{"name":"wp","href":"https:\/\/api.w.org\/{rel}","templated":true}]}}