{"id":2107,"date":"2021-01-26T14:31:47","date_gmt":"2021-01-26T17:31:47","guid":{"rendered":"https:\/\/radiorevelacionfm.cl\/?p=2107"},"modified":"2021-01-26T14:31:47","modified_gmt":"2021-01-26T17:31:47","slug":"mesa-de-trabajo-intersectorial-sobre-prevencion-del-delito-se-reune-con-dirigentes-de-villa-manihuales","status":"publish","type":"post","link":"https:\/\/radiorevelacionfm.cl\/?p=2107","title":{"rendered":"Mesa de trabajo intersectorial sobre prevenci\u00f3n del delito se re\u00fane con dirigentes de Villa Ma\u00f1ihuales"},"content":{"rendered":"<div class=\"flex_column av_one_full  flex_column_div av-zero-column-padding first  avia-builder-el-0  el_before_av_one_full  avia-builder-el-first  \" style='border-radius:0px; '><div  class='avia-image-container  av-styling-    avia-builder-el-1  avia-builder-el-no-sibling  avia-align-center '  itemprop=\"image\" itemscope=\"itemscope\" itemtype=\"https:\/\/schema.org\/ImageObject\"  ><div class='avia-image-container-inner'><div class='avia-image-overlay-wrap'><img decoding=\"async\" class='wp-image-0 avia-img-lazy-loading-not-0 avia_image' src=\"https:\/\/radiorevelacionfm.cl\/wp-content\/uploads\/2021\/01\/senda-ahora1.jpg\" alt='' title=''   itemprop=\"thumbnailUrl\"  \/><\/div><\/div><\/div><\/div><div class=\"flex_column av_one_full  flex_column_div av-zero-column-padding first  avia-builder-el-2  el_after_av_one_full  el_before_av_one_full  column-top-margin\" style='border-radius:0px; '><section class=\"av_textblock_section \"  itemscope=\"itemscope\" itemtype=\"https:\/\/schema.org\/BlogPosting\" itemprop=\"blogPost\" ><div class='avia_textblock  '   itemprop=\"text\" ><p style=\"text-align: center;\"><span style=\"font-size: 18pt;\"><strong>Mesa de trabajo intersectorial sobre prevenci\u00f3n del delito se re\u00fane con dirigentes de Villa Ma\u00f1ihuales<\/strong><\/span><\/p>\n<div id=\"gtx-trans\" style=\"position: absolute; left: -50px; top: 4.31534px;\">\n<div class=\"gtx-trans-icon\"><\/div>\n<\/div>\n<\/div><\/section><\/div><div class=\"flex_column av_one_full  flex_column_div av-zero-column-padding first  avia-builder-el-4  el_after_av_one_full  el_before_av_hr  column-top-margin\" style='border-radius:0px; '><section class=\"av_textblock_section \"  itemscope=\"itemscope\" itemtype=\"https:\/\/schema.org\/BlogPosting\" itemprop=\"blogPost\" ><div class='avia_textblock  '   itemprop=\"text\" ><p style=\"text-align: justify;\">En esta mesa que dirigi\u00f3 la gobernaci\u00f3n de Ays\u00e9n adem\u00e1s participaron el Coordinador Regional de Seguridad P\u00fablica Rodrigo Solo de Zaldivar, la Directora Regional de SENDA Katherine Hunter, Alcalde Luis Mart\u00ednez, Carabineros y Polic\u00eda de Investigaciones.<\/p>\n<p style=\"text-align: justify;\">Desde el mes de septiembre de 2020 que se instaur\u00f3 una mesa de trabajo de seguridad p\u00fablica entre dirigentes de Villa Ma\u00f1ihuales y gobernaci\u00f3n de Ays\u00e9n, esto a ra\u00edz de algunos hechos de connotaci\u00f3n social que hab\u00edan ocurrido.<\/p>\n<p style=\"text-align: justify;\">Manuel Ortiz, Gobernador de la Provincia una vez que tomara conocimiento de la petici\u00f3n que surg\u00eda de los propios habitantes de la localidad, instaur\u00f3 a trav\u00e9s de la encargada de seguridad p\u00fablica de la gobernaci\u00f3n, una mesa de trabajo transversal en donde se escuch\u00f3 y entendi\u00f3 cada uno de los requerimientos que surg\u00edan en las distintas reuniones que se hac\u00edan de manera virtual.<\/p>\n<p style=\"text-align: justify;\">La gobernaci\u00f3n de Ays\u00e9n junto al Coordinador Regional de Seguridad P\u00fablica Rodrigo Solo de Zaldivar gestion\u00f3 una reuni\u00f3n con los vecinos y vecinas, y con la presencia de representantes de la Subsecretaria de Prevenci\u00f3n del Delito quienes en un ambiente de absoluto respeto concordaron en lo positivo que ha sido la creaci\u00f3n de esta mesa de trabajo y los distintos avances que ha habido en materia de seguridad p\u00fablica, as\u00ed lo mencionaba el Jefe Nacional de coordinaci\u00f3n de la Subsecretar\u00eda de Prevenci\u00f3n del Delito Fernando Salam\u00e9 \u201cla verdad que nos vamos muy contentos porque los compromisos que en su momento se tomaron se han ido cumpliendo progresivamente y hoy la situaci\u00f3n de seguridad ha mejorado mucho, se ha logrado pr\u00e1cticamente completar la dotaci\u00f3n del Ret\u00e9n de Carabineros, lleg\u00f3 el veh\u00edculo y vamos a seguir trabajando para que los vecinos, para que las autoridades mejoren la calidad de vida de la gente de Ma\u00f1ihuales\u201d.<\/p>\n<p style=\"text-align: justify;\">Como positiva la visita de representantes del nivel central calific\u00f3 Beatriz Oyarzo Presidente de la Junta de Vecinos sector Las Chacras de Villa Ma\u00f1ihuales \u201ces un trabajo que se viene realizando en una mesa de seguridad p\u00fablica con nuestra localidad y la hemos ido llevando a cabo mes a mes y hoy con la visita del nivel central de personeros de gobierno, donde pudimos plantear los avances que hemos tenido y tambi\u00e9n lo que nos falta, creemos que es s\u00faper importante generar acciones que vayan en beneficio de nuestra comunidad en materia de seguridad p\u00fablica\u201d.<\/p>\n<p style=\"text-align: justify;\">El gobierno del Presidente Sebasti\u00e1n Pi\u00f1era se ha preocupado de atender cada uno de los requerimientos de las distintas localidades del pa\u00eds y as\u00ed ha quedado demostrado con esta visita a terreno de representantes de la Subsecretar\u00eda de Prevenci\u00f3n del Delito, as\u00ed lo se\u00f1alaba Manuel Ortiz Gobernador de Ays\u00e9n \u201cel gobierno del Presidente Pi\u00f1era desde el primer momento a nosotros nos ha instruido de la preocupaci\u00f3n permanente de todas nuestras localidades que comprenden cada una de las partes de nuestra provincia, en este caso hoy agradecemos enormemente la visita que tuvimos desde la Subsecretar\u00eda de Prevenci\u00f3n del Delito que dirige la Subsecretaria Katherine Martorell a quien agradecemos la presencia de sus representantes en la localidad de Villa Ma\u00f1ihuales, la comunidad pudo constatar que los compromisos adquiridos el a\u00f1o pasado por la gobernaci\u00f3n de Ays\u00e9n en lo que significa abordar cada uno de los requerimientos de ellos abordados fue cumplido y eso es lo que se llevaron nuestras visitad de nivel nacional\u201d.<\/p>\n<\/div><\/section><\/div><div  style='height:50px' class='hr hr-invisible   avia-builder-el-6  el_after_av_one_full  el_before_av_social_share '><span class='hr-inner ' ><span class='hr-inner-style'><\/span><\/span><\/div><\/p>\n<div  class='av-social-sharing-box  avia-builder-el-7  el_after_av_hr  el_before_av_hr  '><div class='av-share-box'><h5 class='av-share-link-description av-no-toc '>Compartir esta noticia<\/h5><ul class='av-share-box-list noLightbox'><li class='av-share-link av-social-link-facebook' ><a target=\"_blank\" aria-label=\"Compartir en Facebook\" href='https:\/\/www.facebook.com\/sharer.php?u=https:\/\/radiorevelacionfm.cl\/?p=2107&#038;t=Mesa%20de%20trabajo%20intersectorial%20sobre%20prevenci%C3%B3n%20del%20delito%20se%20re%C3%BAne%20con%20dirigentes%20de%20Villa%20Ma%C3%B1ihuales' aria-hidden='false' data-av_icon='\ue8f3' data-av_iconfont='entypo-fontello' title='' data-avia-related-tooltip='Compartir en Facebook' rel=\"noopener\"><span class='avia_hidden_link_text'>Compartir en Facebook<\/span><\/a><\/li><li class='av-share-link av-social-link-twitter' ><a target=\"_blank\" aria-label=\"Compartir en Twitter\" href='https:\/\/twitter.com\/share?text=Mesa%20de%20trabajo%20intersectorial%20sobre%20prevenci%C3%B3n%20del%20delito%20se%20re%C3%BAne%20con%20dirigentes%20de%20Villa%20Ma%C3%B1ihuales&#038;url=https:\/\/radiorevelacionfm.cl\/?p=2107' aria-hidden='false' data-av_icon='\ue8f1' data-av_iconfont='entypo-fontello' title='' data-avia-related-tooltip='Compartir en Twitter' rel=\"noopener\"><span class='avia_hidden_link_text'>Compartir en Twitter<\/span><\/a><\/li><li class='av-share-link av-social-link-whatsapp' ><a target=\"_blank\" aria-label=\"Compartir en Whatsapp\" href='https:\/\/api.whatsapp.com\/send?text=https:\/\/radiorevelacionfm.cl\/?p=2107' aria-hidden='false' data-av_icon='\uf232' data-av_iconfont='entypo-fontello' title='' data-avia-related-tooltip='Compartir en Whatsapp' rel=\"noopener\"><span class='avia_hidden_link_text'>Compartir en Whatsapp<\/span><\/a><\/li><li class='av-share-link av-social-link-linkedin' ><a target=\"_blank\" aria-label=\"Compartir en LinkedIn\" href='https:\/\/linkedin.com\/shareArticle?mini=true&#038;title=Mesa%20de%20trabajo%20intersectorial%20sobre%20prevenci%C3%B3n%20del%20delito%20se%20re%C3%BAne%20con%20dirigentes%20de%20Villa%20Ma%C3%B1ihuales&#038;url=https:\/\/radiorevelacionfm.cl\/?p=2107' aria-hidden='false' data-av_icon='\ue8fc' data-av_iconfont='entypo-fontello' title='' data-avia-related-tooltip='Compartir en LinkedIn' rel=\"noopener\"><span class='avia_hidden_link_text'>Compartir en LinkedIn<\/span><\/a><\/li><li class='av-share-link av-social-link-mail' ><a  aria-label=\"Compartir por correo\" href='mailto:?subject=Mesa%20de%20trabajo%20intersectorial%20sobre%20prevenci%C3%B3n%20del%20delito%20se%20re%C3%BAne%20con%20dirigentes%20de%20Villa%20Ma%C3%B1ihuales&#038;body=https:\/\/radiorevelacionfm.cl\/?p=2107' aria-hidden='false' data-av_icon='\ue805' data-av_iconfont='entypo-fontello' title='' data-avia-related-tooltip='Compartir por correo'><span class='avia_hidden_link_text'>Compartir por correo<\/span><\/a><\/li><\/ul><\/div><\/div>\n<div  style='height:50px' class='hr hr-invisible   avia-builder-el-8  el_after_av_social_share  el_before_av_comments_list '><span class='hr-inner ' ><span class='hr-inner-style'><\/span><\/span><\/div>\n<div  class='av-buildercomment  av-blog-meta-html-info-disabled av-blog-meta-tag-disabled  '><\/div>\n","protected":false},"excerpt":{"rendered":"","protected":false},"author":1,"featured_media":0,"comment_status":"open","ping_status":"open","sticky":false,"template":"","format":"standard","meta":{"footnotes":""},"categories":[38],"tags":[],"class_list":["post-2107","post","type-post","status-publish","format-standard","hentry","category-regional"],"jetpack_featured_media_url":"","_links":{"self":[{"href":"https:\/\/radiorevelacionfm.cl\/index.php?rest_route=\/wp\/v2\/posts\/2107","targetHints":{"allow":["GET"]}}],"collection":[{"href":"https:\/\/radiorevelacionfm.cl\/index.php?rest_route=\/wp\/v2\/posts"}],"about":[{"href":"https:\/\/radiorevelacionfm.cl\/index.php?rest_route=\/wp\/v2\/types\/post"}],"author":[{"embeddable":true,"href":"https:\/\/radiorevelacionfm.cl\/index.php?rest_route=\/wp\/v2\/users\/1"}],"replies":[{"embeddable":true,"href":"https:\/\/radiorevelacionfm.cl\/index.php?rest_route=%2Fwp%2Fv2%2Fcomments&post=2107"}],"version-history":[{"count":1,"href":"https:\/\/radiorevelacionfm.cl\/index.php?rest_route=\/wp\/v2\/posts\/2107\/revisions"}],"predecessor-version":[{"id":2109,"href":"https:\/\/radiorevelacionfm.cl\/index.php?rest_route=\/wp\/v2\/posts\/2107\/revisions\/2109"}],"wp:attachment":[{"href":"https:\/\/radiorevelacionfm.cl\/index.php?rest_route=%2Fwp%2Fv2%2Fmedia&parent=2107"}],"wp:term":[{"taxonomy":"category","embeddable":true,"href":"https:\/\/radiorevelacionfm.cl\/index.php?rest_route=%2Fwp%2Fv2%2Fcategories&post=2107"},{"taxonomy":"post_tag","embeddable":true,"href":"https:\/\/radiorevelacionfm.cl\/index.php?rest_route=%2Fwp%2Fv2%2Ftags&post=2107"}],"curies":[{"name":"wp","href":"https:\/\/api.w.org\/{rel}","templated":true}]}}