{"id":21033,"date":"2022-08-25T17:35:48","date_gmt":"2022-08-25T20:35:48","guid":{"rendered":"https:\/\/radiorevelacionfm.cl\/?p=21033"},"modified":"2022-08-25T17:35:48","modified_gmt":"2022-08-25T20:35:48","slug":"este-viernes-se-realizara-plaza-de-justicia-y-derechos-humanos-en-valle-simpson","status":"publish","type":"post","link":"https:\/\/radiorevelacionfm.cl\/?p=21033","title":{"rendered":"Este viernes se realizar\u00e1 Plaza de Justicia y Derechos Humanos en Valle Simpson"},"content":{"rendered":"<div class=\"flex_column av_one_full  flex_column_div av-zero-column-padding first  avia-builder-el-0  el_before_av_one_full  avia-builder-el-first  \" style='border-radius:0px; '><div  class='avia-image-container  av-styling-    avia-builder-el-1  avia-builder-el-no-sibling  avia-align-center '  itemprop=\"image\" itemscope=\"itemscope\" itemtype=\"https:\/\/schema.org\/ImageObject\"  ><div class='avia-image-container-inner'><div class='avia-image-overlay-wrap'><img decoding=\"async\" class='wp-image-21035 avia-img-lazy-loading-not-21035 avia_image' src=\"https:\/\/radiorevelacionfm.cl\/wp-content\/uploads\/2022\/08\/AFICHE-PLAZ-A-DE-JUSTICIA-1-1-1.jpg\" alt='' title='AFICHE PLAZ A DE JUSTICIA (1) (1)' height=\"600\" width=\"425\"  itemprop=\"thumbnailUrl\" srcset=\"https:\/\/radiorevelacionfm.cl\/wp-content\/uploads\/2022\/08\/AFICHE-PLAZ-A-DE-JUSTICIA-1-1-1.jpg 425w, https:\/\/radiorevelacionfm.cl\/wp-content\/uploads\/2022\/08\/AFICHE-PLAZ-A-DE-JUSTICIA-1-1-1-213x300.jpg 213w\" sizes=\"(max-width: 425px) 100vw, 425px\" \/><\/div><\/div><\/div><\/div><div class=\"flex_column av_one_full  flex_column_div av-zero-column-padding first  avia-builder-el-2  el_after_av_one_full  el_before_av_one_full  column-top-margin\" style='border-radius:0px; '><section class=\"av_textblock_section \"  itemscope=\"itemscope\" itemtype=\"https:\/\/schema.org\/BlogPosting\" itemprop=\"blogPost\" ><div class='avia_textblock  '   itemprop=\"text\" ><p style=\"text-align: center;\"><span style=\"font-size: 18pt;\"><strong>Este viernes se realizar\u00e1 Plaza de Justicia y Derechos Humanos en Valle Simpson<\/strong><\/span><\/p>\n<div id=\"gtx-trans\" style=\"position: absolute; left: -50px; top: 4.31534px;\">\n<div class=\"gtx-trans-icon\"><\/div>\n<\/div>\n<\/div><\/section><\/div><div class=\"flex_column av_one_full  flex_column_div av-zero-column-padding first  avia-builder-el-4  el_after_av_one_full  el_before_av_hr  column-top-margin\" style='border-radius:0px; '><section class=\"av_textblock_section \"  itemscope=\"itemscope\" itemtype=\"https:\/\/schema.org\/BlogPosting\" itemprop=\"blogPost\" ><div class='avia_textblock  '   itemprop=\"text\" ><p style=\"text-align: justify;\">Este viernes entre las 14:30 y las 17:30 horas se llevar\u00e1 a cabo una Plaza de Justicia y Derechos Humanos en la escuela rural de Valle Simpson, instancia que busca ofrecer la atenci\u00f3n de distintos servicios p\u00fablicos a los habitantes de esta localidad.<\/p>\n<p style=\"text-align: justify;\">Cabe mencionar que en esta jornada estar\u00e1n presente, el Servicio de Registro Civil e Identificaci\u00f3n, Corporaci\u00f3n de Asistencia Judicial (CAJ), Instituto de Previsi\u00f3n Social (IPS), Seremi de Transportes y Telecomunicaciones y el Servicio Nacional del Adulto Mayor (SENAMA).<\/p>\n<p style=\"text-align: justify;\">El Seremi de Justicia y Derechos Humanos, Samuel Navarro Castro hizo extensiva la invitaci\u00f3n a todos los habitantes de Valle Simpson a participar y realizar sus tr\u00e1mites se\u00f1alando que \u201clos esperamos este viernes entre las 14:30 y las 17:30 horas en la escuela de Valle Simpson estaremos con los servicios de Justicia, nos va a acompa\u00f1ar el Registro Civil, la Corporaci\u00f3n de Asistencia Judicial, SENAMA, IPS\/Chileatiende, y la Seremi de Transportes y Telecomunicaciones para que usted pueda hacer sus consultas y hacer sus tr\u00e1mites\u201d.<\/p>\n<p style=\"text-align: justify;\">Finalmente, cabe mencionar que estas acciones se continuar\u00e1n realizando en distintas localidades de nuestra regi\u00f3n, con el prop\u00f3sito de poder acercar los servicios a las personas, y hacer su tr\u00e1mite m\u00e1s f\u00e1cil y expedito.<\/p>\n<\/div><\/section><\/div><div  style='height:50px' class='hr hr-invisible   avia-builder-el-6  el_after_av_one_full  el_before_av_social_share '><span class='hr-inner ' ><span class='hr-inner-style'><\/span><\/span><\/div><\/p>\n<div  class='av-social-sharing-box  avia-builder-el-7  el_after_av_hr  el_before_av_hr  '><div class='av-share-box'><h5 class='av-share-link-description av-no-toc '>Compartir esta noticia<\/h5><ul class='av-share-box-list noLightbox'><li class='av-share-link av-social-link-facebook' ><a target=\"_blank\" aria-label=\"Compartir en Facebook\" href='https:\/\/www.facebook.com\/sharer.php?u=https:\/\/radiorevelacionfm.cl\/?p=21033&#038;t=Este%20viernes%20se%20realizar%C3%A1%20Plaza%20de%20Justicia%20y%20Derechos%20Humanos%20en%20Valle%20Simpson' aria-hidden='false' data-av_icon='\ue8f3' data-av_iconfont='entypo-fontello' title='' data-avia-related-tooltip='Compartir en Facebook' rel=\"noopener\"><span class='avia_hidden_link_text'>Compartir en Facebook<\/span><\/a><\/li><li class='av-share-link av-social-link-twitter' ><a target=\"_blank\" aria-label=\"Compartir en Twitter\" href='https:\/\/twitter.com\/share?text=Este%20viernes%20se%20realizar%C3%A1%20Plaza%20de%20Justicia%20y%20Derechos%20Humanos%20en%20Valle%20Simpson&#038;url=https:\/\/radiorevelacionfm.cl\/?p=21033' aria-hidden='false' data-av_icon='\ue8f1' data-av_iconfont='entypo-fontello' title='' data-avia-related-tooltip='Compartir en Twitter' rel=\"noopener\"><span class='avia_hidden_link_text'>Compartir en Twitter<\/span><\/a><\/li><li class='av-share-link av-social-link-whatsapp' ><a target=\"_blank\" aria-label=\"Compartir en Whatsapp\" href='https:\/\/api.whatsapp.com\/send?text=https:\/\/radiorevelacionfm.cl\/?p=21033' aria-hidden='false' data-av_icon='\uf232' data-av_iconfont='entypo-fontello' title='' data-avia-related-tooltip='Compartir en Whatsapp' rel=\"noopener\"><span class='avia_hidden_link_text'>Compartir en Whatsapp<\/span><\/a><\/li><li class='av-share-link av-social-link-linkedin' ><a target=\"_blank\" aria-label=\"Compartir en LinkedIn\" href='https:\/\/linkedin.com\/shareArticle?mini=true&#038;title=Este%20viernes%20se%20realizar%C3%A1%20Plaza%20de%20Justicia%20y%20Derechos%20Humanos%20en%20Valle%20Simpson&#038;url=https:\/\/radiorevelacionfm.cl\/?p=21033' aria-hidden='false' data-av_icon='\ue8fc' data-av_iconfont='entypo-fontello' title='' data-avia-related-tooltip='Compartir en LinkedIn' rel=\"noopener\"><span class='avia_hidden_link_text'>Compartir en LinkedIn<\/span><\/a><\/li><li class='av-share-link av-social-link-mail' ><a  aria-label=\"Compartir por correo\" href='mailto:?subject=Este%20viernes%20se%20realizar%C3%A1%20Plaza%20de%20Justicia%20y%20Derechos%20Humanos%20en%20Valle%20Simpson&#038;body=https:\/\/radiorevelacionfm.cl\/?p=21033' aria-hidden='false' data-av_icon='\ue805' data-av_iconfont='entypo-fontello' title='' data-avia-related-tooltip='Compartir por correo'><span class='avia_hidden_link_text'>Compartir por correo<\/span><\/a><\/li><\/ul><\/div><\/div>\n<div  style='height:50px' class='hr hr-invisible   avia-builder-el-8  el_after_av_social_share  el_before_av_comments_list '><span class='hr-inner ' ><span class='hr-inner-style'><\/span><\/span><\/div>\n<div  class='av-buildercomment  av-blog-meta-html-info-disabled av-blog-meta-tag-disabled  '><\/div>\n","protected":false},"excerpt":{"rendered":"","protected":false},"author":1,"featured_media":21036,"comment_status":"open","ping_status":"open","sticky":false,"template":"","format":"standard","meta":{"footnotes":""},"categories":[55],"tags":[],"class_list":["post-21033","post","type-post","status-publish","format-standard","has-post-thumbnail","hentry","category-justicia"],"jetpack_featured_media_url":"https:\/\/radiorevelacionfm.cl\/wp-content\/uploads\/2022\/08\/afiche-plaz-a-de-justicia-3_optimized.jpg","_links":{"self":[{"href":"https:\/\/radiorevelacionfm.cl\/index.php?rest_route=\/wp\/v2\/posts\/21033","targetHints":{"allow":["GET"]}}],"collection":[{"href":"https:\/\/radiorevelacionfm.cl\/index.php?rest_route=\/wp\/v2\/posts"}],"about":[{"href":"https:\/\/radiorevelacionfm.cl\/index.php?rest_route=\/wp\/v2\/types\/post"}],"author":[{"embeddable":true,"href":"https:\/\/radiorevelacionfm.cl\/index.php?rest_route=\/wp\/v2\/users\/1"}],"replies":[{"embeddable":true,"href":"https:\/\/radiorevelacionfm.cl\/index.php?rest_route=%2Fwp%2Fv2%2Fcomments&post=21033"}],"version-history":[{"count":2,"href":"https:\/\/radiorevelacionfm.cl\/index.php?rest_route=\/wp\/v2\/posts\/21033\/revisions"}],"predecessor-version":[{"id":21040,"href":"https:\/\/radiorevelacionfm.cl\/index.php?rest_route=\/wp\/v2\/posts\/21033\/revisions\/21040"}],"wp:featuredmedia":[{"embeddable":true,"href":"https:\/\/radiorevelacionfm.cl\/index.php?rest_route=\/wp\/v2\/media\/21036"}],"wp:attachment":[{"href":"https:\/\/radiorevelacionfm.cl\/index.php?rest_route=%2Fwp%2Fv2%2Fmedia&parent=21033"}],"wp:term":[{"taxonomy":"category","embeddable":true,"href":"https:\/\/radiorevelacionfm.cl\/index.php?rest_route=%2Fwp%2Fv2%2Fcategories&post=21033"},{"taxonomy":"post_tag","embeddable":true,"href":"https:\/\/radiorevelacionfm.cl\/index.php?rest_route=%2Fwp%2Fv2%2Ftags&post=21033"}],"curies":[{"name":"wp","href":"https:\/\/api.w.org\/{rel}","templated":true}]}}