{"id":2103,"date":"2021-01-26T12:06:04","date_gmt":"2021-01-26T15:06:04","guid":{"rendered":"https:\/\/radiorevelacionfm.cl\/?p=2103"},"modified":"2021-01-26T12:06:04","modified_gmt":"2021-01-26T15:06:04","slug":"aprueban-inversion-de-4-mil-millones-para-parque-nacional-patagonia-destinada-a-mejoramiento-de-infraestructura","status":"publish","type":"post","link":"https:\/\/radiorevelacionfm.cl\/?p=2103","title":{"rendered":"Aprueban inversi\u00f3n de 4 mil millones para Parque Nacional Patagonia destinada a mejoramiento de infraestructura"},"content":{"rendered":"<div class=\"flex_column av_one_full  flex_column_div av-zero-column-padding first  avia-builder-el-0  el_before_av_one_full  avia-builder-el-first  \" style='border-radius:0px; '><div  class='avia-image-container  av-styling-    avia-builder-el-1  avia-builder-el-no-sibling  avia-align-center '  itemprop=\"image\" itemscope=\"itemscope\" itemtype=\"https:\/\/schema.org\/ImageObject\"  ><div class='avia-image-container-inner'><div class='avia-image-overlay-wrap'><img decoding=\"async\" class='wp-image-0 avia-img-lazy-loading-not-0 avia_image' src=\"https:\/\/radiorevelacionfm.cl\/wp-content\/uploads\/2021\/01\/Parque-Patagonia3.jpg\" alt='' title=''   itemprop=\"thumbnailUrl\"  \/><\/div><\/div><\/div><\/div>\n<div class=\"flex_column av_one_full  flex_column_div av-zero-column-padding first  avia-builder-el-2  el_after_av_one_full  el_before_av_one_full  column-top-margin\" style='border-radius:0px; '><section class=\"av_textblock_section \"  itemscope=\"itemscope\" itemtype=\"https:\/\/schema.org\/BlogPosting\" itemprop=\"blogPost\" ><div class='avia_textblock  '   itemprop=\"text\" ><p style=\"text-align: center;\"><span style=\"font-size: 18pt;\"><strong>Aprueban inversi\u00f3n de 4 mil millones para Parque Nacional Patagonia destinada a mejoramiento de infraestructura <\/strong><\/span><\/p>\n<div id=\"gtx-trans\" style=\"position: absolute; left: -50px; top: 4.31534px;\">\n<div class=\"gtx-trans-icon\"><\/div>\n<\/div>\n<\/div><\/section><\/div><div class=\"flex_column av_one_full  flex_column_div av-zero-column-padding first  avia-builder-el-4  el_after_av_one_full  el_before_av_hr  column-top-margin\" style='border-radius:0px; '><section class=\"av_textblock_section \"  itemscope=\"itemscope\" itemtype=\"https:\/\/schema.org\/BlogPosting\" itemprop=\"blogPost\" ><div class='avia_textblock  '   itemprop=\"text\" ><p style=\"text-align: justify;\"><span style=\"font-size: 12pt;\"><em>El proyecto fue desarrollado por CONAF junto a The Pew Charitable Trust y Programa Austral Patagonia de la Universidad Austral de Chile, con aporte financiero del gobierno regional de Ays\u00e9n.<\/em><\/span><\/p>\n<p style=\"text-align: justify;\"><span style=\"font-size: 12pt;\">Una inversi\u00f3n de 4 mil millones de pesos en infraestructura para el sector Jeinimeni del Parque Nacional Patagonia fue aprobada por el gobierno regional de Ays\u00e9n, lo que permitir\u00e1 un mejoramiento del sector, resaltando especialmente el valor cultural que se protege en esta \u00e1rea protegida administrada y gestionada por la Corporaci\u00f3n Nacional Forestal (CONAF).<\/span><\/p>\n<p style=\"text-align: justify;\"><span style=\"font-size: 12pt;\">La inversi\u00f3n est\u00e1 destinada al mejoramiento de senderos y caminos, adem\u00e1s de la construcci\u00f3n de edificios para servicios y un centro de visitantes. Estos \u00faltimos estar\u00e1n ubicados en el sector de Jeinimeini, donde se encuentra la Cueva de Las Manos, parte importante de la riqueza arqueol\u00f3gica del parque que alberga pinturas rupestres de la cultura Tehuelche, con data de 2 mil a\u00f1os. Estas mismas caracter\u00edsticas son parte del inter\u00e9s de investigadores y centros acad\u00e9micos que con esta inversi\u00f3n se les facilitar\u00e1 la log\u00edstica para seguir explorando el \u00e1rea.<\/span><\/p>\n<p style=\"text-align: justify;\"><span style=\"font-size: 12pt;\">Pese a las condiciones clim\u00e1ticas de la regi\u00f3n, este lugar hoy no cuenta con ning\u00fan espacio de cobijo frente a lluvia, viento o nieve. De esta manera, el centro de visitantes permitir\u00e1 mejorar la experiencia de quienes visiten la zona, al contar con un sitio para interpretaci\u00f3n ambiental del entorno, como tambi\u00e9n con un sendero para personas con discapacidad, acercando as\u00ed a toda la poblaci\u00f3n a la naturaleza.<\/span><\/p>\n<p style=\"text-align: justify;\"><span style=\"font-size: 12pt;\">Las obras, que comienzan en mayo pr\u00f3ximo, son el resultado del trabajo de CONAF, por lo cual el director ejecutivo de la Corporaci\u00f3n, Rodrigo Munita, junto con agradecer el aporte del gobierno regional y el apoyo de The Pew Charitable Trust y del Programa Austral Patagonia de la Universidad Austral de Chile, para el desarrollo y concreci\u00f3n de este proyecto, se\u00f1al\u00f3 que \u201cel\u00a0 gran valor de este proyecto es que apunta a consolidar un espacio de alto valor natural y cultural para su uso tur\u00edstico y recreacional, la educaci\u00f3n ambiental y la investigaci\u00f3n. Adem\u00e1s, potenciar\u00e1 experiencias de calidad para el visitante y buscar\u00e1 responder a una demanda creciente en el tiempo. De este modo, estamos contribuyendo con el desarrollo local, en su \u00e1rea de influencia, principalmente Chile Chico, Mall\u00edn Grande, Puerto Guadal y Coyhaique, pero bajo un concepto de sostenibilidad\u201d.<\/span><\/p>\n<p style=\"text-align: justify;\"><span style=\"font-size: 12pt;\">En esta misma l\u00ednea, C\u00e9sar Guala, director del Programa Austral Patagonia de la Universidad Austral de Chile, instituci\u00f3n que junto a The Pew Charitable Trusts entregaron el apoyo t\u00e9cnico para conseguir la aprobaci\u00f3n de la inversi\u00f3n, manifest\u00f3 que \u201ceste logro es producto de un trabajo colaborativo y coordinado y que hemos apoyado con la convicci\u00f3n que acciones como \u00e9stas, junto con mejorar los est\u00e1ndares de las \u00e1reas protegidas de la Patagonia, permiten potenciar y consolidar una relaci\u00f3n virtuosa entre estas \u00e1reas y sus comunidades portal, generando beneficios para la conservaci\u00f3n y el desarrollo de las comunidades aleda\u00f1as al sector Jeinimeni del Parque Nacional Patagonia\u201d.<\/span><\/p>\n<p style=\"text-align: justify;\"><span style=\"font-size: 12pt;\">As\u00ed tambi\u00e9n lo destac\u00f3 Francisco Sol\u00eds, director del proyecto Patagonia Chilena de Pew, quien precis\u00f3 que\u00a0<span lang=\"ES-CL\">\u00abestamos muy contentos con la aprobaci\u00f3n de la inversi\u00f3n, especialmente porque las comunidades portal del Parque Nacional Patagonia, como Chile Chico, Mall\u00edn Grande y Puerto Guadal tambi\u00e9n se ver\u00e1n beneficiadas. Estrat\u00e9gicamente, adem\u00e1s, se pone en valor el parque al facilitar la entrada por el sector Jeinimeni, lo que atraer\u00e1 visitantes internacionales que circulan por la ruta R 40\u201d.<\/span><\/span><\/p>\n<\/div><\/section><\/div><\/p>\n<div  style='height:50px' class='hr hr-invisible   avia-builder-el-6  el_after_av_one_full  el_before_av_social_share '><span class='hr-inner ' ><span class='hr-inner-style'><\/span><\/span><\/div>\n<div  class='av-social-sharing-box  avia-builder-el-7  el_after_av_hr  el_before_av_hr  '><div class='av-share-box'><h5 class='av-share-link-description av-no-toc '>Compartir esta noticia<\/h5><ul class='av-share-box-list noLightbox'><li class='av-share-link av-social-link-facebook' ><a target=\"_blank\" aria-label=\"Compartir en Facebook\" href='https:\/\/www.facebook.com\/sharer.php?u=https:\/\/radiorevelacionfm.cl\/?p=2103&#038;t=Aprueban%20inversi%C3%B3n%20de%204%20mil%20millones%20para%20Parque%20Nacional%20Patagonia%20destinada%20a%20mejoramiento%20de%20infraestructura' aria-hidden='false' data-av_icon='\ue8f3' data-av_iconfont='entypo-fontello' title='' data-avia-related-tooltip='Compartir en Facebook' rel=\"noopener\"><span class='avia_hidden_link_text'>Compartir en Facebook<\/span><\/a><\/li><li class='av-share-link av-social-link-twitter' ><a target=\"_blank\" aria-label=\"Compartir en Twitter\" href='https:\/\/twitter.com\/share?text=Aprueban%20inversi%C3%B3n%20de%204%20mil%20millones%20para%20Parque%20Nacional%20Patagonia%20destinada%20a%20mejoramiento%20de%20infraestructura&#038;url=https:\/\/radiorevelacionfm.cl\/?p=2103' aria-hidden='false' data-av_icon='\ue8f1' data-av_iconfont='entypo-fontello' title='' data-avia-related-tooltip='Compartir en Twitter' rel=\"noopener\"><span class='avia_hidden_link_text'>Compartir en Twitter<\/span><\/a><\/li><li class='av-share-link av-social-link-whatsapp' ><a target=\"_blank\" aria-label=\"Compartir en Whatsapp\" href='https:\/\/api.whatsapp.com\/send?text=https:\/\/radiorevelacionfm.cl\/?p=2103' aria-hidden='false' data-av_icon='\uf232' data-av_iconfont='entypo-fontello' title='' data-avia-related-tooltip='Compartir en Whatsapp' rel=\"noopener\"><span class='avia_hidden_link_text'>Compartir en Whatsapp<\/span><\/a><\/li><li class='av-share-link av-social-link-linkedin' ><a target=\"_blank\" aria-label=\"Compartir en LinkedIn\" href='https:\/\/linkedin.com\/shareArticle?mini=true&#038;title=Aprueban%20inversi%C3%B3n%20de%204%20mil%20millones%20para%20Parque%20Nacional%20Patagonia%20destinada%20a%20mejoramiento%20de%20infraestructura&#038;url=https:\/\/radiorevelacionfm.cl\/?p=2103' aria-hidden='false' data-av_icon='\ue8fc' data-av_iconfont='entypo-fontello' title='' data-avia-related-tooltip='Compartir en LinkedIn' rel=\"noopener\"><span class='avia_hidden_link_text'>Compartir en LinkedIn<\/span><\/a><\/li><li class='av-share-link av-social-link-mail' ><a  aria-label=\"Compartir por correo\" href='mailto:?subject=Aprueban%20inversi%C3%B3n%20de%204%20mil%20millones%20para%20Parque%20Nacional%20Patagonia%20destinada%20a%20mejoramiento%20de%20infraestructura&#038;body=https:\/\/radiorevelacionfm.cl\/?p=2103' aria-hidden='false' data-av_icon='\ue805' data-av_iconfont='entypo-fontello' title='' data-avia-related-tooltip='Compartir por correo'><span class='avia_hidden_link_text'>Compartir por correo<\/span><\/a><\/li><\/ul><\/div><\/div>\n<div  style='height:50px' class='hr hr-invisible   avia-builder-el-8  el_after_av_social_share  el_before_av_comments_list '><span class='hr-inner ' ><span class='hr-inner-style'><\/span><\/span><\/div>\n<div  class='av-buildercomment  av-blog-meta-html-info-disabled av-blog-meta-tag-disabled  '><\/div>\n","protected":false},"excerpt":{"rendered":"","protected":false},"author":1,"featured_media":0,"comment_status":"open","ping_status":"open","sticky":false,"template":"","format":"standard","meta":{"footnotes":""},"categories":[39,54],"tags":[],"class_list":["post-2103","post","type-post","status-publish","format-standard","hentry","category-medio-ambiente","category-turismo"],"jetpack_featured_media_url":"","_links":{"self":[{"href":"https:\/\/radiorevelacionfm.cl\/index.php?rest_route=\/wp\/v2\/posts\/2103","targetHints":{"allow":["GET"]}}],"collection":[{"href":"https:\/\/radiorevelacionfm.cl\/index.php?rest_route=\/wp\/v2\/posts"}],"about":[{"href":"https:\/\/radiorevelacionfm.cl\/index.php?rest_route=\/wp\/v2\/types\/post"}],"author":[{"embeddable":true,"href":"https:\/\/radiorevelacionfm.cl\/index.php?rest_route=\/wp\/v2\/users\/1"}],"replies":[{"embeddable":true,"href":"https:\/\/radiorevelacionfm.cl\/index.php?rest_route=%2Fwp%2Fv2%2Fcomments&post=2103"}],"version-history":[{"count":2,"href":"https:\/\/radiorevelacionfm.cl\/index.php?rest_route=\/wp\/v2\/posts\/2103\/revisions"}],"predecessor-version":[{"id":2106,"href":"https:\/\/radiorevelacionfm.cl\/index.php?rest_route=\/wp\/v2\/posts\/2103\/revisions\/2106"}],"wp:attachment":[{"href":"https:\/\/radiorevelacionfm.cl\/index.php?rest_route=%2Fwp%2Fv2%2Fmedia&parent=2103"}],"wp:term":[{"taxonomy":"category","embeddable":true,"href":"https:\/\/radiorevelacionfm.cl\/index.php?rest_route=%2Fwp%2Fv2%2Fcategories&post=2103"},{"taxonomy":"post_tag","embeddable":true,"href":"https:\/\/radiorevelacionfm.cl\/index.php?rest_route=%2Fwp%2Fv2%2Ftags&post=2103"}],"curies":[{"name":"wp","href":"https:\/\/api.w.org\/{rel}","templated":true}]}}