{"id":21026,"date":"2022-08-25T15:57:52","date_gmt":"2022-08-25T18:57:52","guid":{"rendered":"https:\/\/radiorevelacionfm.cl\/?p=21026"},"modified":"2022-08-25T15:57:52","modified_gmt":"2022-08-25T18:57:52","slug":"avanzan-obras-en-jardin-infantil-de-bahia-murta-seremi-de-educacion-conocio-in-situ-los-avances","status":"publish","type":"post","link":"https:\/\/radiorevelacionfm.cl\/?p=21026","title":{"rendered":"Avanzan obras en Jard\u00edn Infantil de Bah\u00eda Murta, Seremi de Educaci\u00f3n conoci\u00f3 in situ los avances"},"content":{"rendered":"<div class=\"flex_column av_one_full  flex_column_div av-zero-column-padding first  avia-builder-el-0  el_before_av_one_full  avia-builder-el-first  \" style='border-radius:0px; '><div  class='avia-image-container  av-styling-    avia-builder-el-1  avia-builder-el-no-sibling  avia-align-center '  itemprop=\"image\" itemscope=\"itemscope\" itemtype=\"https:\/\/schema.org\/ImageObject\"  ><div class='avia-image-container-inner'><div class='avia-image-overlay-wrap'><img decoding=\"async\" class='wp-image-21027 avia-img-lazy-loading-not-21027 avia_image' src=\"https:\/\/radiorevelacionfm.cl\/wp-content\/uploads\/2022\/08\/6-10-1-1.jpeg\" alt='' title='6 (10) (1) (1)' height=\"600\" width=\"902\"  itemprop=\"thumbnailUrl\" srcset=\"https:\/\/radiorevelacionfm.cl\/wp-content\/uploads\/2022\/08\/6-10-1-1.jpeg 902w, https:\/\/radiorevelacionfm.cl\/wp-content\/uploads\/2022\/08\/6-10-1-1-300x200.jpeg 300w, https:\/\/radiorevelacionfm.cl\/wp-content\/uploads\/2022\/08\/6-10-1-1-768x511.jpeg 768w, https:\/\/radiorevelacionfm.cl\/wp-content\/uploads\/2022\/08\/6-10-1-1-705x469.jpeg 705w, https:\/\/radiorevelacionfm.cl\/wp-content\/uploads\/2022\/08\/6-10-1-1-600x399.jpeg 600w\" sizes=\"(max-width: 902px) 100vw, 902px\" \/><\/div><\/div><\/div><\/div>\n<div class=\"flex_column av_one_full  flex_column_div av-zero-column-padding first  avia-builder-el-2  el_after_av_one_full  el_before_av_one_full  column-top-margin\" style='border-radius:0px; '><section class=\"av_textblock_section \"  itemscope=\"itemscope\" itemtype=\"https:\/\/schema.org\/BlogPosting\" itemprop=\"blogPost\" ><div class='avia_textblock  '   itemprop=\"text\" ><p style=\"text-align: center;\"><strong><span style=\"font-size: 18pt;\">Avanzan obras en Jard\u00edn Infantil de Bah\u00eda Murta, Seremi de Educaci\u00f3n conoci\u00f3 in situ los avances <\/span><\/strong><\/p>\n<div id=\"gtx-trans\" style=\"position: absolute; left: -50px; top: 4.31534px;\">\n<div class=\"gtx-trans-icon\"><\/div>\n<\/div>\n<\/div><\/section><\/div><div class=\"flex_column av_one_full  flex_column_div av-zero-column-padding first  avia-builder-el-4  el_after_av_one_full  el_before_av_hr  column-top-margin\" style='border-radius:0px; '><section class=\"av_textblock_section \"  itemscope=\"itemscope\" itemtype=\"https:\/\/schema.org\/BlogPosting\" itemprop=\"blogPost\" ><div class='avia_textblock  '   itemprop=\"text\" ><p style=\"font-weight: 400; text-align: justify;\">Tras casi 7 meses de comenzadas los trabajos de mejoramiento del Jard\u00edn Infantil \u201cLas Murtitas\u201d de Bah\u00eda Murta en la comuna de R\u00edo Ib\u00e1\u00f1ez, la primera autoridad en educaci\u00f3n de la regi\u00f3n de Ays\u00e9n, Isabel Garrido visit\u00f3 el establecimiento para conocer in situ los avances de la obra y recorrer los nuevos y mejorados espacios que contar\u00e1 el establecimiento. Tan solo detalles menores en materia de infraestructura y permisos de funcionamiento restan para que el establecimiento pueda atender a 24 ni\u00f1as y ni\u00f1os de la localidad.<\/p>\n<p style=\"font-weight: 400; text-align: justify;\">La seremi de educaci\u00f3n de Ays\u00e9n, Isabel Garrido Casassa tras su visita se\u00f1al\u00f3 que \u201chay que destacar la funci\u00f3n que est\u00e1 desarrollando Fundaci\u00f3n Integra en Bah\u00eda Murta porque realmente le va a permitir tener a la comunidad un jard\u00edn de primera, con infraestructura de punta y con eficiencia energ\u00e9tica\u201d. Del mismo modo relev\u00f3 el rol de los \u201cequipos (pedag\u00f3gicos) del jard\u00edn infantil \u00a0ya que han logrado construir un proyecto educativo con pertinencia cultural, con sello medioambiental que realmente les entrega educaci\u00f3n de calidad a los ni\u00f1os y ni\u00f1as de la localidad\u201d.<\/p>\n<p style=\"font-weight: 400; text-align: justify;\">Es importante destacar que desde el 2015 Fundaci\u00f3n Integra viene desarrollando un trabajo de mejoras constantes de sus jardines infantiles y salas cuna, \u00a0permitiendo con esto poder cumplir con lo que se\u00f1ala la normativa legal respecto de los establecimientos de educaci\u00f3n.<\/p>\n<p style=\"font-weight: 400; text-align: justify;\">El director (i) regional de Fundaci\u00f3n Integra, Felipe \u00c1guila Villarroel destaca que est\u00e1s obras van en l\u00ednea directa con lo que se\u00f1ala la normativa recalcando que \u201cpara cumplir con lo que se estipula y poder obtener el Reconocimiento Oficial debemos cumplir con lo que se mandata y entre eso est\u00e1 tener normas de seguridad, espacios m\u00e1s amplios, espacios educativos adecuados para los ni\u00f1os\u201d. A la vez destac\u00f3 que este tipo de trabajos \u201cpor lo tanto estamos muy contentos y estamos en pleno plan de seguir desarroll\u00e1ndose en los establecimientos que a\u00fan no cuentan con este reconocimiento\u201d.<\/p>\n<p style=\"font-weight: 400; text-align: justify;\">Desde Fundaci\u00f3n Integra recalcan que se hizo un reordenamiento completo del establecimiento con el objetivo de poder entregar las mejores condiciones tanto para los p\u00e1rvulos como para la comunidad educativa que es parte del establecimiento. Dentro de las obras desarrolladas destacan una nueva sala de actividades, un patio techado, bodega, cocina, ba\u00f1os, comedor de personal, entre otras y con una inversi\u00f3n superior a los 269 millones de pesos.<\/p>\n<p style=\"font-weight: 400; text-align: justify;\">El director (i) regional de Fundaci\u00f3n Integra, Felipe \u00c1guila Villarroel recalca que en \u201cla educaci\u00f3n en Primera Infancia se van construyendo las bases de los aprendizajes de las ni\u00f1as y ni\u00f1os por lo tanto es fundamental que estos asistan a los jardines infantiles y se vayan cimentando las bases. Ah\u00ed tenemos espacios acogedores y preparados para ellas y ellos\u201d.<\/p>\n<p style=\"font-weight: 400; text-align: justify;\">Integra pertenece a la Red de Fundaciones de la Presidencia de la Rep\u00fablica. Con 31 a\u00f1os de experiencia, es la red m\u00e1s grande de salas cuna y jardines infantiles del pa\u00eds con 1.200 establecimientos gratuitos, a los que asisten m\u00e1s de 85 mil ni\u00f1os y ni\u00f1as en todo Chile.<\/p>\n<\/div><\/section><\/div><\/p>\n<div  style='height:50px' class='hr hr-invisible   avia-builder-el-6  el_after_av_one_full  el_before_av_social_share '><span class='hr-inner ' ><span class='hr-inner-style'><\/span><\/span><\/div>\n<div  class='av-social-sharing-box  avia-builder-el-7  el_after_av_hr  el_before_av_hr  '><div class='av-share-box'><h5 class='av-share-link-description av-no-toc '>Compartir esta noticia<\/h5><ul class='av-share-box-list noLightbox'><li class='av-share-link av-social-link-facebook' ><a target=\"_blank\" aria-label=\"Compartir en Facebook\" href='https:\/\/www.facebook.com\/sharer.php?u=https:\/\/radiorevelacionfm.cl\/?p=21026&#038;t=Avanzan%20obras%20en%20Jard%C3%ADn%20Infantil%20de%20Bah%C3%ADa%20Murta%2C%20Seremi%20de%20Educaci%C3%B3n%20conoci%C3%B3%20in%20situ%20los%20avances' aria-hidden='false' data-av_icon='\ue8f3' data-av_iconfont='entypo-fontello' title='' data-avia-related-tooltip='Compartir en Facebook' rel=\"noopener\"><span class='avia_hidden_link_text'>Compartir en Facebook<\/span><\/a><\/li><li class='av-share-link av-social-link-twitter' ><a target=\"_blank\" aria-label=\"Compartir en Twitter\" href='https:\/\/twitter.com\/share?text=Avanzan%20obras%20en%20Jard%C3%ADn%20Infantil%20de%20Bah%C3%ADa%20Murta%2C%20Seremi%20de%20Educaci%C3%B3n%20conoci%C3%B3%20in%20situ%20los%20avances&#038;url=https:\/\/radiorevelacionfm.cl\/?p=21026' aria-hidden='false' data-av_icon='\ue8f1' data-av_iconfont='entypo-fontello' title='' data-avia-related-tooltip='Compartir en Twitter' rel=\"noopener\"><span class='avia_hidden_link_text'>Compartir en Twitter<\/span><\/a><\/li><li class='av-share-link av-social-link-whatsapp' ><a target=\"_blank\" aria-label=\"Compartir en Whatsapp\" href='https:\/\/api.whatsapp.com\/send?text=https:\/\/radiorevelacionfm.cl\/?p=21026' aria-hidden='false' data-av_icon='\uf232' data-av_iconfont='entypo-fontello' title='' data-avia-related-tooltip='Compartir en Whatsapp' rel=\"noopener\"><span class='avia_hidden_link_text'>Compartir en Whatsapp<\/span><\/a><\/li><li class='av-share-link av-social-link-linkedin' ><a target=\"_blank\" aria-label=\"Compartir en LinkedIn\" href='https:\/\/linkedin.com\/shareArticle?mini=true&#038;title=Avanzan%20obras%20en%20Jard%C3%ADn%20Infantil%20de%20Bah%C3%ADa%20Murta%2C%20Seremi%20de%20Educaci%C3%B3n%20conoci%C3%B3%20in%20situ%20los%20avances&#038;url=https:\/\/radiorevelacionfm.cl\/?p=21026' aria-hidden='false' data-av_icon='\ue8fc' data-av_iconfont='entypo-fontello' title='' data-avia-related-tooltip='Compartir en LinkedIn' rel=\"noopener\"><span class='avia_hidden_link_text'>Compartir en LinkedIn<\/span><\/a><\/li><li class='av-share-link av-social-link-mail' ><a  aria-label=\"Compartir por correo\" href='mailto:?subject=Avanzan%20obras%20en%20Jard%C3%ADn%20Infantil%20de%20Bah%C3%ADa%20Murta%2C%20Seremi%20de%20Educaci%C3%B3n%20conoci%C3%B3%20in%20situ%20los%20avances&#038;body=https:\/\/radiorevelacionfm.cl\/?p=21026' aria-hidden='false' data-av_icon='\ue805' data-av_iconfont='entypo-fontello' title='' data-avia-related-tooltip='Compartir por correo'><span class='avia_hidden_link_text'>Compartir por correo<\/span><\/a><\/li><\/ul><\/div><\/div>\n<div  style='height:50px' class='hr hr-invisible   avia-builder-el-8  el_after_av_social_share  el_before_av_comments_list '><span class='hr-inner ' ><span class='hr-inner-style'><\/span><\/span><\/div>\n<div  class='av-buildercomment  av-blog-meta-html-info-disabled av-blog-meta-tag-disabled  '><\/div>\n","protected":false},"excerpt":{"rendered":"","protected":false},"author":1,"featured_media":21027,"comment_status":"open","ping_status":"open","sticky":false,"template":"","format":"standard","meta":{"footnotes":""},"categories":[49],"tags":[],"class_list":["post-21026","post","type-post","status-publish","format-standard","has-post-thumbnail","hentry","category-educacion"],"jetpack_featured_media_url":"https:\/\/radiorevelacionfm.cl\/wp-content\/uploads\/2022\/08\/6-10-1-1.jpeg","_links":{"self":[{"href":"https:\/\/radiorevelacionfm.cl\/index.php?rest_route=\/wp\/v2\/posts\/21026","targetHints":{"allow":["GET"]}}],"collection":[{"href":"https:\/\/radiorevelacionfm.cl\/index.php?rest_route=\/wp\/v2\/posts"}],"about":[{"href":"https:\/\/radiorevelacionfm.cl\/index.php?rest_route=\/wp\/v2\/types\/post"}],"author":[{"embeddable":true,"href":"https:\/\/radiorevelacionfm.cl\/index.php?rest_route=\/wp\/v2\/users\/1"}],"replies":[{"embeddable":true,"href":"https:\/\/radiorevelacionfm.cl\/index.php?rest_route=%2Fwp%2Fv2%2Fcomments&post=21026"}],"version-history":[{"count":3,"href":"https:\/\/radiorevelacionfm.cl\/index.php?rest_route=\/wp\/v2\/posts\/21026\/revisions"}],"predecessor-version":[{"id":21039,"href":"https:\/\/radiorevelacionfm.cl\/index.php?rest_route=\/wp\/v2\/posts\/21026\/revisions\/21039"}],"wp:featuredmedia":[{"embeddable":true,"href":"https:\/\/radiorevelacionfm.cl\/index.php?rest_route=\/wp\/v2\/media\/21027"}],"wp:attachment":[{"href":"https:\/\/radiorevelacionfm.cl\/index.php?rest_route=%2Fwp%2Fv2%2Fmedia&parent=21026"}],"wp:term":[{"taxonomy":"category","embeddable":true,"href":"https:\/\/radiorevelacionfm.cl\/index.php?rest_route=%2Fwp%2Fv2%2Fcategories&post=21026"},{"taxonomy":"post_tag","embeddable":true,"href":"https:\/\/radiorevelacionfm.cl\/index.php?rest_route=%2Fwp%2Fv2%2Ftags&post=21026"}],"curies":[{"name":"wp","href":"https:\/\/api.w.org\/{rel}","templated":true}]}}