{"id":21022,"date":"2022-08-25T12:29:19","date_gmt":"2022-08-25T15:29:19","guid":{"rendered":"https:\/\/radiorevelacionfm.cl\/?p=21022"},"modified":"2022-08-25T12:29:19","modified_gmt":"2022-08-25T15:29:19","slug":"sag-refuerza-llamado-a-productores-as-a-realizar-declaracion-de-existencia-animal","status":"publish","type":"post","link":"https:\/\/radiorevelacionfm.cl\/?p=21022","title":{"rendered":"SAG refuerza llamado a productores\/as a realizar Declaraci\u00f3n de Existencia Animal"},"content":{"rendered":"<div class=\"flex_column av_one_full  flex_column_div av-zero-column-padding first  avia-builder-el-0  el_before_av_one_full  avia-builder-el-first  \" style='border-radius:0px; '><div  class='avia-image-container  av-styling-    avia-builder-el-1  avia-builder-el-no-sibling  avia-align-center '  itemprop=\"image\" itemscope=\"itemscope\" itemtype=\"https:\/\/schema.org\/ImageObject\"  ><div class='avia-image-container-inner'><div class='avia-image-overlay-wrap'><img decoding=\"async\" class='wp-image-21023 avia-img-lazy-loading-not-21023 avia_image' src=\"https:\/\/radiorevelacionfm.cl\/wp-content\/uploads\/2022\/08\/DEA-3-1-1.jpg\" alt='' title='DEA 3 (1) (1)' height=\"600\" width=\"1067\"  itemprop=\"thumbnailUrl\" srcset=\"https:\/\/radiorevelacionfm.cl\/wp-content\/uploads\/2022\/08\/DEA-3-1-1.jpg 1067w, https:\/\/radiorevelacionfm.cl\/wp-content\/uploads\/2022\/08\/DEA-3-1-1-300x169.jpg 300w, https:\/\/radiorevelacionfm.cl\/wp-content\/uploads\/2022\/08\/DEA-3-1-1-1030x579.jpg 1030w, https:\/\/radiorevelacionfm.cl\/wp-content\/uploads\/2022\/08\/DEA-3-1-1-768x432.jpg 768w, https:\/\/radiorevelacionfm.cl\/wp-content\/uploads\/2022\/08\/DEA-3-1-1-705x396.jpg 705w, https:\/\/radiorevelacionfm.cl\/wp-content\/uploads\/2022\/08\/DEA-3-1-1-600x337.jpg 600w\" sizes=\"(max-width: 1067px) 100vw, 1067px\" \/><\/div><\/div><\/div><\/div><div class=\"flex_column av_one_full  flex_column_div av-zero-column-padding first  avia-builder-el-2  el_after_av_one_full  el_before_av_one_full  column-top-margin\" style='border-radius:0px; '><section class=\"av_textblock_section \"  itemscope=\"itemscope\" itemtype=\"https:\/\/schema.org\/BlogPosting\" itemprop=\"blogPost\" ><div class='avia_textblock  '   itemprop=\"text\" ><p style=\"text-align: center;\"><span style=\"font-size: 18pt;\"><strong>SAG refuerza llamado a productores\/as a realizar Declaraci\u00f3n de Existencia Animal<\/strong><\/span><\/p>\n<div id=\"gtx-trans\" style=\"position: absolute; left: -50px; top: 4.31534px;\">\n<div class=\"gtx-trans-icon\"><\/div>\n<\/div>\n<\/div><\/section><\/div><div class=\"flex_column av_one_full  flex_column_div av-zero-column-padding first  avia-builder-el-4  el_after_av_one_full  el_before_av_hr  column-top-margin\" style='border-radius:0px; '><section class=\"av_textblock_section \"  itemscope=\"itemscope\" itemtype=\"https:\/\/schema.org\/BlogPosting\" itemprop=\"blogPost\" ><div class='avia_textblock  '   itemprop=\"text\" ><p style=\"text-align: justify;\">Despliegue territorial y acompa\u00f1amiento en el proceso digital, forma parte de las acciones impulsadas por la entidad del Ministerio de Agricultura para apoyar a campesinos y campesinas en dicho tr\u00e1mite.<\/p>\n<p style=\"text-align: justify;\">Poder acompa\u00f1ar y apoyar a los campesinos y campesinas a obtener la Declaraci\u00f3n de Existencia Animal (DEA), ha guiado el trabajo desarrollado por funcionarios\/as del Servicio Agr\u00edcola y Ganadero en este \u00faltimo mes.<\/p>\n<p style=\"text-align: justify;\">Con un despliegue en terreno y coordinaciones con otros servicios del agro y entidades. El Ministerio de Agricultura ha impulsado un refuerzo al llamado para que los productores\/as ganaderos declaren la totalidad de animales existentes en su predio seg\u00fan especie y categor\u00eda, ya sean bovinos, ovinos, porcinos, conejos, caprinos, caballares, aves de corral, entre otros.<\/p>\n<p style=\"text-align: justify;\">Como es el caso de la reciente visita al Lago O\u2019higgins, en donde con el apoyo de la Armada de Chile y en el marco del Programa Ovino que lidera la Seremi de Agricultura, se pudo concretar la visita a productores\/as de estos sectores y posibilitar el llenado del formulario en terreno.<\/p>\n<p style=\"text-align: justify;\">\u201cLa regi\u00f3n de Ays\u00e9n es extensa, lugares bastante lejanos y de dif\u00edcil acceso en temporada de invierno, es por eso que nosotros como servicio debemos acercarnos a todos los sectores para apoyar y cumplir con el rol de servidores p\u00fablicos\u201d, sostuvo la Directora (S) del SAG, Valeria Carrasco.<\/p>\n<p style=\"text-align: justify;\">Trabajo de apoyo a los productores\/as que se realiza en coordinaci\u00f3n entre las oficinas regionales de Coyhaique, Puerto Ays\u00e9n, Chile Chico y Cochrane y en coordinaci\u00f3n con los organismos del agro. Tal es el caso de la reciente entrega de alimento concentrado en sectores como Rodeo los Palos o Alto Ma\u00f1ihuales, donde funcionarios del SAG, participaron apoyando en el llenado del formulario a campesinos\/as que participaron en esta entrega de insumos propiciada desde la Seremi de Agricultura e INDAP.<\/p>\n<\/div><\/section><\/div><div  style='height:50px' class='hr hr-invisible   avia-builder-el-6  el_after_av_one_full  el_before_av_social_share '><span class='hr-inner ' ><span class='hr-inner-style'><\/span><\/span><\/div><\/p>\n<div  class='av-social-sharing-box  avia-builder-el-7  el_after_av_hr  el_before_av_hr  '><div class='av-share-box'><h5 class='av-share-link-description av-no-toc '>Compartir esta noticia<\/h5><ul class='av-share-box-list noLightbox'><li class='av-share-link av-social-link-facebook' ><a target=\"_blank\" aria-label=\"Compartir en Facebook\" href='https:\/\/www.facebook.com\/sharer.php?u=https:\/\/radiorevelacionfm.cl\/?p=21022&#038;t=SAG%20refuerza%20llamado%20a%20productores%2Fas%20a%20realizar%20Declaraci%C3%B3n%20de%20Existencia%20Animal' aria-hidden='false' data-av_icon='\ue8f3' data-av_iconfont='entypo-fontello' title='' data-avia-related-tooltip='Compartir en Facebook' rel=\"noopener\"><span class='avia_hidden_link_text'>Compartir en Facebook<\/span><\/a><\/li><li class='av-share-link av-social-link-twitter' ><a target=\"_blank\" aria-label=\"Compartir en Twitter\" href='https:\/\/twitter.com\/share?text=SAG%20refuerza%20llamado%20a%20productores%2Fas%20a%20realizar%20Declaraci%C3%B3n%20de%20Existencia%20Animal&#038;url=https:\/\/radiorevelacionfm.cl\/?p=21022' aria-hidden='false' data-av_icon='\ue8f1' data-av_iconfont='entypo-fontello' title='' data-avia-related-tooltip='Compartir en Twitter' rel=\"noopener\"><span class='avia_hidden_link_text'>Compartir en Twitter<\/span><\/a><\/li><li class='av-share-link av-social-link-whatsapp' ><a target=\"_blank\" aria-label=\"Compartir en Whatsapp\" href='https:\/\/api.whatsapp.com\/send?text=https:\/\/radiorevelacionfm.cl\/?p=21022' aria-hidden='false' data-av_icon='\uf232' data-av_iconfont='entypo-fontello' title='' data-avia-related-tooltip='Compartir en Whatsapp' rel=\"noopener\"><span class='avia_hidden_link_text'>Compartir en Whatsapp<\/span><\/a><\/li><li class='av-share-link av-social-link-linkedin' ><a target=\"_blank\" aria-label=\"Compartir en LinkedIn\" href='https:\/\/linkedin.com\/shareArticle?mini=true&#038;title=SAG%20refuerza%20llamado%20a%20productores%2Fas%20a%20realizar%20Declaraci%C3%B3n%20de%20Existencia%20Animal&#038;url=https:\/\/radiorevelacionfm.cl\/?p=21022' aria-hidden='false' data-av_icon='\ue8fc' data-av_iconfont='entypo-fontello' title='' data-avia-related-tooltip='Compartir en LinkedIn' rel=\"noopener\"><span class='avia_hidden_link_text'>Compartir en LinkedIn<\/span><\/a><\/li><li class='av-share-link av-social-link-mail' ><a  aria-label=\"Compartir por correo\" href='mailto:?subject=SAG%20refuerza%20llamado%20a%20productores%2Fas%20a%20realizar%20Declaraci%C3%B3n%20de%20Existencia%20Animal&#038;body=https:\/\/radiorevelacionfm.cl\/?p=21022' aria-hidden='false' data-av_icon='\ue805' data-av_iconfont='entypo-fontello' title='' data-avia-related-tooltip='Compartir por correo'><span class='avia_hidden_link_text'>Compartir por correo<\/span><\/a><\/li><\/ul><\/div><\/div>\n<div  style='height:50px' class='hr hr-invisible   avia-builder-el-8  el_after_av_social_share  el_before_av_comments_list '><span class='hr-inner ' ><span class='hr-inner-style'><\/span><\/span><\/div>\n<div  class='av-buildercomment  av-blog-meta-html-info-disabled av-blog-meta-tag-disabled  '><\/div>\n","protected":false},"excerpt":{"rendered":"","protected":false},"author":1,"featured_media":21023,"comment_status":"open","ping_status":"open","sticky":false,"template":"","format":"standard","meta":{"footnotes":""},"categories":[58],"tags":[],"class_list":["post-21022","post","type-post","status-publish","format-standard","has-post-thumbnail","hentry","category-agricultura"],"jetpack_featured_media_url":"https:\/\/radiorevelacionfm.cl\/wp-content\/uploads\/2022\/08\/DEA-3-1-1.jpg","_links":{"self":[{"href":"https:\/\/radiorevelacionfm.cl\/index.php?rest_route=\/wp\/v2\/posts\/21022","targetHints":{"allow":["GET"]}}],"collection":[{"href":"https:\/\/radiorevelacionfm.cl\/index.php?rest_route=\/wp\/v2\/posts"}],"about":[{"href":"https:\/\/radiorevelacionfm.cl\/index.php?rest_route=\/wp\/v2\/types\/post"}],"author":[{"embeddable":true,"href":"https:\/\/radiorevelacionfm.cl\/index.php?rest_route=\/wp\/v2\/users\/1"}],"replies":[{"embeddable":true,"href":"https:\/\/radiorevelacionfm.cl\/index.php?rest_route=%2Fwp%2Fv2%2Fcomments&post=21022"}],"version-history":[{"count":2,"href":"https:\/\/radiorevelacionfm.cl\/index.php?rest_route=\/wp\/v2\/posts\/21022\/revisions"}],"predecessor-version":[{"id":21025,"href":"https:\/\/radiorevelacionfm.cl\/index.php?rest_route=\/wp\/v2\/posts\/21022\/revisions\/21025"}],"wp:featuredmedia":[{"embeddable":true,"href":"https:\/\/radiorevelacionfm.cl\/index.php?rest_route=\/wp\/v2\/media\/21023"}],"wp:attachment":[{"href":"https:\/\/radiorevelacionfm.cl\/index.php?rest_route=%2Fwp%2Fv2%2Fmedia&parent=21022"}],"wp:term":[{"taxonomy":"category","embeddable":true,"href":"https:\/\/radiorevelacionfm.cl\/index.php?rest_route=%2Fwp%2Fv2%2Fcategories&post=21022"},{"taxonomy":"post_tag","embeddable":true,"href":"https:\/\/radiorevelacionfm.cl\/index.php?rest_route=%2Fwp%2Fv2%2Ftags&post=21022"}],"curies":[{"name":"wp","href":"https:\/\/api.w.org\/{rel}","templated":true}]}}