{"id":21013,"date":"2022-08-26T10:23:14","date_gmt":"2022-08-26T13:23:14","guid":{"rendered":"https:\/\/radiorevelacionfm.cl\/?p=21013"},"modified":"2022-08-26T10:23:14","modified_gmt":"2022-08-26T13:23:14","slug":"natacha-pino-rectora-de-la-universidad-de-aysen-es-electa-unanimemente-como-presidenta-de-la-agrupacion-de-universidades-regionales-de-chile-aur","status":"publish","type":"post","link":"https:\/\/radiorevelacionfm.cl\/?p=21013","title":{"rendered":"Natacha Pino, Rectora de la Universidad de Ays\u00e9n es electa un\u00e1nimemente como Presidenta de la Agrupaci\u00f3n de Universidades Regionales de Chile (AUR)"},"content":{"rendered":"<div class=\"flex_column av_one_full  flex_column_div av-zero-column-padding first  avia-builder-el-0  el_before_av_one_full  avia-builder-el-first  \" style='border-radius:0px; '><div  class='avia-image-container  av-styling-    avia-builder-el-1  avia-builder-el-no-sibling  avia-align-center '  itemprop=\"image\" itemscope=\"itemscope\" itemtype=\"https:\/\/schema.org\/ImageObject\"  ><div class='avia-image-container-inner'><div class='avia-image-overlay-wrap'><img decoding=\"async\" class='wp-image-21015 avia-img-lazy-loading-not-21015 avia_image' src=\"https:\/\/radiorevelacionfm.cl\/wp-content\/uploads\/2022\/08\/Natacha-Pino-Acuna_Rectora-UAysen-1-1-1.jpg\" alt='' title='Natacha Pino Acu\u00f1a_Rectora UAys\u00e9n (1) (1)' height=\"600\" width=\"1066\"  itemprop=\"thumbnailUrl\" srcset=\"https:\/\/radiorevelacionfm.cl\/wp-content\/uploads\/2022\/08\/Natacha-Pino-Acuna_Rectora-UAysen-1-1-1.jpg 1066w, https:\/\/radiorevelacionfm.cl\/wp-content\/uploads\/2022\/08\/Natacha-Pino-Acuna_Rectora-UAysen-1-1-1-300x169.jpg 300w, https:\/\/radiorevelacionfm.cl\/wp-content\/uploads\/2022\/08\/Natacha-Pino-Acuna_Rectora-UAysen-1-1-1-1030x580.jpg 1030w, https:\/\/radiorevelacionfm.cl\/wp-content\/uploads\/2022\/08\/Natacha-Pino-Acuna_Rectora-UAysen-1-1-1-768x432.jpg 768w, https:\/\/radiorevelacionfm.cl\/wp-content\/uploads\/2022\/08\/Natacha-Pino-Acuna_Rectora-UAysen-1-1-1-705x397.jpg 705w, https:\/\/radiorevelacionfm.cl\/wp-content\/uploads\/2022\/08\/Natacha-Pino-Acuna_Rectora-UAysen-1-1-1-600x338.jpg 600w\" sizes=\"(max-width: 1066px) 100vw, 1066px\" \/><\/div><\/div><\/div><\/div><div class=\"flex_column av_one_full  flex_column_div av-zero-column-padding first  avia-builder-el-2  el_after_av_one_full  el_before_av_one_full  column-top-margin\" style='border-radius:0px; '><section class=\"av_textblock_section \"  itemscope=\"itemscope\" itemtype=\"https:\/\/schema.org\/BlogPosting\" itemprop=\"blogPost\" ><div class='avia_textblock  '   itemprop=\"text\" ><p style=\"text-align: center;\"><span style=\"font-size: 18pt;\"><b><span lang=\"ES-CL\">Natacha Pino, Rectora de la Universidad de Ays\u00e9n es electa un\u00e1nimemente como Presidenta de la Agrupaci\u00f3n de Universidades Regionales de Chile (AUR)<\/span><\/b><\/span><\/p>\n<div id=\"gtx-trans\" style=\"position: absolute; left: -50px; top: 4.31534px;\">\n<div class=\"gtx-trans-icon\"><\/div>\n<\/div>\n<\/div><\/section><\/div><div class=\"flex_column av_one_full  flex_column_div av-zero-column-padding first  avia-builder-el-4  el_after_av_one_full  el_before_av_hr  column-top-margin\" style='border-radius:0px; '><section class=\"av_textblock_section \"  itemscope=\"itemscope\" itemtype=\"https:\/\/schema.org\/BlogPosting\" itemprop=\"blogPost\" ><div class='avia_textblock  '   itemprop=\"text\" ><p class=\"v1MsoNormal\" style=\"text-align: justify;\"><span lang=\"ES-CL\">Nueva presidencia tendr\u00e1n las 22 universidades regionales reunidas en AUR, luego que en el marco de su sesi\u00f3n plenaria realizada en la ciudad de Osorno y de manera un\u00e1nime resultar\u00e1 electa la rectora de la Universidad de Ays\u00e9n, Natacha Pino Acu\u00f1a.<\/span><\/p>\n<p class=\"v1MsoNormal\" style=\"text-align: justify;\"><span lang=\"ES-CL\">\u00abEs un d\u00eda muy especial en lo personal y estoy muy agradecida del apoyo de los rectores. Es muy emocionante que en el d\u00eda de hoy todos mis colegas hayan decidido de forma un\u00e1nime apoyar y postularme para la presidencia de AUR. Pero tambi\u00e9n, es una tremenda oportunidad y conf\u00edo plenamente en el convencimiento que desde las regiones podemos hacer mucho por la educaci\u00f3n superior. Este es un refresco para AUR, ya que se han integrado nuevos rectores y de a poco hemos ido alcanzando acuerdos para que nuestra agrupaci\u00f3n sea el actor que queremos que sea, que lleve la voz de la educaci\u00f3n superior en las regiones y se convierta en el brazo apoyador del Gobierno Regional para fortalecer los gobiernos locales\u00bb, dijo la autoridad universitaria reci\u00e9n electa.<\/span><\/p>\n<p class=\"v1MsoNormal\" style=\"text-align: justify;\"><span lang=\"ES-CL\">La nueva autoridad de las universidades regionales tendr\u00e1 como primera tarea por delante, trabajar con un grupo de rectores para definir nuevos modelos de gobernanza institucional, que brinden mayor flexibilidad y prontas respuestas a situaciones atingentes a la educaci\u00f3n superior.<\/span><\/p>\n<p class=\"v1MsoNormal\" style=\"text-align: justify;\"><span lang=\"ES-CL\">Es la primera vez que una mujer estar\u00e1 a la cabeza de las universidades regionales del CRUCH, al respecto la rectora Pino se\u00f1al\u00f3, \u00abes una se\u00f1al importante de lo que est\u00e1 ocurriendo en el pa\u00eds, pero no podr\u00eda lograrlo sin el apoyo de todos los rectores. Hoy en nuestra sesi\u00f3n tuvimos una conversaci\u00f3n muy profunda, muy reflexiva y luego de esta elecci\u00f3n siento mucho apoyo y disposici\u00f3n para lograr las metas que queremos para nuestra agrupaci\u00f3n\u00bb, precis\u00f3 la rectora de la U. de Ays\u00e9n.<\/span><\/p>\n<p class=\"v1MsoNormal\" style=\"text-align: justify;\"><span lang=\"ES-CL\">Natacha Pino reemplaza en la presidencia al rector Patricio Sanhueza V., que deja su cargo con un gran legado de trabajo y compromiso en temas de relevancia como la inclusi\u00f3n, la falta de recursos para las universidades con alta presencia en las regiones y escasos impulsos para el desarrollo de la ciencia regional, entre otros.<\/span><\/p>\n<p class=\"v1MsoNormal\" style=\"text-align: justify;\"><span lang=\"ES-CL\">La Agrupaci\u00f3n de Universidades Regionales de Chile (AUR) es una instancia aut\u00f3noma formada en 1996, con marcado foco en la descentralizaci\u00f3n, la integran 22 universidades con sus casas centrales en regiones, con vocaci\u00f3n p\u00fablica y amplia tradici\u00f3n, las que han contribuido a la formaci\u00f3n de capital humano de calidad en plena sinton\u00eda con las necesidades y desarrollo de las regiones donde se emplazan.<\/span><\/p>\n<p class=\"v1MsoNormal\" style=\"text-align: justify;\"><span lang=\"ES-CL\">Las reuniones de rectoras y rectores de las universidades chilenas pertenecientes al Consejo de Rectores de las Universidades Chilenas se realizan de manera presencial y remota, en la ciudad de Osorno entre el 24 y 25 de agosto, desarroll\u00e1ndose encuentros de las entidades de educaci\u00f3n superior, Consorcio de Universidades Estatales, AUR, Red G9 y CRUCH respectivamente.<\/span><\/p>\n<\/div><\/section><\/div><div  style='height:50px' class='hr hr-invisible   avia-builder-el-6  el_after_av_one_full  el_before_av_social_share '><span class='hr-inner ' ><span class='hr-inner-style'><\/span><\/span><\/div><\/p>\n<div  class='av-social-sharing-box  avia-builder-el-7  el_after_av_hr  el_before_av_hr  '><div class='av-share-box'><h5 class='av-share-link-description av-no-toc '>Compartir esta noticia<\/h5><ul class='av-share-box-list noLightbox'><li class='av-share-link av-social-link-facebook' ><a target=\"_blank\" aria-label=\"Compartir en Facebook\" href='https:\/\/www.facebook.com\/sharer.php?u=https:\/\/radiorevelacionfm.cl\/?p=21013&#038;t=Natacha%20Pino%2C%20Rectora%20de%20la%20Universidad%20de%20Ays%C3%A9n%20es%20electa%20un%C3%A1nimemente%20como%20Presidenta%20de%20la%20Agrupaci%C3%B3n%20de%20Universidades%20Regionales%20de%20Chile%20%28AUR%29' aria-hidden='false' data-av_icon='\ue8f3' data-av_iconfont='entypo-fontello' title='' data-avia-related-tooltip='Compartir en Facebook' rel=\"noopener\"><span class='avia_hidden_link_text'>Compartir en Facebook<\/span><\/a><\/li><li class='av-share-link av-social-link-twitter' ><a target=\"_blank\" aria-label=\"Compartir en Twitter\" href='https:\/\/twitter.com\/share?text=Natacha%20Pino%2C%20Rectora%20de%20la%20Universidad%20de%20Ays%C3%A9n%20es%20electa%20un%C3%A1nimemente%20como%20Presidenta%20de%20la%20Agrupaci%C3%B3n%20de%20Universidades%20Regionales%20de%20Chile%20%28AUR%29&#038;url=https:\/\/radiorevelacionfm.cl\/?p=21013' aria-hidden='false' data-av_icon='\ue8f1' data-av_iconfont='entypo-fontello' title='' data-avia-related-tooltip='Compartir en Twitter' rel=\"noopener\"><span class='avia_hidden_link_text'>Compartir en Twitter<\/span><\/a><\/li><li class='av-share-link av-social-link-whatsapp' ><a target=\"_blank\" aria-label=\"Compartir en Whatsapp\" href='https:\/\/api.whatsapp.com\/send?text=https:\/\/radiorevelacionfm.cl\/?p=21013' aria-hidden='false' data-av_icon='\uf232' data-av_iconfont='entypo-fontello' title='' data-avia-related-tooltip='Compartir en Whatsapp' rel=\"noopener\"><span class='avia_hidden_link_text'>Compartir en Whatsapp<\/span><\/a><\/li><li class='av-share-link av-social-link-linkedin' ><a target=\"_blank\" aria-label=\"Compartir en LinkedIn\" href='https:\/\/linkedin.com\/shareArticle?mini=true&#038;title=Natacha%20Pino%2C%20Rectora%20de%20la%20Universidad%20de%20Ays%C3%A9n%20es%20electa%20un%C3%A1nimemente%20como%20Presidenta%20de%20la%20Agrupaci%C3%B3n%20de%20Universidades%20Regionales%20de%20Chile%20%28AUR%29&#038;url=https:\/\/radiorevelacionfm.cl\/?p=21013' aria-hidden='false' data-av_icon='\ue8fc' data-av_iconfont='entypo-fontello' title='' data-avia-related-tooltip='Compartir en LinkedIn' rel=\"noopener\"><span class='avia_hidden_link_text'>Compartir en LinkedIn<\/span><\/a><\/li><li class='av-share-link av-social-link-mail' ><a  aria-label=\"Compartir por correo\" href='mailto:?subject=Natacha%20Pino%2C%20Rectora%20de%20la%20Universidad%20de%20Ays%C3%A9n%20es%20electa%20un%C3%A1nimemente%20como%20Presidenta%20de%20la%20Agrupaci%C3%B3n%20de%20Universidades%20Regionales%20de%20Chile%20%28AUR%29&#038;body=https:\/\/radiorevelacionfm.cl\/?p=21013' aria-hidden='false' data-av_icon='\ue805' data-av_iconfont='entypo-fontello' title='' data-avia-related-tooltip='Compartir por correo'><span class='avia_hidden_link_text'>Compartir por correo<\/span><\/a><\/li><\/ul><\/div><\/div>\n<div  style='height:50px' class='hr hr-invisible   avia-builder-el-8  el_after_av_social_share  el_before_av_comments_list '><span class='hr-inner ' ><span class='hr-inner-style'><\/span><\/span><\/div>\n<div  class='av-buildercomment  av-blog-meta-html-info-disabled av-blog-meta-tag-disabled  '><\/div>\n","protected":false},"excerpt":{"rendered":"","protected":false},"author":1,"featured_media":21015,"comment_status":"open","ping_status":"open","sticky":false,"template":"","format":"standard","meta":{"footnotes":""},"categories":[49],"tags":[],"class_list":["post-21013","post","type-post","status-publish","format-standard","has-post-thumbnail","hentry","category-educacion"],"jetpack_featured_media_url":"https:\/\/radiorevelacionfm.cl\/wp-content\/uploads\/2022\/08\/Natacha-Pino-Acuna_Rectora-UAysen-1-1-1.jpg","_links":{"self":[{"href":"https:\/\/radiorevelacionfm.cl\/index.php?rest_route=\/wp\/v2\/posts\/21013","targetHints":{"allow":["GET"]}}],"collection":[{"href":"https:\/\/radiorevelacionfm.cl\/index.php?rest_route=\/wp\/v2\/posts"}],"about":[{"href":"https:\/\/radiorevelacionfm.cl\/index.php?rest_route=\/wp\/v2\/types\/post"}],"author":[{"embeddable":true,"href":"https:\/\/radiorevelacionfm.cl\/index.php?rest_route=\/wp\/v2\/users\/1"}],"replies":[{"embeddable":true,"href":"https:\/\/radiorevelacionfm.cl\/index.php?rest_route=%2Fwp%2Fv2%2Fcomments&post=21013"}],"version-history":[{"count":2,"href":"https:\/\/radiorevelacionfm.cl\/index.php?rest_route=\/wp\/v2\/posts\/21013\/revisions"}],"predecessor-version":[{"id":21067,"href":"https:\/\/radiorevelacionfm.cl\/index.php?rest_route=\/wp\/v2\/posts\/21013\/revisions\/21067"}],"wp:featuredmedia":[{"embeddable":true,"href":"https:\/\/radiorevelacionfm.cl\/index.php?rest_route=\/wp\/v2\/media\/21015"}],"wp:attachment":[{"href":"https:\/\/radiorevelacionfm.cl\/index.php?rest_route=%2Fwp%2Fv2%2Fmedia&parent=21013"}],"wp:term":[{"taxonomy":"category","embeddable":true,"href":"https:\/\/radiorevelacionfm.cl\/index.php?rest_route=%2Fwp%2Fv2%2Fcategories&post=21013"},{"taxonomy":"post_tag","embeddable":true,"href":"https:\/\/radiorevelacionfm.cl\/index.php?rest_route=%2Fwp%2Fv2%2Ftags&post=21013"}],"curies":[{"name":"wp","href":"https:\/\/api.w.org\/{rel}","templated":true}]}}