{"id":21007,"date":"2022-08-25T11:17:59","date_gmt":"2022-08-25T14:17:59","guid":{"rendered":"https:\/\/radiorevelacionfm.cl\/?p=21007"},"modified":"2022-08-25T11:28:29","modified_gmt":"2022-08-25T14:28:29","slug":"mop-abre-sus-dependencias-para-dar-a-conocer-muestra-el-grito-de-las-que-ya-no-estan","status":"publish","type":"post","link":"https:\/\/radiorevelacionfm.cl\/?p=21007","title":{"rendered":"MOP abre sus dependencias para dar a conocer muestra \u201cEl grito de las que ya no est\u00e1n\u201d"},"content":{"rendered":"<div class=\"flex_column av_one_full  flex_column_div av-zero-column-padding first  avia-builder-el-0  el_before_av_one_full  avia-builder-el-first  \" style='border-radius:0px; '><div  class='avia-image-container  av-styling-    avia-builder-el-1  avia-builder-el-no-sibling  avia-align-center '  itemprop=\"image\" itemscope=\"itemscope\" itemtype=\"https:\/\/schema.org\/ImageObject\"  ><div class='avia-image-container-inner'><div class='avia-image-overlay-wrap'><img decoding=\"async\" class='wp-image-21008 avia-img-lazy-loading-not-21008 avia_image' src=\"https:\/\/radiorevelacionfm.cl\/wp-content\/uploads\/2022\/08\/sernam-expo-4-ok-1_optimized.jpg\" alt='' title='sernam-expo-4-ok-(1)_optimized' height=\"600\" width=\"1620\"  itemprop=\"thumbnailUrl\" srcset=\"https:\/\/radiorevelacionfm.cl\/wp-content\/uploads\/2022\/08\/sernam-expo-4-ok-1_optimized.jpg 1620w, https:\/\/radiorevelacionfm.cl\/wp-content\/uploads\/2022\/08\/sernam-expo-4-ok-1_optimized-300x111.jpg 300w, https:\/\/radiorevelacionfm.cl\/wp-content\/uploads\/2022\/08\/sernam-expo-4-ok-1_optimized-1030x381.jpg 1030w, https:\/\/radiorevelacionfm.cl\/wp-content\/uploads\/2022\/08\/sernam-expo-4-ok-1_optimized-768x284.jpg 768w, https:\/\/radiorevelacionfm.cl\/wp-content\/uploads\/2022\/08\/sernam-expo-4-ok-1_optimized-1536x569.jpg 1536w, https:\/\/radiorevelacionfm.cl\/wp-content\/uploads\/2022\/08\/sernam-expo-4-ok-1_optimized-1500x556.jpg 1500w, https:\/\/radiorevelacionfm.cl\/wp-content\/uploads\/2022\/08\/sernam-expo-4-ok-1_optimized-705x261.jpg 705w, https:\/\/radiorevelacionfm.cl\/wp-content\/uploads\/2022\/08\/sernam-expo-4-ok-1_optimized-600x222.jpg 600w\" sizes=\"(max-width: 1620px) 100vw, 1620px\" \/><\/div><\/div><\/div><\/div>\n<div class=\"flex_column av_one_full  flex_column_div av-zero-column-padding first  avia-builder-el-2  el_after_av_one_full  el_before_av_one_full  column-top-margin\" style='border-radius:0px; '><section class=\"av_textblock_section \"  itemscope=\"itemscope\" itemtype=\"https:\/\/schema.org\/BlogPosting\" itemprop=\"blogPost\" ><div class='avia_textblock  '   itemprop=\"text\" ><p style=\"text-align: center;\"><strong><span style=\"font-size: 18pt;\">MOP abre sus dependencias para dar a conocer muestra \u201cEl grito de las que ya no est\u00e1n\u201d<\/span><\/strong><\/p>\n<div id=\"gtx-trans\" style=\"position: absolute; left: -50px; top: 4.31534px;\">\n<div class=\"gtx-trans-icon\"><\/div>\n<\/div>\n<\/div><\/section><\/div>\n<div class=\"flex_column av_one_full  flex_column_div av-zero-column-padding first  avia-builder-el-4  el_after_av_one_full  el_before_av_hr  column-top-margin\" style='border-radius:0px; '><section class=\"av_textblock_section \"  itemscope=\"itemscope\" itemtype=\"https:\/\/schema.org\/BlogPosting\" itemprop=\"blogPost\" ><div class='avia_textblock  '   itemprop=\"text\" ><p style=\"text-align: justify;\">\u201cVemos los relatos, vemos que atr\u00e1s del femicidio no se acaba la brutalidad con la desaparici\u00f3n de una v\u00edctima, sino que el dolor irradia una familia completa y eso es lo que los cuadros nos permiten visibilizar. Nos interesa humanizar y dignificar. Nos interesa sacar la violencia extrema hacia las Mujeres del relato num\u00e9rico, del relato estad\u00edstico y del relato aislado que socialmente suele tener y llevarlo al lugar que le corresponde como es el de la responsabilidad social que nos compete a todos y todas\u201d, afirm\u00f3 la SEREMI de la Mujer y la Equidad de G\u00e9nero Andrea M\u00e9ndez Valenzuela.<\/p>\n<p style=\"text-align: justify;\">El Secretario Regional Ministerial de Obras P\u00fablicas, Patricio Sanhueza Ulloa junto a la Encargada de G\u00e9nero del Ministerio de Obras P\u00fablicas Ver\u00f3nica Hern\u00e1ndez en el marco de las pol\u00edticas de transversalizaci\u00f3n de G\u00e9nero que impulsa el gobierno del presidente Gabriel Boric, acudieron a la invitaci\u00f3n que desde la Secretaria Regional Ministerial de la Mujer y la Equidad de G\u00e9nero en la regi\u00f3n de Ays\u00e9n, realiz\u00f3 Andrea M\u00e9ndez Valenzuela para hacer de las dependencias del MOP el lugar preciso para que la ilustradora, activista y feminista Jeniffer Abarca irrumpiera con la muestra \u201cEl grito de las que ya no est\u00e1n\u201d.<\/p>\n<p style=\"text-align: justify;\">Al respecto, el SEREMI del MOP indic\u00f3 que \u201ccomo Ministerio de Obras P\u00fablicas nos hacemos parte del mandato de nuestro gobierno feminista, y en ese rol hemos acogido en nuestras dependencias esta exposici\u00f3n que da cuenta de lo que sucede luego de que ocurren estos terribles femicidios que atentan contra la Mujer. Estamos en el rol de contribuir a divulgar esta gran exposici\u00f3n que da cuenta de relatos terribles de violencia que se ha ejercido contra las Mujeres y del dolor y el duelo que contin\u00faa una vez que ellas ya no est\u00e1n. La muestra: \u201cEl grito de las que ya no est\u00e1n\u201d tiene que ver con lo que pasa con los padres, madres, familiares y amigos de estas v\u00edctimas, as\u00ed que adem\u00e1s de condolernos con estas situaciones tambi\u00e9n creemos necesario que sean comunicadas y que como sociedad asumamos que estos hechos ocurren y que esta exposici\u00f3n sirva tambi\u00e9n para que avancemos en educaci\u00f3n, avancemos en tolerancia y avancemos en erradicar de nuestra sociedad estos hechos\u201d.<\/p>\n<p style=\"text-align: justify;\">\u201cJeniffer nos comparti\u00f3 su motivaci\u00f3n asociada a ilustrar estas experiencias brutales de vida de diferentes Mujeres y esta exposici\u00f3n relata estos brutales casos, en la b\u00fasqueda permanentemente de humanizar, de sensibilizar sobre la violencia extrema y llevarla al terreno del testimonio cercano e \u00edntimo de las madres. As\u00ed que para nosotros como Ministerio es tremendamente importante que se puedan instalar en distintas dependencias p\u00fablicas, porque nos interesa humanizar y dignificar. Nos interesa sacar la violencia extrema hacia las mujeres del relato num\u00e9rico, del relato estad\u00edstico y del relato aislado que socialmente suele tener\u201d, afirm\u00f3 Andrea M\u00e9ndez.<\/p>\n<p style=\"text-align: justify;\">La SEREMI de la Mujer y la Equidad de G\u00e9nero agreg\u00f3 que \u201ccuando vemos los relatos, vemos que atr\u00e1s del femicidio no se acaba la brutalidad con la desaparici\u00f3n de una v\u00edctima, sino que el dolor irradia una familia completa y eso es lo que los cuadros nos permiten visibilizar. Es una familia que termina quedando destinada a buscar justicia por sus seres queridos que ya no est\u00e1n, por lo que esta muestra nos permite sensibilizar, humanizar y poner en el lugar que le corresponde a la violencia extrema, que es el lugar de la responsabilidad social que nos compete a todos y todas\u201d.<\/p>\n<p style=\"text-align: justify;\">Esto es parte de las alianzas que estamos comprometiendo con distintos Ministerios y distintos Servicios, indic\u00f3 Andrea M\u00e9ndez. \u201cEl Ministerio de la Mujer encabeza la transversalizaci\u00f3n del enfoque de g\u00e9nero, lo que es una responsabilidad y un deber de toda la institucionalidad p\u00fablica, as\u00ed que asumimos este v\u00ednculo con el Ministerio de Obras P\u00fablicas el que tiene que ver justamente con aquello, con comprender que la tem\u00e1tica de la violencia extrema no s\u00f3lo le compete a este Ministerio, sino tambi\u00e9n a todos los \u00f3rganos del Estado, y Jeniffer Abarca, que es una joven de 21 a\u00f1os, ilustradora, pintora, activista y feminista, es quien hoy a trav\u00e9s de su obra nos permite avanzar en esta l\u00ednea de acci\u00f3n que como gobierno de Gabriel Boric estamos impulsando\u201d.<\/p>\n<p style=\"text-align: justify;\">Jeniffer se involucr\u00f3 tempranamente en el activismo-feminismo contra la violencia extrema en la ciudad de Melipilla con un caso que se encuentra relatado en esta muestra que es el de Isidora Gonz\u00e1lez o Dorito, la que fue asesinada en la ciudad de Melipilla. Desde siempre a Jeniffer le inspir\u00f3 la lucha cotidiana de todas las Mujeres, de las pobladoras, de sus vecinas, las Mujeres de su propia familia. Cuando estaba cursando 3\u00b0a\u00f1o medio junto a sus amigas salieron a pedir justicia en distintos espacios p\u00fablicos a ra\u00edz del caso Dorito. Posteriormente, ingres\u00f3 a la coordinadora 19 de diciembre la que est\u00e1 integrada por diversas Mujeres que se encuentran vinculadas en la reparaci\u00f3n de violencia extrema, en donde conoce todos estos casos y posteriormente entra a estudiar ilustraci\u00f3n. Desde ese espacio, Jeniffer empieza a vincular su oficio de ilustradora con el activismo y la experiencia de conocer la realidad de las madres de las v\u00edctimas de femicidio, quienes, dijo la Ilustradora, \u201cno tienen visibilidad en los Medios de Comunicaci\u00f3n y no tienen un lugar en la sociedad, as\u00ed que me pareci\u00f3 s\u00faper interesante hacer retratos de madres de v\u00edctimas de femicidios\u201d. De esta forma. surgi\u00f3 esta exposici\u00f3n que parti\u00f3 el 08 de marzo y que se ha presentado en muchos lugares de Santiago y en la quinta regi\u00f3n en diversas Galer\u00edas de Arte, pero la visi\u00f3n de la ilustradora la llev\u00f3 a buscar salir de las galer\u00edas de arte para llevar su trabajo hacia el territorio, con una muestra itinerante, que recorra todo Chile -llegando en esta ocasi\u00f3n al Ministerio de Obras P\u00fablicas en la regi\u00f3n de Ays\u00e9n- y que \u201ctenga como principio b\u00e1sico la reflexi\u00f3n y comenzar a hablar de femicidio y de la reparaci\u00f3n que necesitan las familias en ese \u00e1mbito\u201d, dijo Jeniffer, quien adem\u00e1s agreg\u00f3 que \u201clas Madres de femicidio son muy admirables y esto es un peque\u00f1o granito de arena en la lucha que est\u00e1n haciendo ellas. Es un homenaje de mi parte\u201d.<\/p>\n<p style=\"text-align: justify;\">Para Jeniffer Abarca o Jeniffer Ilustra \u2013como se denomina ella- el mensaje m\u00e1s importante que quiere que su muestra entregue a la comunidad es \u201cque se sensibilice, se reflexione y se abra un espacio para que podamos conversar, que podamos hablar de este tema y prevenir la violencia, y sobre todo mostrar las caras invisibles de estas guerreras, que no son las pobres madres, no son las pobres Mujeres, sino que son realmente Mujeres defensoras de los derechos humanos de las Mujeres y ni\u00f1as en general y que no solamente est\u00e1n luchando por sus hijas, sino tambi\u00e9n despu\u00e9s comienzan a luchar por todas las Mujeres que vienen adelante, porque lamentablemente los femicidios no paran\u201d.<\/p>\n<p style=\"text-align: justify;\">Consultada respecto de la muestra Ver\u00f3nica Hern\u00e1ndez, Encargada de G\u00e9nero del Ministerio de Obras P\u00fablicas en la regi\u00f3n de Ays\u00e9n destac\u00f3 \u201cel gobierno de Gabriel Boric es feminista, por lo tanto en ese marco es que trajimos esta exposici\u00f3n\/intervenci\u00f3n a nuestro Ministerio con el objeto de sensibilizar a los y las trabajadoras respecto de la violencia contra las mujeres, visibilizar que esta situaci\u00f3n existe y que las mujeres -como las que se encuentran en esta exposici\u00f3n y otras m\u00e1s- contin\u00faan en permanente lucha para hacer justicia para sus familiares, amigas y personas que han sufrido este tipo de violencia y que a\u00fan hoy no han conseguido justicia. Tambi\u00e9n, esta exposici\u00f3n es un aporte fundamental para el trabajo que como Mesa de G\u00e9nero estamos realizando en concordancia con el Ministerio de la Mujer y la Equidad de G\u00e9nero para abordar esta tem\u00e1tica dentro de nuestro Ministerio, transversalizando esta pol\u00edtica p\u00fablica y seguir trabajando en temas con y de enfoque de g\u00e9nero y feminismo. Agradecemos al Ministerio de la Mujer por esta exposici\u00f3n y su colaboraci\u00f3n para que los y las trabajadores y trabajadoras puedan contar con mayores conocimientos, herramientas, preparaci\u00f3n y recursos que les permitan poder apoyar a familiares, amigos y personas que enfrenten estas situaciones en cualquier momento de sus vidas\u201d.<\/p>\n<p style=\"text-align: justify;\">Cabe se\u00f1alar que en el caso de violencia intrafamiliar los canales de informaci\u00f3n y apoyo que el Servicio Nacional de la Mujer y Equidad de G\u00e9nero tiene a disposici\u00f3n de la comunidad es 1455 y tambi\u00e9n se puede recurrir a las dependencias del Servicio directamente si se requiere.<\/p>\n<\/div><\/section><\/div><div  style='height:50px' class='hr hr-invisible   avia-builder-el-6  el_after_av_one_full  el_before_av_social_share '><span class='hr-inner ' ><span class='hr-inner-style'><\/span><\/span><\/div><\/p>\n<div  class='av-social-sharing-box  avia-builder-el-7  el_after_av_hr  el_before_av_hr  '><div class='av-share-box'><h5 class='av-share-link-description av-no-toc '>Compartir esta noticia<\/h5><ul class='av-share-box-list noLightbox'><li class='av-share-link av-social-link-facebook' ><a target=\"_blank\" aria-label=\"Compartir en Facebook\" href='https:\/\/www.facebook.com\/sharer.php?u=https:\/\/radiorevelacionfm.cl\/?p=21007&#038;t=MOP%20abre%20sus%20dependencias%20para%20dar%20a%20conocer%20muestra%20%E2%80%9CEl%20grito%20de%20las%20que%20ya%20no%20est%C3%A1n%E2%80%9D' aria-hidden='false' data-av_icon='\ue8f3' data-av_iconfont='entypo-fontello' title='' data-avia-related-tooltip='Compartir en Facebook' rel=\"noopener\"><span class='avia_hidden_link_text'>Compartir en Facebook<\/span><\/a><\/li><li class='av-share-link av-social-link-twitter' ><a target=\"_blank\" aria-label=\"Compartir en Twitter\" href='https:\/\/twitter.com\/share?text=MOP%20abre%20sus%20dependencias%20para%20dar%20a%20conocer%20muestra%20%E2%80%9CEl%20grito%20de%20las%20que%20ya%20no%20est%C3%A1n%E2%80%9D&#038;url=https:\/\/radiorevelacionfm.cl\/?p=21007' aria-hidden='false' data-av_icon='\ue8f1' data-av_iconfont='entypo-fontello' title='' data-avia-related-tooltip='Compartir en Twitter' rel=\"noopener\"><span class='avia_hidden_link_text'>Compartir en Twitter<\/span><\/a><\/li><li class='av-share-link av-social-link-whatsapp' ><a target=\"_blank\" aria-label=\"Compartir en Whatsapp\" href='https:\/\/api.whatsapp.com\/send?text=https:\/\/radiorevelacionfm.cl\/?p=21007' aria-hidden='false' data-av_icon='\uf232' data-av_iconfont='entypo-fontello' title='' data-avia-related-tooltip='Compartir en Whatsapp' rel=\"noopener\"><span class='avia_hidden_link_text'>Compartir en Whatsapp<\/span><\/a><\/li><li class='av-share-link av-social-link-linkedin' ><a target=\"_blank\" aria-label=\"Compartir en LinkedIn\" href='https:\/\/linkedin.com\/shareArticle?mini=true&#038;title=MOP%20abre%20sus%20dependencias%20para%20dar%20a%20conocer%20muestra%20%E2%80%9CEl%20grito%20de%20las%20que%20ya%20no%20est%C3%A1n%E2%80%9D&#038;url=https:\/\/radiorevelacionfm.cl\/?p=21007' aria-hidden='false' data-av_icon='\ue8fc' data-av_iconfont='entypo-fontello' title='' data-avia-related-tooltip='Compartir en LinkedIn' rel=\"noopener\"><span class='avia_hidden_link_text'>Compartir en LinkedIn<\/span><\/a><\/li><li class='av-share-link av-social-link-mail' ><a  aria-label=\"Compartir por correo\" href='mailto:?subject=MOP%20abre%20sus%20dependencias%20para%20dar%20a%20conocer%20muestra%20%E2%80%9CEl%20grito%20de%20las%20que%20ya%20no%20est%C3%A1n%E2%80%9D&#038;body=https:\/\/radiorevelacionfm.cl\/?p=21007' aria-hidden='false' data-av_icon='\ue805' data-av_iconfont='entypo-fontello' title='' data-avia-related-tooltip='Compartir por correo'><span class='avia_hidden_link_text'>Compartir por correo<\/span><\/a><\/li><\/ul><\/div><\/div>\n<div  style='height:50px' class='hr hr-invisible   avia-builder-el-8  el_after_av_social_share  el_before_av_comments_list '><span class='hr-inner ' ><span class='hr-inner-style'><\/span><\/span><\/div>\n<div  class='av-buildercomment  av-blog-meta-html-info-disabled av-blog-meta-tag-disabled  '><\/div>\n","protected":false},"excerpt":{"rendered":"","protected":false},"author":1,"featured_media":21008,"comment_status":"open","ping_status":"open","sticky":false,"template":"","format":"standard","meta":{"footnotes":""},"categories":[38],"tags":[],"class_list":["post-21007","post","type-post","status-publish","format-standard","has-post-thumbnail","hentry","category-regional"],"jetpack_featured_media_url":"https:\/\/radiorevelacionfm.cl\/wp-content\/uploads\/2022\/08\/sernam-expo-4-ok-1_optimized.jpg","_links":{"self":[{"href":"https:\/\/radiorevelacionfm.cl\/index.php?rest_route=\/wp\/v2\/posts\/21007","targetHints":{"allow":["GET"]}}],"collection":[{"href":"https:\/\/radiorevelacionfm.cl\/index.php?rest_route=\/wp\/v2\/posts"}],"about":[{"href":"https:\/\/radiorevelacionfm.cl\/index.php?rest_route=\/wp\/v2\/types\/post"}],"author":[{"embeddable":true,"href":"https:\/\/radiorevelacionfm.cl\/index.php?rest_route=\/wp\/v2\/users\/1"}],"replies":[{"embeddable":true,"href":"https:\/\/radiorevelacionfm.cl\/index.php?rest_route=%2Fwp%2Fv2%2Fcomments&post=21007"}],"version-history":[{"count":4,"href":"https:\/\/radiorevelacionfm.cl\/index.php?rest_route=\/wp\/v2\/posts\/21007\/revisions"}],"predecessor-version":[{"id":21010,"href":"https:\/\/radiorevelacionfm.cl\/index.php?rest_route=\/wp\/v2\/posts\/21007\/revisions\/21010"}],"wp:featuredmedia":[{"embeddable":true,"href":"https:\/\/radiorevelacionfm.cl\/index.php?rest_route=\/wp\/v2\/media\/21008"}],"wp:attachment":[{"href":"https:\/\/radiorevelacionfm.cl\/index.php?rest_route=%2Fwp%2Fv2%2Fmedia&parent=21007"}],"wp:term":[{"taxonomy":"category","embeddable":true,"href":"https:\/\/radiorevelacionfm.cl\/index.php?rest_route=%2Fwp%2Fv2%2Fcategories&post=21007"},{"taxonomy":"post_tag","embeddable":true,"href":"https:\/\/radiorevelacionfm.cl\/index.php?rest_route=%2Fwp%2Fv2%2Ftags&post=21007"}],"curies":[{"name":"wp","href":"https:\/\/api.w.org\/{rel}","templated":true}]}}