{"id":2100,"date":"2021-01-26T11:13:52","date_gmt":"2021-01-26T14:13:52","guid":{"rendered":"https:\/\/radiorevelacionfm.cl\/?p=2100"},"modified":"2021-01-26T11:13:52","modified_gmt":"2021-01-26T14:13:52","slug":"con-una-inversion-de-130-millones-junji-aysen-construye-el-primer-jardin-infantil-de-puerto-bertrand","status":"publish","type":"post","link":"https:\/\/radiorevelacionfm.cl\/?p=2100","title":{"rendered":"Con una inversi\u00f3n de 130 millones Junji Ays\u00e9n construye el primer jard\u00edn infantil de Puerto Bertrand"},"content":{"rendered":"<div class=\"flex_column av_one_full  flex_column_div av-zero-column-padding first  avia-builder-el-0  el_before_av_one_full  avia-builder-el-first  \" style='border-radius:0px; '><div  class='avia-image-container  av-styling-    avia-builder-el-1  avia-builder-el-no-sibling  avia-align-center '  itemprop=\"image\" itemscope=\"itemscope\" itemtype=\"https:\/\/schema.org\/ImageObject\"  ><div class='avia-image-container-inner'><div class='avia-image-overlay-wrap'><img decoding=\"async\" class='wp-image-0 avia-img-lazy-loading-not-0 avia_image' src=\"https:\/\/radiorevelacionfm.cl\/wp-content\/uploads\/2021\/01\/jardin-bertrand.jpg\" alt='' title=''   itemprop=\"thumbnailUrl\"  \/><\/div><\/div><\/div><\/div><div class=\"flex_column av_one_full  flex_column_div av-zero-column-padding first  avia-builder-el-2  el_after_av_one_full  el_before_av_one_full  column-top-margin\" style='border-radius:0px; '><section class=\"av_textblock_section \"  itemscope=\"itemscope\" itemtype=\"https:\/\/schema.org\/BlogPosting\" itemprop=\"blogPost\" ><div class='avia_textblock  '   itemprop=\"text\" ><p style=\"text-align: center;\"><span style=\"font-size: 18pt;\"><strong>Con una inversi\u00f3n de 130 millones Junji Ays\u00e9n construye el primer jard\u00edn infantil de Puerto Bertrand<\/strong><\/span><\/p>\n<div id=\"gtx-trans\" style=\"position: absolute; left: -50px; top: 4.31534px;\">\n<div class=\"gtx-trans-icon\"><\/div>\n<\/div>\n<\/div><\/section><\/div><div class=\"flex_column av_one_full  flex_column_div av-zero-column-padding first  avia-builder-el-4  el_after_av_one_full  el_before_av_hr  column-top-margin\" style='border-radius:0px; '><section class=\"av_textblock_section \"  itemscope=\"itemscope\" itemtype=\"https:\/\/schema.org\/BlogPosting\" itemprop=\"blogPost\" ><div class='avia_textblock  '   itemprop=\"text\" ><p style=\"text-align: justify;\">A 270 kil\u00f3metros al sur de Coyhaique, en la provincia de General Carrera, la Junta Nacional de Jardines infantiles construye un nuevo centro educativo que permita cubrir la demanda de un establecimiento de atenci\u00f3n presencial en la localidad<\/p>\n<p style=\"text-align: justify;\">\u201cEste proyecto b\u00e1sicamente nace desde la comunidad por la necesidad de tener un programa presencial. Originalmente el PMI (Programa Mejoramiento de la Infancia) funcionaba en la escuela y se requiri\u00f3 de un proyecto de mucho mayor consolidaci\u00f3n. Entonces se busc\u00f3 esta alternativa; que son unas caba\u00f1as del Serviu (Servicio de Vivienda y Urbanismo) que se nos entregaron en comodato para desarrollar este proyecto\u201d mencion\u00f3 Ricardo Sol\u00e9, arquitecto de Junji Ays\u00e9n.<\/p>\n<p style=\"text-align: justify;\">Con una inversi\u00f3n de 130 millones de pesos esta unidad educativa contar\u00e1 con una capacidad para 20 p\u00e1rvulos de nivel heterog\u00e9neo, en una modalidad de atenci\u00f3n alternativo, contar\u00e1 con accesibilidad universal y eficiencia energ\u00e9tica.<\/p>\n<p style=\"text-align: justify;\">\u201cEstamos muy felices por desplazarnos hasta aqu\u00ed, in situ, en terreno, para ver los estados de avance de lo que va a hacer el jard\u00edn infantil alternativo \u201cTabanitos del Baker\u201d. \u00a0Queremos llamar a la comunidad a la tranquilidad, sobre todo, a que esto ya est\u00e1 avanzando y probablemente este a\u00f1o ya los ni\u00f1os y ni\u00f1as van a poder hacer uso de estos espacios educativos, que sin duda alguna vienen a reforzar la educaci\u00f3n inicial en estos sectores tan alejados como es Puerto Bertrand, perteneciente a la comuna de Chile Chico\u201d dijo Rodrigo Bero\u00edza, Director Regional (s) de Junji Ays\u00e9n.<\/p>\n<p style=\"text-align: justify;\">Esta inversi\u00f3n ser\u00e1 complementada el 2\u00b0 semestre de este a\u00f1o ser\u00e1 complementada con intervenciones para obtener Reconocimiento Oficial (R.O.) para detalles como cierres perimetrales, comedor de personal, postes solares y juego de patio, etc.<\/p>\n<p style=\"text-align: justify;\">\u201cEncontramos avances dentro de lo proyectado en un 35%, estamos bien en los plazos, la importancia que tiene esta obra es que; la localidad no tiene otra modalidad de atenci\u00f3n presencial, somos la \u00fanica instituci\u00f3n (Junji) que est\u00e1 presente actualmente en Puerto Bertr\u00e1n. Si bien la capacidad del jard\u00edn es para 20 ni\u00f1os, sin embargo, las estimaciones son de una matr\u00edcula de entre 9 y 12 p\u00e1rvulos\u201d precis\u00f3 Pablo Levicoy, constructor civil y asistente t\u00e9cnico de Junji Ays\u00e9n.<\/p>\n<\/div><\/section><\/div><div  style='height:50px' class='hr hr-invisible   avia-builder-el-6  el_after_av_one_full  el_before_av_social_share '><span class='hr-inner ' ><span class='hr-inner-style'><\/span><\/span><\/div><\/p>\n<div  class='av-social-sharing-box  avia-builder-el-7  el_after_av_hr  el_before_av_hr  '><div class='av-share-box'><h5 class='av-share-link-description av-no-toc '>Compartir esta noticia<\/h5><ul class='av-share-box-list noLightbox'><li class='av-share-link av-social-link-facebook' ><a target=\"_blank\" aria-label=\"Compartir en Facebook\" href='https:\/\/www.facebook.com\/sharer.php?u=https:\/\/radiorevelacionfm.cl\/?p=2100&#038;t=Con%20una%20inversi%C3%B3n%20de%20130%20millones%20Junji%20Ays%C3%A9n%20construye%20el%20primer%20jard%C3%ADn%20infantil%20de%20Puerto%20Bertrand' aria-hidden='false' data-av_icon='\ue8f3' data-av_iconfont='entypo-fontello' title='' data-avia-related-tooltip='Compartir en Facebook' rel=\"noopener\"><span class='avia_hidden_link_text'>Compartir en Facebook<\/span><\/a><\/li><li class='av-share-link av-social-link-twitter' ><a target=\"_blank\" aria-label=\"Compartir en Twitter\" href='https:\/\/twitter.com\/share?text=Con%20una%20inversi%C3%B3n%20de%20130%20millones%20Junji%20Ays%C3%A9n%20construye%20el%20primer%20jard%C3%ADn%20infantil%20de%20Puerto%20Bertrand&#038;url=https:\/\/radiorevelacionfm.cl\/?p=2100' aria-hidden='false' data-av_icon='\ue8f1' data-av_iconfont='entypo-fontello' title='' data-avia-related-tooltip='Compartir en Twitter' rel=\"noopener\"><span class='avia_hidden_link_text'>Compartir en Twitter<\/span><\/a><\/li><li class='av-share-link av-social-link-whatsapp' ><a target=\"_blank\" aria-label=\"Compartir en Whatsapp\" href='https:\/\/api.whatsapp.com\/send?text=https:\/\/radiorevelacionfm.cl\/?p=2100' aria-hidden='false' data-av_icon='\uf232' data-av_iconfont='entypo-fontello' title='' data-avia-related-tooltip='Compartir en Whatsapp' rel=\"noopener\"><span class='avia_hidden_link_text'>Compartir en Whatsapp<\/span><\/a><\/li><li class='av-share-link av-social-link-linkedin' ><a target=\"_blank\" aria-label=\"Compartir en LinkedIn\" href='https:\/\/linkedin.com\/shareArticle?mini=true&#038;title=Con%20una%20inversi%C3%B3n%20de%20130%20millones%20Junji%20Ays%C3%A9n%20construye%20el%20primer%20jard%C3%ADn%20infantil%20de%20Puerto%20Bertrand&#038;url=https:\/\/radiorevelacionfm.cl\/?p=2100' aria-hidden='false' data-av_icon='\ue8fc' data-av_iconfont='entypo-fontello' title='' data-avia-related-tooltip='Compartir en LinkedIn' rel=\"noopener\"><span class='avia_hidden_link_text'>Compartir en LinkedIn<\/span><\/a><\/li><li class='av-share-link av-social-link-mail' ><a  aria-label=\"Compartir por correo\" href='mailto:?subject=Con%20una%20inversi%C3%B3n%20de%20130%20millones%20Junji%20Ays%C3%A9n%20construye%20el%20primer%20jard%C3%ADn%20infantil%20de%20Puerto%20Bertrand&#038;body=https:\/\/radiorevelacionfm.cl\/?p=2100' aria-hidden='false' data-av_icon='\ue805' data-av_iconfont='entypo-fontello' title='' data-avia-related-tooltip='Compartir por correo'><span class='avia_hidden_link_text'>Compartir por correo<\/span><\/a><\/li><\/ul><\/div><\/div>\n<div  style='height:50px' class='hr hr-invisible   avia-builder-el-8  el_after_av_social_share  el_before_av_comments_list '><span class='hr-inner ' ><span class='hr-inner-style'><\/span><\/span><\/div>\n<div  class='av-buildercomment  av-blog-meta-html-info-disabled av-blog-meta-tag-disabled  '><\/div>\n","protected":false},"excerpt":{"rendered":"","protected":false},"author":1,"featured_media":0,"comment_status":"open","ping_status":"open","sticky":false,"template":"","format":"standard","meta":{"footnotes":""},"categories":[49],"tags":[],"class_list":["post-2100","post","type-post","status-publish","format-standard","hentry","category-educacion"],"jetpack_featured_media_url":"","_links":{"self":[{"href":"https:\/\/radiorevelacionfm.cl\/index.php?rest_route=\/wp\/v2\/posts\/2100","targetHints":{"allow":["GET"]}}],"collection":[{"href":"https:\/\/radiorevelacionfm.cl\/index.php?rest_route=\/wp\/v2\/posts"}],"about":[{"href":"https:\/\/radiorevelacionfm.cl\/index.php?rest_route=\/wp\/v2\/types\/post"}],"author":[{"embeddable":true,"href":"https:\/\/radiorevelacionfm.cl\/index.php?rest_route=\/wp\/v2\/users\/1"}],"replies":[{"embeddable":true,"href":"https:\/\/radiorevelacionfm.cl\/index.php?rest_route=%2Fwp%2Fv2%2Fcomments&post=2100"}],"version-history":[{"count":1,"href":"https:\/\/radiorevelacionfm.cl\/index.php?rest_route=\/wp\/v2\/posts\/2100\/revisions"}],"predecessor-version":[{"id":2102,"href":"https:\/\/radiorevelacionfm.cl\/index.php?rest_route=\/wp\/v2\/posts\/2100\/revisions\/2102"}],"wp:attachment":[{"href":"https:\/\/radiorevelacionfm.cl\/index.php?rest_route=%2Fwp%2Fv2%2Fmedia&parent=2100"}],"wp:term":[{"taxonomy":"category","embeddable":true,"href":"https:\/\/radiorevelacionfm.cl\/index.php?rest_route=%2Fwp%2Fv2%2Fcategories&post=2100"},{"taxonomy":"post_tag","embeddable":true,"href":"https:\/\/radiorevelacionfm.cl\/index.php?rest_route=%2Fwp%2Fv2%2Ftags&post=2100"}],"curies":[{"name":"wp","href":"https:\/\/api.w.org\/{rel}","templated":true}]}}