{"id":20997,"date":"2022-08-24T22:26:31","date_gmt":"2022-08-25T01:26:31","guid":{"rendered":"https:\/\/radiorevelacionfm.cl\/?p=20997"},"modified":"2022-08-24T23:12:16","modified_gmt":"2022-08-25T02:12:16","slug":"formalizan-por-el-delito-de-abuso-sexual-a-funcionario-de-la-pdi","status":"publish","type":"post","link":"https:\/\/radiorevelacionfm.cl\/?p=20997","title":{"rendered":"Formalizan por el delito de abuso sexual a funcionario de la PDI"},"content":{"rendered":"<div class=\"flex_column av_one_full  flex_column_div av-zero-column-padding first  avia-builder-el-0  el_before_av_one_full  avia-builder-el-first  \" style='border-radius:0px; '><div  class='avia-image-container  av-styling-    avia-builder-el-1  avia-builder-el-no-sibling  avia-align-center '  itemprop=\"image\" itemscope=\"itemscope\" itemtype=\"https:\/\/schema.org\/ImageObject\"  ><div class='avia-image-container-inner'><div class='avia-image-overlay-wrap'><img decoding=\"async\" class='wp-image-3217 avia-img-lazy-loading-not-3217 avia_image' src=\"https:\/\/radiorevelacionfm.cl\/wp-content\/uploads\/2021\/04\/FISCALIA1.jpg\" alt='' title='FISCALIA1' height=\"667\" width=\"1000\"  itemprop=\"thumbnailUrl\" srcset=\"https:\/\/radiorevelacionfm.cl\/wp-content\/uploads\/2021\/04\/FISCALIA1.jpg 1000w, https:\/\/radiorevelacionfm.cl\/wp-content\/uploads\/2021\/04\/FISCALIA1-300x200.jpg 300w, https:\/\/radiorevelacionfm.cl\/wp-content\/uploads\/2021\/04\/FISCALIA1-768x512.jpg 768w, https:\/\/radiorevelacionfm.cl\/wp-content\/uploads\/2021\/04\/FISCALIA1-705x470.jpg 705w, https:\/\/radiorevelacionfm.cl\/wp-content\/uploads\/2021\/04\/FISCALIA1-600x400.jpg 600w\" sizes=\"(max-width: 1000px) 100vw, 1000px\" \/><\/div><\/div><\/div><\/div>\n<div class=\"flex_column av_one_full  flex_column_div av-zero-column-padding first  avia-builder-el-2  el_after_av_one_full  el_before_av_one_full  column-top-margin\" style='border-radius:0px; '><section class=\"av_textblock_section \"  itemscope=\"itemscope\" itemtype=\"https:\/\/schema.org\/BlogPosting\" itemprop=\"blogPost\" ><div class='avia_textblock  '   itemprop=\"text\" ><p style=\"text-align: center;\"><strong><span style=\"font-size: 18pt;\">Formalizan por el delito de abuso sexual a funcionario de la PDI<\/span><\/strong><\/p>\n<div id=\"gtx-trans\" style=\"position: absolute; left: -50px; top: 4.31534px;\">\n<div class=\"gtx-trans-icon\"><\/div>\n<\/div>\n<\/div><\/section><\/div>\n<div class=\"flex_column av_one_full  flex_column_div av-zero-column-padding first  avia-builder-el-4  el_after_av_one_full  el_before_av_hr  column-top-margin\" style='border-radius:0px; '><section class=\"av_textblock_section \"  itemscope=\"itemscope\" itemtype=\"https:\/\/schema.org\/BlogPosting\" itemprop=\"blogPost\" ><div class='avia_textblock  '   itemprop=\"text\" ><p style=\"text-align: justify;\">Este mi\u00e9rcoles -24 de agosto- en Chile Chico, fue formalizado un funcionario de la Polic\u00eda de Investigaciones (PDI) por el delito de abuso sexual, hechos que habr\u00edan ocurrido en distintas fechas de junio y agosto del a\u00f1o 2020 y que habr\u00edan afectado a 2 v\u00edctimas de la misma instituci\u00f3n.<\/p>\n<p style=\"text-align: justify;\">La denuncia fue interpuesta por el propio organismo, el funcionario actualmente se encuentra suspendido de sus funciones, existiendo un sumario administrativo en su contra.<\/p>\n<p style=\"text-align: justify;\">La Fiscal\u00eda por su parte emiti\u00f3 un comunicado que se\u00f1ala \u201cla Fiscal\u00eda Local de Coyhaique, a trav\u00e9s del fiscal Luis Contreras, formaliz\u00f3 una investigaci\u00f3n por el delito de abuso sexual reiterado en contra de un funcionario de la PDI, actualmente suspendido de sus funciones, por hechos ocurridos en distintas fechas de junio y agosto del a\u00f1o 2020 y que habr\u00edan afectado a 2 v\u00edctimas\u201d.<\/p>\n<p style=\"text-align: justify;\">Por otra parte la Fiscal\u00eda solicit\u00f3 la medida cautelar de prisi\u00f3n preventiva. El Juzgado de Garant\u00eda de Chile Chico, a trav\u00e9s del magistrado Guillermo Fr\u00eane, resolvi\u00f3 aplicar prohibici\u00f3n de salir del pa\u00eds y prohibici\u00f3n de acercarse a las v\u00edctimas, y fij\u00f3 un plazo de investigaci\u00f3n de 90 d\u00edas.<\/p>\n<p style=\"text-align: justify;\">En este caso, el Tribunal prohibi\u00f3 dar a conocer el nombre del imputado.<\/p>\n<p style=\"text-align: justify;\">Finalmente desde la Fiscal\u00eda reafirmaron su compromiso de investigar a fondo este tipo de conductas, pues ninguna persona est\u00e1 por sobre la ley, tal como ya se ha realizado en otras investigaciones relevantes que involucran a diversos funcionarios p\u00fablicos de la Regi\u00f3n de Ays\u00e9n.<\/p>\n<p style=\"text-align: justify;\"><strong>Desde la PDI<\/strong><\/p>\n<p style=\"text-align: justify;\">La instituci\u00f3n emiti\u00f3 una declaraci\u00f3n p\u00fablica que detalla, \u201cque los hechos fueron denunciados por la propia instituci\u00f3n ante el Ministerio P\u00fablico, y que se instruy\u00f3 un sumario administrativo y la suspensi\u00f3n inmediata de funciones\u201d. Aseguran adem\u00e1s que, \u201cante los hechos se activ\u00f3 el protocolo correspondiente otorg\u00e1ndole a las afectadas el apoyo, soporte y protecci\u00f3n en calidad de v\u00edctimas\u201d.<\/p>\n<p style=\"text-align: justify;\">El sumario solicita la medida disciplinaria de separaci\u00f3n de la instituci\u00f3n del funcionario, \u201ca la fecha, el sumario administrativo, a trav\u00e9s del cual se solicita la medida disciplinaria de separaci\u00f3n de la instituci\u00f3n, se encuentra en la etapa terminal, estando a la espera de la resoluci\u00f3n administrativa a nivel institucional, mientras contin\u00faa el proceso penal\u201d, se\u00f1alaron.<\/p>\n<p style=\"text-align: justify;\">Desde la PDI enfatizaron que, \u201cla Polic\u00eda de Investigaciones de Chile no ampara conductas que se contrapongan a la \u00e9tica, valores y probidad administrativa, reiterando a la opini\u00f3n p\u00fablica su m\u00e1s irrestricto compromiso y apego al Estado de Derecho vigente\u201d.<\/p>\n<\/div><\/section><\/div><div  style='height:50px' class='hr hr-invisible   avia-builder-el-6  el_after_av_one_full  el_before_av_social_share '><span class='hr-inner ' ><span class='hr-inner-style'><\/span><\/span><\/div><\/p>\n<div  class='av-social-sharing-box  avia-builder-el-7  el_after_av_hr  el_before_av_hr  '><div class='av-share-box'><h5 class='av-share-link-description av-no-toc '>Compartir esta noticia<\/h5><ul class='av-share-box-list noLightbox'><li class='av-share-link av-social-link-facebook' ><a target=\"_blank\" aria-label=\"Compartir en Facebook\" href='https:\/\/www.facebook.com\/sharer.php?u=https:\/\/radiorevelacionfm.cl\/?p=20997&#038;t=Formalizan%20por%20el%20delito%20de%20abuso%20sexual%20a%20funcionario%20de%20la%20PDI' aria-hidden='false' data-av_icon='\ue8f3' data-av_iconfont='entypo-fontello' title='' data-avia-related-tooltip='Compartir en Facebook' rel=\"noopener\"><span class='avia_hidden_link_text'>Compartir en Facebook<\/span><\/a><\/li><li class='av-share-link av-social-link-twitter' ><a target=\"_blank\" aria-label=\"Compartir en Twitter\" href='https:\/\/twitter.com\/share?text=Formalizan%20por%20el%20delito%20de%20abuso%20sexual%20a%20funcionario%20de%20la%20PDI&#038;url=https:\/\/radiorevelacionfm.cl\/?p=20997' aria-hidden='false' data-av_icon='\ue8f1' data-av_iconfont='entypo-fontello' title='' data-avia-related-tooltip='Compartir en Twitter' rel=\"noopener\"><span class='avia_hidden_link_text'>Compartir en Twitter<\/span><\/a><\/li><li class='av-share-link av-social-link-whatsapp' ><a target=\"_blank\" aria-label=\"Compartir en Whatsapp\" href='https:\/\/api.whatsapp.com\/send?text=https:\/\/radiorevelacionfm.cl\/?p=20997' aria-hidden='false' data-av_icon='\uf232' data-av_iconfont='entypo-fontello' title='' data-avia-related-tooltip='Compartir en Whatsapp' rel=\"noopener\"><span class='avia_hidden_link_text'>Compartir en Whatsapp<\/span><\/a><\/li><li class='av-share-link av-social-link-linkedin' ><a target=\"_blank\" aria-label=\"Compartir en LinkedIn\" href='https:\/\/linkedin.com\/shareArticle?mini=true&#038;title=Formalizan%20por%20el%20delito%20de%20abuso%20sexual%20a%20funcionario%20de%20la%20PDI&#038;url=https:\/\/radiorevelacionfm.cl\/?p=20997' aria-hidden='false' data-av_icon='\ue8fc' data-av_iconfont='entypo-fontello' title='' data-avia-related-tooltip='Compartir en LinkedIn' rel=\"noopener\"><span class='avia_hidden_link_text'>Compartir en LinkedIn<\/span><\/a><\/li><li class='av-share-link av-social-link-mail' ><a  aria-label=\"Compartir por correo\" href='mailto:?subject=Formalizan%20por%20el%20delito%20de%20abuso%20sexual%20a%20funcionario%20de%20la%20PDI&#038;body=https:\/\/radiorevelacionfm.cl\/?p=20997' aria-hidden='false' data-av_icon='\ue805' data-av_iconfont='entypo-fontello' title='' data-avia-related-tooltip='Compartir por correo'><span class='avia_hidden_link_text'>Compartir por correo<\/span><\/a><\/li><\/ul><\/div><\/div>\n<div  style='height:50px' class='hr hr-invisible   avia-builder-el-8  el_after_av_social_share  el_before_av_comments_list '><span class='hr-inner ' ><span class='hr-inner-style'><\/span><\/span><\/div>\n<div  class='av-buildercomment  av-blog-meta-html-info-disabled av-blog-meta-tag-disabled  '><\/div>\n","protected":false},"excerpt":{"rendered":"","protected":false},"author":1,"featured_media":3217,"comment_status":"open","ping_status":"open","sticky":false,"template":"","format":"standard","meta":{"footnotes":""},"categories":[55],"tags":[],"class_list":["post-20997","post","type-post","status-publish","format-standard","has-post-thumbnail","hentry","category-justicia"],"jetpack_featured_media_url":"https:\/\/radiorevelacionfm.cl\/wp-content\/uploads\/2021\/04\/FISCALIA1.jpg","_links":{"self":[{"href":"https:\/\/radiorevelacionfm.cl\/index.php?rest_route=\/wp\/v2\/posts\/20997","targetHints":{"allow":["GET"]}}],"collection":[{"href":"https:\/\/radiorevelacionfm.cl\/index.php?rest_route=\/wp\/v2\/posts"}],"about":[{"href":"https:\/\/radiorevelacionfm.cl\/index.php?rest_route=\/wp\/v2\/types\/post"}],"author":[{"embeddable":true,"href":"https:\/\/radiorevelacionfm.cl\/index.php?rest_route=\/wp\/v2\/users\/1"}],"replies":[{"embeddable":true,"href":"https:\/\/radiorevelacionfm.cl\/index.php?rest_route=%2Fwp%2Fv2%2Fcomments&post=20997"}],"version-history":[{"count":3,"href":"https:\/\/radiorevelacionfm.cl\/index.php?rest_route=\/wp\/v2\/posts\/20997\/revisions"}],"predecessor-version":[{"id":21000,"href":"https:\/\/radiorevelacionfm.cl\/index.php?rest_route=\/wp\/v2\/posts\/20997\/revisions\/21000"}],"wp:featuredmedia":[{"embeddable":true,"href":"https:\/\/radiorevelacionfm.cl\/index.php?rest_route=\/wp\/v2\/media\/3217"}],"wp:attachment":[{"href":"https:\/\/radiorevelacionfm.cl\/index.php?rest_route=%2Fwp%2Fv2%2Fmedia&parent=20997"}],"wp:term":[{"taxonomy":"category","embeddable":true,"href":"https:\/\/radiorevelacionfm.cl\/index.php?rest_route=%2Fwp%2Fv2%2Fcategories&post=20997"},{"taxonomy":"post_tag","embeddable":true,"href":"https:\/\/radiorevelacionfm.cl\/index.php?rest_route=%2Fwp%2Fv2%2Ftags&post=20997"}],"curies":[{"name":"wp","href":"https:\/\/api.w.org\/{rel}","templated":true}]}}