{"id":20989,"date":"2022-08-27T10:40:18","date_gmt":"2022-08-27T13:40:18","guid":{"rendered":"https:\/\/radiorevelacionfm.cl\/?p=20989"},"modified":"2022-08-27T10:40:18","modified_gmt":"2022-08-27T13:40:18","slug":"senador-sandoval-valora-el-trabajo-que-esta-desarrollando-el-cft-estatal-de-la-region-aysen","status":"publish","type":"post","link":"https:\/\/radiorevelacionfm.cl\/?p=20989","title":{"rendered":"Senador Sandoval valora el trabajo que est\u00e1 desarrollando el CFT estatal de la regi\u00f3n Ays\u00e9n"},"content":{"rendered":"<div class=\"flex_column av_one_full  flex_column_div av-zero-column-padding first  avia-builder-el-0  el_before_av_one_full  avia-builder-el-first  \" style='border-radius:0px; '><div  class='avia-image-container  av-styling-    avia-builder-el-1  avia-builder-el-no-sibling  avia-align-center '  itemprop=\"image\" itemscope=\"itemscope\" itemtype=\"https:\/\/schema.org\/ImageObject\"  ><div class='avia-image-container-inner'><div class='avia-image-overlay-wrap'><img decoding=\"async\" class='wp-image-20990 avia-img-lazy-loading-not-20990 avia_image' src=\"https:\/\/radiorevelacionfm.cl\/wp-content\/uploads\/2022\/08\/20220823_124820-1-1.jpg\" alt='' title='20220823_124820 (1) (1)' height=\"600\" width=\"800\"  itemprop=\"thumbnailUrl\" srcset=\"https:\/\/radiorevelacionfm.cl\/wp-content\/uploads\/2022\/08\/20220823_124820-1-1.jpg 800w, https:\/\/radiorevelacionfm.cl\/wp-content\/uploads\/2022\/08\/20220823_124820-1-1-300x225.jpg 300w, https:\/\/radiorevelacionfm.cl\/wp-content\/uploads\/2022\/08\/20220823_124820-1-1-768x576.jpg 768w, https:\/\/radiorevelacionfm.cl\/wp-content\/uploads\/2022\/08\/20220823_124820-1-1-705x529.jpg 705w, https:\/\/radiorevelacionfm.cl\/wp-content\/uploads\/2022\/08\/20220823_124820-1-1-600x450.jpg 600w\" sizes=\"(max-width: 800px) 100vw, 800px\" \/><\/div><\/div><\/div><\/div><div class=\"flex_column av_one_full  flex_column_div av-zero-column-padding first  avia-builder-el-2  el_after_av_one_full  el_before_av_one_full  column-top-margin\" style='border-radius:0px; '><section class=\"av_textblock_section \"  itemscope=\"itemscope\" itemtype=\"https:\/\/schema.org\/BlogPosting\" itemprop=\"blogPost\" ><div class='avia_textblock  '   itemprop=\"text\" ><p style=\"text-align: center;\"><strong><span style=\"font-size: 18pt;\">Senador Sandoval valora el trabajo que est\u00e1 desarrollando el CFT estatal de la regi\u00f3n Ays\u00e9n<\/span><\/strong><\/p>\n<div id=\"gtx-trans\" style=\"position: absolute; left: -50px; top: 4.31534px;\">\n<div class=\"gtx-trans-icon\"><\/div>\n<\/div>\n<\/div><\/section><\/div><div class=\"flex_column av_one_full  flex_column_div av-zero-column-padding first  avia-builder-el-4  el_after_av_one_full  el_before_av_hr  column-top-margin\" style='border-radius:0px; '><section class=\"av_textblock_section \"  itemscope=\"itemscope\" itemtype=\"https:\/\/schema.org\/BlogPosting\" itemprop=\"blogPost\" ><div class='avia_textblock  '   itemprop=\"text\" ><p style=\"text-align: justify;\">Durante la ma\u00f1ana del pasado martes 23 de agosto, el Senador de la Rep\u00fablica Sr. David Sandoval visit\u00f3 las oficinas administrativas del Centro de Formaci\u00f3n T\u00e9cnica Estatal de la Regi\u00f3n de Ays\u00e9n, oportunidad en la que junto a su equipo de trabajo conversaron con el Rector de la casa de estudios Sr. V\u00edctor Hugo \u00c1lvarez y su equipo directivo.<\/p>\n<p style=\"text-align: justify;\">Luego de una presentaci\u00f3n del Rector, en donde expuso el proceso de instalaci\u00f3n del CFT y la oferta acad\u00e9mica actual y del nuevo proceso 2023, el Senador David Sandoval se mostr\u00f3 muy entusiasta con la labor que se est\u00e1 desarrollando, se\u00f1alando: \u201cun tremendo proyecto emblem\u00e1tico para nuestra regi\u00f3n. Es un proyecto que tiene gran potencial de desarrollo. Hemos conocido el esfuerzo, el trabajo que han realizado en tan poco tiempo. Sin duda creo que para la regi\u00f3n, para la provincia y para la comuna este CFT constituye un aporte significativo en un \u00e1mbito en el que la regi\u00f3n tiene un tremendo d\u00e9ficit, que es la formaci\u00f3n de capital humano y aqu\u00ed donde est\u00e1n instalado, es una decisi\u00f3n estrat\u00e9gica que en su minuto me pareci\u00f3 absolutamente relevante y estar instalado donde est\u00e1 la fuente fundamental de riqueza y de desarrollo que tiene nuestra regi\u00f3n\u201d.<\/p>\n<p style=\"text-align: justify;\">Por su parte, el Rector del CFT Estatal de la Regi\u00f3n de Ays\u00e9n, Sr. V\u00edctor Hugo \u00c1lvarez se\u00f1alaba \u201cestamos muy contentos, obviamente cumpliendo nuestros objetivos y as\u00ed se reforz\u00f3 en la reuni\u00f3n. Nos fuimos muy entusiasmados porque el senador nos reforz\u00f3 la mirada hacia el litoral, la mirada productiva de la zona, sobre todo la de Puerto Ays\u00e9n\u201d.<\/p>\n<\/div><\/section><\/div><div  style='height:50px' class='hr hr-invisible   avia-builder-el-6  el_after_av_one_full  el_before_av_social_share '><span class='hr-inner ' ><span class='hr-inner-style'><\/span><\/span><\/div><\/p>\n<div  class='av-social-sharing-box  avia-builder-el-7  el_after_av_hr  el_before_av_hr  '><div class='av-share-box'><h5 class='av-share-link-description av-no-toc '>Compartir esta noticia<\/h5><ul class='av-share-box-list noLightbox'><li class='av-share-link av-social-link-facebook' ><a target=\"_blank\" aria-label=\"Compartir en Facebook\" href='https:\/\/www.facebook.com\/sharer.php?u=https:\/\/radiorevelacionfm.cl\/?p=20989&#038;t=Senador%20Sandoval%20valora%20el%20trabajo%20que%20est%C3%A1%20desarrollando%20el%20CFT%20estatal%20de%20la%20regi%C3%B3n%20Ays%C3%A9n' aria-hidden='false' data-av_icon='\ue8f3' data-av_iconfont='entypo-fontello' title='' data-avia-related-tooltip='Compartir en Facebook' rel=\"noopener\"><span class='avia_hidden_link_text'>Compartir en Facebook<\/span><\/a><\/li><li class='av-share-link av-social-link-twitter' ><a target=\"_blank\" aria-label=\"Compartir en Twitter\" href='https:\/\/twitter.com\/share?text=Senador%20Sandoval%20valora%20el%20trabajo%20que%20est%C3%A1%20desarrollando%20el%20CFT%20estatal%20de%20la%20regi%C3%B3n%20Ays%C3%A9n&#038;url=https:\/\/radiorevelacionfm.cl\/?p=20989' aria-hidden='false' data-av_icon='\ue8f1' data-av_iconfont='entypo-fontello' title='' data-avia-related-tooltip='Compartir en Twitter' rel=\"noopener\"><span class='avia_hidden_link_text'>Compartir en Twitter<\/span><\/a><\/li><li class='av-share-link av-social-link-whatsapp' ><a target=\"_blank\" aria-label=\"Compartir en Whatsapp\" href='https:\/\/api.whatsapp.com\/send?text=https:\/\/radiorevelacionfm.cl\/?p=20989' aria-hidden='false' data-av_icon='\uf232' data-av_iconfont='entypo-fontello' title='' data-avia-related-tooltip='Compartir en Whatsapp' rel=\"noopener\"><span class='avia_hidden_link_text'>Compartir en Whatsapp<\/span><\/a><\/li><li class='av-share-link av-social-link-linkedin' ><a target=\"_blank\" aria-label=\"Compartir en LinkedIn\" href='https:\/\/linkedin.com\/shareArticle?mini=true&#038;title=Senador%20Sandoval%20valora%20el%20trabajo%20que%20est%C3%A1%20desarrollando%20el%20CFT%20estatal%20de%20la%20regi%C3%B3n%20Ays%C3%A9n&#038;url=https:\/\/radiorevelacionfm.cl\/?p=20989' aria-hidden='false' data-av_icon='\ue8fc' data-av_iconfont='entypo-fontello' title='' data-avia-related-tooltip='Compartir en LinkedIn' rel=\"noopener\"><span class='avia_hidden_link_text'>Compartir en LinkedIn<\/span><\/a><\/li><li class='av-share-link av-social-link-mail' ><a  aria-label=\"Compartir por correo\" href='mailto:?subject=Senador%20Sandoval%20valora%20el%20trabajo%20que%20est%C3%A1%20desarrollando%20el%20CFT%20estatal%20de%20la%20regi%C3%B3n%20Ays%C3%A9n&#038;body=https:\/\/radiorevelacionfm.cl\/?p=20989' aria-hidden='false' data-av_icon='\ue805' data-av_iconfont='entypo-fontello' title='' data-avia-related-tooltip='Compartir por correo'><span class='avia_hidden_link_text'>Compartir por correo<\/span><\/a><\/li><\/ul><\/div><\/div>\n<div  style='height:50px' class='hr hr-invisible   avia-builder-el-8  el_after_av_social_share  el_before_av_comments_list '><span class='hr-inner ' ><span class='hr-inner-style'><\/span><\/span><\/div>\n<div  class='av-buildercomment  av-blog-meta-html-info-disabled av-blog-meta-tag-disabled  '><\/div>\n","protected":false},"excerpt":{"rendered":"","protected":false},"author":1,"featured_media":20990,"comment_status":"open","ping_status":"open","sticky":false,"template":"","format":"standard","meta":{"footnotes":""},"categories":[49],"tags":[],"class_list":["post-20989","post","type-post","status-publish","format-standard","has-post-thumbnail","hentry","category-educacion"],"jetpack_featured_media_url":"https:\/\/radiorevelacionfm.cl\/wp-content\/uploads\/2022\/08\/20220823_124820-1-1.jpg","_links":{"self":[{"href":"https:\/\/radiorevelacionfm.cl\/index.php?rest_route=\/wp\/v2\/posts\/20989","targetHints":{"allow":["GET"]}}],"collection":[{"href":"https:\/\/radiorevelacionfm.cl\/index.php?rest_route=\/wp\/v2\/posts"}],"about":[{"href":"https:\/\/radiorevelacionfm.cl\/index.php?rest_route=\/wp\/v2\/types\/post"}],"author":[{"embeddable":true,"href":"https:\/\/radiorevelacionfm.cl\/index.php?rest_route=\/wp\/v2\/users\/1"}],"replies":[{"embeddable":true,"href":"https:\/\/radiorevelacionfm.cl\/index.php?rest_route=%2Fwp%2Fv2%2Fcomments&post=20989"}],"version-history":[{"count":2,"href":"https:\/\/radiorevelacionfm.cl\/index.php?rest_route=\/wp\/v2\/posts\/20989\/revisions"}],"predecessor-version":[{"id":21105,"href":"https:\/\/radiorevelacionfm.cl\/index.php?rest_route=\/wp\/v2\/posts\/20989\/revisions\/21105"}],"wp:featuredmedia":[{"embeddable":true,"href":"https:\/\/radiorevelacionfm.cl\/index.php?rest_route=\/wp\/v2\/media\/20990"}],"wp:attachment":[{"href":"https:\/\/radiorevelacionfm.cl\/index.php?rest_route=%2Fwp%2Fv2%2Fmedia&parent=20989"}],"wp:term":[{"taxonomy":"category","embeddable":true,"href":"https:\/\/radiorevelacionfm.cl\/index.php?rest_route=%2Fwp%2Fv2%2Fcategories&post=20989"},{"taxonomy":"post_tag","embeddable":true,"href":"https:\/\/radiorevelacionfm.cl\/index.php?rest_route=%2Fwp%2Fv2%2Ftags&post=20989"}],"curies":[{"name":"wp","href":"https:\/\/api.w.org\/{rel}","templated":true}]}}