{"id":20983,"date":"2022-08-27T11:40:14","date_gmt":"2022-08-27T14:40:14","guid":{"rendered":"https:\/\/radiorevelacionfm.cl\/?p=20983"},"modified":"2022-08-27T11:40:14","modified_gmt":"2022-08-27T14:40:14","slug":"recuento-nacional-pese-a-la-violencia-delitos-graves-se-mantienen-bajo-los-niveles-pre-pandemia","status":"publish","type":"post","link":"https:\/\/radiorevelacionfm.cl\/?p=20983","title":{"rendered":"Recuento nacional: Pese a la violencia, delitos graves se mantienen bajo los niveles pre-pandemia"},"content":{"rendered":"<div class=\"flex_column av_one_full  flex_column_div av-zero-column-padding first  avia-builder-el-0  el_before_av_one_full  avia-builder-el-first  \" style='border-radius:0px; '><div  class='avia-image-container  av-styling-    avia-builder-el-1  avia-builder-el-no-sibling  avia-align-center '  itemprop=\"image\" itemscope=\"itemscope\" itemtype=\"https:\/\/schema.org\/ImageObject\"  ><div class='avia-image-container-inner'><div class='avia-image-overlay-wrap'><img decoding=\"async\" class='wp-image-20984 avia-img-lazy-loading-not-20984 avia_image' src=\"https:\/\/radiorevelacionfm.cl\/wp-content\/uploads\/2022\/08\/Detencion-foto-carabineros-1-1.jpg\" alt='' title='Detencion -foto-carabineros (1) (1)' height=\"600\" width=\"900\"  itemprop=\"thumbnailUrl\" srcset=\"https:\/\/radiorevelacionfm.cl\/wp-content\/uploads\/2022\/08\/Detencion-foto-carabineros-1-1.jpg 900w, https:\/\/radiorevelacionfm.cl\/wp-content\/uploads\/2022\/08\/Detencion-foto-carabineros-1-1-300x200.jpg 300w, https:\/\/radiorevelacionfm.cl\/wp-content\/uploads\/2022\/08\/Detencion-foto-carabineros-1-1-768x512.jpg 768w, https:\/\/radiorevelacionfm.cl\/wp-content\/uploads\/2022\/08\/Detencion-foto-carabineros-1-1-705x470.jpg 705w, https:\/\/radiorevelacionfm.cl\/wp-content\/uploads\/2022\/08\/Detencion-foto-carabineros-1-1-600x400.jpg 600w\" sizes=\"(max-width: 900px) 100vw, 900px\" \/><\/div><\/div><\/div><\/div><div class=\"flex_column av_one_full  flex_column_div av-zero-column-padding first  avia-builder-el-2  el_after_av_one_full  el_before_av_one_full  column-top-margin\" style='border-radius:0px; '><section class=\"av_textblock_section \"  itemscope=\"itemscope\" itemtype=\"https:\/\/schema.org\/BlogPosting\" itemprop=\"blogPost\" ><div class='avia_textblock  '   itemprop=\"text\" ><p style=\"text-align: center;\"><strong><span style=\"font-size: 18pt;\">Recuento nacional: Pese a la violencia, delitos graves se mantienen bajo los niveles pre-pandemia<\/span><\/strong><\/p>\n<div id=\"gtx-trans\" style=\"position: absolute; left: -50px; top: 4.31534px;\">\n<div class=\"gtx-trans-icon\"><\/div>\n<\/div>\n<\/div><\/section><\/div><div class=\"flex_column av_one_full  flex_column_div av-zero-column-padding first  avia-builder-el-4  el_after_av_one_full  el_before_av_hr  column-top-margin\" style='border-radius:0px; '><section class=\"av_textblock_section \"  itemscope=\"itemscope\" itemtype=\"https:\/\/schema.org\/BlogPosting\" itemprop=\"blogPost\" ><div class='avia_textblock  '   itemprop=\"text\" ><p style=\"text-align: justify;\">Durante el presente a\u00f1o, se registran en promedio casi 56.000 casos menos por Delitos de Mayor Connotaci\u00f3n Social respecto de 2017, 2018 y 2019. Por su parte, los robos violentos registran en promedio casi 3.800 casos menos a nivel nacional.<\/p>\n<p class=\"v1MsoNormal\" style=\"text-align: justify;\">Participaci\u00f3n de extranjeros en robos violentos aument\u00f3, y se ubica en 15,2%. La mayor\u00eda son de origen venezolano y colombiano.<\/p>\n<p class=\"v1MsoNormal\" style=\"text-align: justify;\">Los delitos m\u00e1s graves, a nivel nacional, contin\u00faan bajo los niveles de la pre-pandemia. As\u00ed lo indica un informe del Departamento de An\u00e1lisis Criminal de Carabineros difundido durante el tradicional balance de la labor de la polic\u00eda uniformada.<\/p>\n<p class=\"v1MsoNormal\" style=\"text-align: justify;\">\u00abNo se trata de bajarle el perfil a los hechos. Estos an\u00e1lisis forman parte de nuestro constante monitoreo y, en este ejercicio de transparencia que tenemos todas las semanas de cara a la comunidad, entregamos a la opini\u00f3n p\u00fablica estos resultados. Las cifras no mienten. Pero tampoco la gente. Como sociedad y como instituci\u00f3n, nos debe seguir preocupando el nivel de violencia, que tanto temor causa en nuestra ciudadan\u00eda. Este fen\u00f3meno va m\u00e1s all\u00e1 de los hechos policiales. Y por nuestra parte, seguiremos trabajando incansablemente para hacer de Chile un pa\u00eds m\u00e1s seguro\u00bb, afirm\u00f3 el Director Nacional de Orden y Seguridad, General Inspector Marcelo Araya Zapata.<\/p>\n<p class=\"v1MsoNormal\" style=\"text-align: justify;\">Seg\u00fan el estudio, que aborda la evoluci\u00f3n del periodo enero-agosto de los a\u00f1os 2017 a 2022, los Delitos de Mayor Connotaci\u00f3n Social (DMCS), a nivel nacional, registraron una importante baja durante la contingencia Covid (2020-2021), sin embargo este a\u00f1o presentan, en promedio, cerca de 56.000 casos menos respecto de 2017, 2018 y 2019. Mientras que los robos violentos arrojan en promedio casi 3.800 casos menos a nivel nacional. Si en 2019 los DMCS eran 338.728 en el periodo enero-agosto, este a\u00f1o son 278.294. En tanto, los robos violentos pasaron de 68.014 a 61.554.<\/p>\n<p class=\"v1MsoNormal\" style=\"text-align: justify;\">Acerca del robo violento de veh\u00edculo en la Regi\u00f3n Metropolitana, si bien este a\u00f1o ha experimentado un 112% m\u00e1s que en 2021, la tendencia al alza que mostr\u00f3 hasta mayo experiment\u00f3 un evidente quiebre a partir de junio, coincidiendo con la implementaci\u00f3n de los Planes Centauro y Anti Encerronas. Adem\u00e1s, los detenidos por Carabineros por este il\u00edcito crecieron en 111% comparado con el a\u00f1o pasado. Y a pocos d\u00edas de culminar el mes de agosto, se cuantifican 531 eventos, lo cual constituye, a la fecha, la cifra m\u00e1s baja de todo el periodo.<\/p>\n<p class=\"v1MsoNormal\" style=\"text-align: justify;\"><b>Crece participaci\u00f3n de extranjeros<\/b><\/p>\n<p class=\"v1MsoNormal\" style=\"text-align: justify;\">En lo que va de este a\u00f1o, Carabineros ha detenido a 797 detenidos por robos violentos, cifra que representa 150% m\u00e1s que en 2021 y 52% m\u00e1s que en 2020.<\/p>\n<p class=\"v1MsoNormal\" style=\"text-align: justify;\">Tambi\u00e9n ha crecido de manera sostenida el porcentaje de extranjeros entre el total de detenidos por este delito, pasando de 5,4% en 2019 a 8,1% en 2020; a 9,5% en 2021 y a 15.2% en lo que va de este a\u00f1o.<\/p>\n<p class=\"v1MsoNormal\" style=\"text-align: justify;\">De los aprehendidos extranjeros, dos nacionalidades concentran el 72%, pues 47% son de origen venezolano y 25% colombiano. El 96% son varones y el 14% son ni\u00f1os, ni\u00f1as y adolescentes, los que corresponden a 112 detenidos.<\/p>\n<\/div><\/section><\/div><div  style='height:50px' class='hr hr-invisible   avia-builder-el-6  el_after_av_one_full  el_before_av_social_share '><span class='hr-inner ' ><span class='hr-inner-style'><\/span><\/span><\/div><\/p>\n<div  class='av-social-sharing-box  avia-builder-el-7  el_after_av_hr  el_before_av_hr  '><div class='av-share-box'><h5 class='av-share-link-description av-no-toc '>Compartir esta noticia<\/h5><ul class='av-share-box-list noLightbox'><li class='av-share-link av-social-link-facebook' ><a target=\"_blank\" aria-label=\"Compartir en Facebook\" href='https:\/\/www.facebook.com\/sharer.php?u=https:\/\/radiorevelacionfm.cl\/?p=20983&#038;t=Recuento%20nacional%3A%20Pese%20a%20la%20violencia%2C%20delitos%20graves%20se%20mantienen%20bajo%20los%20niveles%20pre-pandemia' aria-hidden='false' data-av_icon='\ue8f3' data-av_iconfont='entypo-fontello' title='' data-avia-related-tooltip='Compartir en Facebook' rel=\"noopener\"><span class='avia_hidden_link_text'>Compartir en Facebook<\/span><\/a><\/li><li class='av-share-link av-social-link-twitter' ><a target=\"_blank\" aria-label=\"Compartir en Twitter\" href='https:\/\/twitter.com\/share?text=Recuento%20nacional%3A%20Pese%20a%20la%20violencia%2C%20delitos%20graves%20se%20mantienen%20bajo%20los%20niveles%20pre-pandemia&#038;url=https:\/\/radiorevelacionfm.cl\/?p=20983' aria-hidden='false' data-av_icon='\ue8f1' data-av_iconfont='entypo-fontello' title='' data-avia-related-tooltip='Compartir en Twitter' rel=\"noopener\"><span class='avia_hidden_link_text'>Compartir en Twitter<\/span><\/a><\/li><li class='av-share-link av-social-link-whatsapp' ><a target=\"_blank\" aria-label=\"Compartir en Whatsapp\" href='https:\/\/api.whatsapp.com\/send?text=https:\/\/radiorevelacionfm.cl\/?p=20983' aria-hidden='false' data-av_icon='\uf232' data-av_iconfont='entypo-fontello' title='' data-avia-related-tooltip='Compartir en Whatsapp' rel=\"noopener\"><span class='avia_hidden_link_text'>Compartir en Whatsapp<\/span><\/a><\/li><li class='av-share-link av-social-link-linkedin' ><a target=\"_blank\" aria-label=\"Compartir en LinkedIn\" href='https:\/\/linkedin.com\/shareArticle?mini=true&#038;title=Recuento%20nacional%3A%20Pese%20a%20la%20violencia%2C%20delitos%20graves%20se%20mantienen%20bajo%20los%20niveles%20pre-pandemia&#038;url=https:\/\/radiorevelacionfm.cl\/?p=20983' aria-hidden='false' data-av_icon='\ue8fc' data-av_iconfont='entypo-fontello' title='' data-avia-related-tooltip='Compartir en LinkedIn' rel=\"noopener\"><span class='avia_hidden_link_text'>Compartir en LinkedIn<\/span><\/a><\/li><li class='av-share-link av-social-link-mail' ><a  aria-label=\"Compartir por correo\" href='mailto:?subject=Recuento%20nacional%3A%20Pese%20a%20la%20violencia%2C%20delitos%20graves%20se%20mantienen%20bajo%20los%20niveles%20pre-pandemia&#038;body=https:\/\/radiorevelacionfm.cl\/?p=20983' aria-hidden='false' data-av_icon='\ue805' data-av_iconfont='entypo-fontello' title='' data-avia-related-tooltip='Compartir por correo'><span class='avia_hidden_link_text'>Compartir por correo<\/span><\/a><\/li><\/ul><\/div><\/div>\n<div  style='height:50px' class='hr hr-invisible   avia-builder-el-8  el_after_av_social_share  el_before_av_comments_list '><span class='hr-inner ' ><span class='hr-inner-style'><\/span><\/span><\/div>\n<div  class='av-buildercomment  av-blog-meta-html-info-disabled av-blog-meta-tag-disabled  '><\/div>\n","protected":false},"excerpt":{"rendered":"","protected":false},"author":1,"featured_media":20984,"comment_status":"open","ping_status":"open","sticky":false,"template":"","format":"standard","meta":{"footnotes":""},"categories":[36],"tags":[],"class_list":["post-20983","post","type-post","status-publish","format-standard","has-post-thumbnail","hentry","category-policial"],"jetpack_featured_media_url":"https:\/\/radiorevelacionfm.cl\/wp-content\/uploads\/2022\/08\/Detencion-foto-carabineros-1-1.jpg","_links":{"self":[{"href":"https:\/\/radiorevelacionfm.cl\/index.php?rest_route=\/wp\/v2\/posts\/20983","targetHints":{"allow":["GET"]}}],"collection":[{"href":"https:\/\/radiorevelacionfm.cl\/index.php?rest_route=\/wp\/v2\/posts"}],"about":[{"href":"https:\/\/radiorevelacionfm.cl\/index.php?rest_route=\/wp\/v2\/types\/post"}],"author":[{"embeddable":true,"href":"https:\/\/radiorevelacionfm.cl\/index.php?rest_route=\/wp\/v2\/users\/1"}],"replies":[{"embeddable":true,"href":"https:\/\/radiorevelacionfm.cl\/index.php?rest_route=%2Fwp%2Fv2%2Fcomments&post=20983"}],"version-history":[{"count":2,"href":"https:\/\/radiorevelacionfm.cl\/index.php?rest_route=\/wp\/v2\/posts\/20983\/revisions"}],"predecessor-version":[{"id":21110,"href":"https:\/\/radiorevelacionfm.cl\/index.php?rest_route=\/wp\/v2\/posts\/20983\/revisions\/21110"}],"wp:featuredmedia":[{"embeddable":true,"href":"https:\/\/radiorevelacionfm.cl\/index.php?rest_route=\/wp\/v2\/media\/20984"}],"wp:attachment":[{"href":"https:\/\/radiorevelacionfm.cl\/index.php?rest_route=%2Fwp%2Fv2%2Fmedia&parent=20983"}],"wp:term":[{"taxonomy":"category","embeddable":true,"href":"https:\/\/radiorevelacionfm.cl\/index.php?rest_route=%2Fwp%2Fv2%2Fcategories&post=20983"},{"taxonomy":"post_tag","embeddable":true,"href":"https:\/\/radiorevelacionfm.cl\/index.php?rest_route=%2Fwp%2Fv2%2Ftags&post=20983"}],"curies":[{"name":"wp","href":"https:\/\/api.w.org\/{rel}","templated":true}]}}