{"id":20978,"date":"2022-08-25T11:48:17","date_gmt":"2022-08-25T14:48:17","guid":{"rendered":"https:\/\/radiorevelacionfm.cl\/?p=20978"},"modified":"2022-08-25T11:48:17","modified_gmt":"2022-08-25T14:48:17","slug":"consejo-regional-de-seguridad-publica-valido-su-plan-regional-2022","status":"publish","type":"post","link":"https:\/\/radiorevelacionfm.cl\/?p=20978","title":{"rendered":"Consejo Regional de Seguridad P\u00fablica valid\u00f3 su Plan Regional 2022"},"content":{"rendered":"<div class=\"flex_column av_one_full  flex_column_div av-zero-column-padding first  avia-builder-el-0  el_before_av_one_full  avia-builder-el-first  \" style='border-radius:0px; '><div  class='avia-image-container  av-styling-    avia-builder-el-1  avia-builder-el-no-sibling  avia-align-center '  itemprop=\"image\" itemscope=\"itemscope\" itemtype=\"https:\/\/schema.org\/ImageObject\"  ><div class='avia-image-container-inner'><div class='avia-image-overlay-wrap'><img decoding=\"async\" class='wp-image-20979 avia-img-lazy-loading-not-20979 avia_image' src=\"https:\/\/radiorevelacionfm.cl\/wp-content\/uploads\/2022\/08\/crsp1-1-1.jpg\" alt='' title='crsp1 (1) (1)' height=\"600\" width=\"947\"  itemprop=\"thumbnailUrl\" srcset=\"https:\/\/radiorevelacionfm.cl\/wp-content\/uploads\/2022\/08\/crsp1-1-1.jpg 947w, https:\/\/radiorevelacionfm.cl\/wp-content\/uploads\/2022\/08\/crsp1-1-1-300x190.jpg 300w, https:\/\/radiorevelacionfm.cl\/wp-content\/uploads\/2022\/08\/crsp1-1-1-768x487.jpg 768w, https:\/\/radiorevelacionfm.cl\/wp-content\/uploads\/2022\/08\/crsp1-1-1-705x447.jpg 705w, https:\/\/radiorevelacionfm.cl\/wp-content\/uploads\/2022\/08\/crsp1-1-1-600x380.jpg 600w\" sizes=\"(max-width: 947px) 100vw, 947px\" \/><\/div><\/div><\/div><\/div><div class=\"flex_column av_one_full  flex_column_div av-zero-column-padding first  avia-builder-el-2  el_after_av_one_full  el_before_av_one_full  column-top-margin\" style='border-radius:0px; '><section class=\"av_textblock_section \"  itemscope=\"itemscope\" itemtype=\"https:\/\/schema.org\/BlogPosting\" itemprop=\"blogPost\" ><div class='avia_textblock  '   itemprop=\"text\" ><p style=\"text-align: center;\"><strong><span style=\"font-size: 18pt;\">Consejo Regional de Seguridad P\u00fablica valid\u00f3 su Plan Regional 2022<\/span><\/strong><\/p>\n<div id=\"gtx-trans\" style=\"position: absolute; left: -50px; top: 4.31534px;\">\n<div class=\"gtx-trans-icon\"><\/div>\n<\/div>\n<\/div><\/section><\/div><div class=\"flex_column av_one_full  flex_column_div av-zero-column-padding first  avia-builder-el-4  el_after_av_one_full  el_before_av_hr  column-top-margin\" style='border-radius:0px; '><section class=\"av_textblock_section \"  itemscope=\"itemscope\" itemtype=\"https:\/\/schema.org\/BlogPosting\" itemprop=\"blogPost\" ><div class='avia_textblock  '   itemprop=\"text\" ><p style=\"text-align: justify;\">Con una alta participaci\u00f3n de sus miembros, este mi\u00e9rcoles se desarroll\u00f3 una sesi\u00f3n extraordinaria del Consejo Regional de Seguridad P\u00fablica, cuyo principal objetivo fue validar el Plan Regional de Seguridad P\u00fablica 2022, acordando con las instituciones participantes una serie de tareas y acciones a desarrollar. Dicha instancia fue presidida por el Delegado Presidencial Regional (DPR), Rodrigo Araya Morales, y su Secretario Ejecutivo, el Coordinador Regional de la Subsecretaria de Prevenci\u00f3n de Delito (SPD), Crist\u00f3bal Barcel\u00f3.<\/p>\n<p style=\"text-align: justify;\">\u201cEn esta sesi\u00f3n extraordinaria del Consejo Regional de Seguridad P\u00fablica presentamos el consolidado del plan de trabajo que se inici\u00f3 el mes de junio, donde se establecieron cinco delitos priorizados con sus respectivas actividades, las que fueron propuestas por los mismos miembros del consejo. Ellos se comprometieron a realizar distintas acciones en diversas l\u00edneas, estas son control, prevenci\u00f3n, rehabilitaci\u00f3n y reinserci\u00f3n. Sin lugar a dudas, ha sido un trabajo muy enriquecedor\u201d, sostuvo el DPR, Rodrigo Araya.<\/p>\n<p style=\"text-align: justify;\">Este instrumento de gesti\u00f3n est\u00e1 orientado a la eficaz prevenci\u00f3n y control de delitos, incivilidades y violencias que tienen lugar en la regi\u00f3n de Ays\u00e9n, es por ello que el documento cuenta con una priorizaci\u00f3n de cinco problemas de seguridad regionales: Violencia intrafamiliar y violencia de g\u00e9nero, abigeato, lesiones menos graves, graves o grav\u00edsimas, ebriedad y consumo de alcohol en la v\u00eda p\u00fablica e infracci\u00f3n a la Ley de Drogas.<\/p>\n<p style=\"text-align: justify;\">Crist\u00f3bal Barcel\u00f3, Coordinaci\u00f3n Regional de la SPD, destac\u00f3 que \u201cnos vamos muy satisfechos. Fue una instancia en la que tuvimos una alta participaci\u00f3n de las instituciones, de sus representantes. Ellos vinieron a sumar con sus observaciones, actividades y compromisos, permiti\u00e9ndonos reforzar la matriz del plan regional, lo que en la pr\u00e1ctica se traduce en una mayor intervenci\u00f3n y oferta para la comunidad en el \u00e1mbito de la prevenci\u00f3n y la seguridad, que es lo que todos queremos\u201d.<\/p>\n<p style=\"text-align: justify;\">La presidenta de la C\u00e1mara de Comercio y Turismo de Coyhaique, Daissy Mondelo Duhalde, valor\u00f3 el trabajo conjunto de la instancia. \u201cAgradecer, como C\u00e1mara de Comercio, ser parte de este Consejo Regional de Seguridad. Son prioridades que nos afectan como regi\u00f3n en los diferentes delitos, y \u00e9sta es nuestra segunda reuni\u00f3n de esta mesa y hemos visto bastantes avances y compromiso de las autoridades, encabezada por el se\u00f1or Delegado\u201d, expres\u00f3.<\/p>\n<p style=\"text-align: justify;\">La Seremi del Deporte, Mar\u00eda Eugenia Dur\u00e1n, se\u00f1al\u00f3 por su parte que \u201cel deporte no puede estar al margen de lo que es la prevenci\u00f3n, porque el deporte ya de por s\u00ed es prevenci\u00f3n y tambi\u00e9n reparaci\u00f3n. Es por ello que estamos totalmente disponibles para trabajar e ir generando espacios m\u00e1s seguros. Sin ir m\u00e1s lejos, actualmente estamos en una campa\u00f1a de concientizaci\u00f3n del Decreto 22, que lo que busca es prevenir conductas de acoso sexual, violencia sexual, discriminaci\u00f3n y maltrato en los espacios deportivos\u201d.<\/p>\n<p style=\"text-align: justify;\">Por \u00faltimo, el Seremi de Agricultura, Alan Espinoza, indic\u00f3 que \u201cel tema del abigeato es muy importante, muy relevante, sobre todo para nuestra regi\u00f3n. Este tema fue planteado por los mismos alcaldes, que est\u00e1n en el territorio y tenemos que ver c\u00f3mo desde este Ministerio, podemos contribuir en tratar de -colaborativamente- frenar ese tipo de cosas que pasan en nuestros campos. As\u00ed que estamos muy contentos por la invitaci\u00f3n y queremos seguir trabajando. Adem\u00e1s, vamos a instalar la Mesa del Abigeato a la brevedad posible, ese fue el mandato\u201d.<\/p>\n<p style=\"text-align: justify;\">Destacar que el Consejo Regional de Seguridad P\u00fablica lo compone un n\u00famero importante de servicios p\u00fablicos y polic\u00edas, por lo que el trabajo intersectorial es fundamental para la consecuci\u00f3n de los objetivos del plan. Entre sus miembros destacan las Delegaciones Presidenciales Provinciales, Municipalidades, Carabineros, PDI, Sernameg, Senda, Ministerio P\u00fablico, Gendarmer\u00eda, Seremi del Deporte, Salud, Agricultura, entre otras.<\/p>\n<\/div><\/section><\/div><div  style='height:50px' class='hr hr-invisible   avia-builder-el-6  el_after_av_one_full  el_before_av_social_share '><span class='hr-inner ' ><span class='hr-inner-style'><\/span><\/span><\/div><\/p>\n<div  class='av-social-sharing-box  avia-builder-el-7  el_after_av_hr  el_before_av_hr  '><div class='av-share-box'><h5 class='av-share-link-description av-no-toc '>Compartir esta noticia<\/h5><ul class='av-share-box-list noLightbox'><li class='av-share-link av-social-link-facebook' ><a target=\"_blank\" aria-label=\"Compartir en Facebook\" href='https:\/\/www.facebook.com\/sharer.php?u=https:\/\/radiorevelacionfm.cl\/?p=20978&#038;t=Consejo%20Regional%20de%20Seguridad%20P%C3%BAblica%20valid%C3%B3%20su%20Plan%20Regional%202022' aria-hidden='false' data-av_icon='\ue8f3' data-av_iconfont='entypo-fontello' title='' data-avia-related-tooltip='Compartir en Facebook' rel=\"noopener\"><span class='avia_hidden_link_text'>Compartir en Facebook<\/span><\/a><\/li><li class='av-share-link av-social-link-twitter' ><a target=\"_blank\" aria-label=\"Compartir en Twitter\" href='https:\/\/twitter.com\/share?text=Consejo%20Regional%20de%20Seguridad%20P%C3%BAblica%20valid%C3%B3%20su%20Plan%20Regional%202022&#038;url=https:\/\/radiorevelacionfm.cl\/?p=20978' aria-hidden='false' data-av_icon='\ue8f1' data-av_iconfont='entypo-fontello' title='' data-avia-related-tooltip='Compartir en Twitter' rel=\"noopener\"><span class='avia_hidden_link_text'>Compartir en Twitter<\/span><\/a><\/li><li class='av-share-link av-social-link-whatsapp' ><a target=\"_blank\" aria-label=\"Compartir en Whatsapp\" href='https:\/\/api.whatsapp.com\/send?text=https:\/\/radiorevelacionfm.cl\/?p=20978' aria-hidden='false' data-av_icon='\uf232' data-av_iconfont='entypo-fontello' title='' data-avia-related-tooltip='Compartir en Whatsapp' rel=\"noopener\"><span class='avia_hidden_link_text'>Compartir en Whatsapp<\/span><\/a><\/li><li class='av-share-link av-social-link-linkedin' ><a target=\"_blank\" aria-label=\"Compartir en LinkedIn\" href='https:\/\/linkedin.com\/shareArticle?mini=true&#038;title=Consejo%20Regional%20de%20Seguridad%20P%C3%BAblica%20valid%C3%B3%20su%20Plan%20Regional%202022&#038;url=https:\/\/radiorevelacionfm.cl\/?p=20978' aria-hidden='false' data-av_icon='\ue8fc' data-av_iconfont='entypo-fontello' title='' data-avia-related-tooltip='Compartir en LinkedIn' rel=\"noopener\"><span class='avia_hidden_link_text'>Compartir en LinkedIn<\/span><\/a><\/li><li class='av-share-link av-social-link-mail' ><a  aria-label=\"Compartir por correo\" href='mailto:?subject=Consejo%20Regional%20de%20Seguridad%20P%C3%BAblica%20valid%C3%B3%20su%20Plan%20Regional%202022&#038;body=https:\/\/radiorevelacionfm.cl\/?p=20978' aria-hidden='false' data-av_icon='\ue805' data-av_iconfont='entypo-fontello' title='' data-avia-related-tooltip='Compartir por correo'><span class='avia_hidden_link_text'>Compartir por correo<\/span><\/a><\/li><\/ul><\/div><\/div>\n<div  style='height:50px' class='hr hr-invisible   avia-builder-el-8  el_after_av_social_share  el_before_av_comments_list '><span class='hr-inner ' ><span class='hr-inner-style'><\/span><\/span><\/div>\n<div  class='av-buildercomment  av-blog-meta-html-info-disabled av-blog-meta-tag-disabled  '><\/div>\n","protected":false},"excerpt":{"rendered":"","protected":false},"author":1,"featured_media":20979,"comment_status":"open","ping_status":"open","sticky":false,"template":"","format":"standard","meta":{"footnotes":""},"categories":[38],"tags":[],"class_list":["post-20978","post","type-post","status-publish","format-standard","has-post-thumbnail","hentry","category-regional"],"jetpack_featured_media_url":"https:\/\/radiorevelacionfm.cl\/wp-content\/uploads\/2022\/08\/crsp1-1-1.jpg","_links":{"self":[{"href":"https:\/\/radiorevelacionfm.cl\/index.php?rest_route=\/wp\/v2\/posts\/20978","targetHints":{"allow":["GET"]}}],"collection":[{"href":"https:\/\/radiorevelacionfm.cl\/index.php?rest_route=\/wp\/v2\/posts"}],"about":[{"href":"https:\/\/radiorevelacionfm.cl\/index.php?rest_route=\/wp\/v2\/types\/post"}],"author":[{"embeddable":true,"href":"https:\/\/radiorevelacionfm.cl\/index.php?rest_route=\/wp\/v2\/users\/1"}],"replies":[{"embeddable":true,"href":"https:\/\/radiorevelacionfm.cl\/index.php?rest_route=%2Fwp%2Fv2%2Fcomments&post=20978"}],"version-history":[{"count":2,"href":"https:\/\/radiorevelacionfm.cl\/index.php?rest_route=\/wp\/v2\/posts\/20978\/revisions"}],"predecessor-version":[{"id":21021,"href":"https:\/\/radiorevelacionfm.cl\/index.php?rest_route=\/wp\/v2\/posts\/20978\/revisions\/21021"}],"wp:featuredmedia":[{"embeddable":true,"href":"https:\/\/radiorevelacionfm.cl\/index.php?rest_route=\/wp\/v2\/media\/20979"}],"wp:attachment":[{"href":"https:\/\/radiorevelacionfm.cl\/index.php?rest_route=%2Fwp%2Fv2%2Fmedia&parent=20978"}],"wp:term":[{"taxonomy":"category","embeddable":true,"href":"https:\/\/radiorevelacionfm.cl\/index.php?rest_route=%2Fwp%2Fv2%2Fcategories&post=20978"},{"taxonomy":"post_tag","embeddable":true,"href":"https:\/\/radiorevelacionfm.cl\/index.php?rest_route=%2Fwp%2Fv2%2Ftags&post=20978"}],"curies":[{"name":"wp","href":"https:\/\/api.w.org\/{rel}","templated":true}]}}