{"id":20972,"date":"2022-08-24T18:46:50","date_gmt":"2022-08-24T21:46:50","guid":{"rendered":"https:\/\/radiorevelacionfm.cl\/?p=20972"},"modified":"2022-08-24T18:55:33","modified_gmt":"2022-08-24T21:55:33","slug":"salud-junto-a-la-comunidad-de-islas-huichas-inician-trabajo-para-resolver-principales-necesidades-de-atencion-primaria","status":"publish","type":"post","link":"https:\/\/radiorevelacionfm.cl\/?p=20972","title":{"rendered":"Salud inicia trabajo junto a la comunidad de Islas Huichas para resolver principales necesidades de Atenci\u00f3n Primaria"},"content":{"rendered":"<div class=\"flex_column av_one_full  flex_column_div av-zero-column-padding first  avia-builder-el-0  el_before_av_one_full  avia-builder-el-first  \" style='border-radius:0px; '><div  class='avia-image-container  av-styling-    avia-builder-el-1  avia-builder-el-no-sibling  avia-align-center '  itemprop=\"image\" itemscope=\"itemscope\" itemtype=\"https:\/\/schema.org\/ImageObject\"  ><div class='avia-image-container-inner'><div class='avia-image-overlay-wrap'><img decoding=\"async\" class='wp-image-20973 avia-img-lazy-loading-not-20973 avia_image' src=\"https:\/\/radiorevelacionfm.cl\/wp-content\/uploads\/2022\/08\/WhatsApp-Image-2022-08-24-at-4.21.08-PM-1-1-1.jpeg\" alt='' title='WhatsApp Image 2022-08-24 at 4.21.08 PM (1) (1) (1)' height=\"600\" width=\"800\"  itemprop=\"thumbnailUrl\" srcset=\"https:\/\/radiorevelacionfm.cl\/wp-content\/uploads\/2022\/08\/WhatsApp-Image-2022-08-24-at-4.21.08-PM-1-1-1.jpeg 800w, https:\/\/radiorevelacionfm.cl\/wp-content\/uploads\/2022\/08\/WhatsApp-Image-2022-08-24-at-4.21.08-PM-1-1-1-300x225.jpeg 300w, https:\/\/radiorevelacionfm.cl\/wp-content\/uploads\/2022\/08\/WhatsApp-Image-2022-08-24-at-4.21.08-PM-1-1-1-768x576.jpeg 768w, https:\/\/radiorevelacionfm.cl\/wp-content\/uploads\/2022\/08\/WhatsApp-Image-2022-08-24-at-4.21.08-PM-1-1-1-705x529.jpeg 705w, https:\/\/radiorevelacionfm.cl\/wp-content\/uploads\/2022\/08\/WhatsApp-Image-2022-08-24-at-4.21.08-PM-1-1-1-600x450.jpeg 600w\" sizes=\"(max-width: 800px) 100vw, 800px\" \/><\/div><\/div><\/div><\/div>\n<div class=\"flex_column av_one_full  flex_column_div av-zero-column-padding first  avia-builder-el-2  el_after_av_one_full  el_before_av_one_full  column-top-margin\" style='border-radius:0px; '><section class=\"av_textblock_section \"  itemscope=\"itemscope\" itemtype=\"https:\/\/schema.org\/BlogPosting\" itemprop=\"blogPost\" ><div class='avia_textblock  '   itemprop=\"text\" ><p style=\"text-align: center;\"><strong><span style=\"font-size: 18pt;\">Salud inicia trabajo junto a la comunidad de Islas Huichas para resolver principales necesidades de Atenci\u00f3n Primaria<\/span><\/strong><\/p>\n<div id=\"gtx-trans\" style=\"position: absolute; left: -50px; top: 4.31534px;\">\n<div class=\"gtx-trans-icon\"><\/div>\n<\/div>\n<\/div><\/section><\/div><div class=\"flex_column av_one_full  flex_column_div av-zero-column-padding first  avia-builder-el-4  el_after_av_one_full  el_before_av_hr  column-top-margin\" style='border-radius:0px; '><section class=\"av_textblock_section \"  itemscope=\"itemscope\" itemtype=\"https:\/\/schema.org\/BlogPosting\" itemprop=\"blogPost\" ><div class='avia_textblock  '   itemprop=\"text\" ><p style=\"text-align: justify;\">Una comitiva encabezada por el Director del SSA junto a la Directora de APS visitaron la localidad para conocer en terreno los requerimientos de las y los vecinos.<\/p>\n<p style=\"text-align: justify;\">Durante todo el d\u00eda martes el equipo directivo del Servicio de Salud Ays\u00e9n, realiz\u00f3 una visita a Puerto Aguirre y Caleta Andrade, para conocer el estado de las postas de Islas Huichas, los avances en las inversiones que se desarrollan en el territorio y las necesidades detectadas por la propia comunidad en materia de Salud.<\/p>\n<p style=\"text-align: justify;\">Tras reunirse con los equipos de las Postas de Salud Rural, la comitiva sostuvo en el Gimnasio Municipal de Puerto Aguirre, una conversaci\u00f3n abierta con dirigentes, vecinos y vecinas, quienes plantearon las necesidades que enfrentan en esta materia los cerca de 2000 habitantes de este territorio insular.<\/p>\n<p style=\"text-align: justify;\">\u201cYo fui uno de los que hizo un reclamo formal, as\u00ed que viaj\u00e9 a Ays\u00e9n y me reun\u00ed con ustedes, con el Director a qui\u00e9n le agradezco que haya venido y Juan Catal\u00e1n que tambi\u00e9n est\u00e1 ac\u00e1, se hizo un compromiso para que de aqu\u00ed al 6 de septiembre van a estar de vuelta para afinar algunos detalles de los compromisos que hicimos\u201d indic\u00f3 el dirigente de Puerto Aguirre, Javier Formantel C\u00e1rdenas.<\/p>\n<p style=\"text-align: justify;\">Entre los compromisos adquiridos por el Servicio de Salud Ays\u00e9n est\u00e1 sumar un nuevo T\u00e9cnico en Enfermer\u00eda de Nivel Superior (TENS), para facilitar las atenciones de urgencia, principalmente las suscitadas durante el fin de semana.<\/p>\n<p style=\"text-align: justify;\">\u201cLa idea es que podamos brindarle una mejor de atenci\u00f3n de salud a las y los vecinos de Huichas y creemos que podemos tener un turno permanente de param\u00e9dicos en la posta que es lo que ellos esperan para tener atenci\u00f3n las 24 horas del d\u00eda. Tambi\u00e9n nos reunimos con los funcionarios quienes tiene la mejor disposici\u00f3n para trabajar en conjunto\u201d, se\u00f1al\u00f3 Lorena Guerrero Avenda\u00f1o, Directora (s) de Atenci\u00f3n Primaria.<\/p>\n<p style=\"text-align: justify;\">Desde la Direcci\u00f3n del SSA destacaron el di\u00e1logo permanente sostenido con las comunidades durante este 2022, un sello de este gobierno, para lograr trabajar junto a las y los vecinos mejorar la Red Asistencial Regional.<\/p>\n<p style=\"text-align: justify;\">\u201cPara nosotros es muy importante venir, visitar los territorios, estar cerca de la comunidad y de los funcionarios. La idea para nosotros es poder entregar una mejor salud, durante la pandemia nos ha costado mucho encontrar t\u00e9cnicos y profesionales en la regi\u00f3n y en el pa\u00eds y tenemos que seguir fortaleciendo esta mejor atenci\u00f3n, el acceso m\u00e1s oportuno y que no se quede en palabras, sino que en hechos concretos\u201d agreg\u00f3 el Director del Servicio de Salud Ays\u00e9n, Gabriel Burgos Salas.<\/p>\n<p style=\"text-align: justify;\">El pr\u00f3ximo 6 de septiembre la direcci\u00f3n del Servicio realizar\u00e1 una nueva visita a la localidad de Islas Huichas, con el objetivo de informar a la comunidad de los avances realizados en estas semanas y avanzar en la constituci\u00f3n de un Consejo Consultivo que permita y facilite la participaci\u00f3n ciudadana en materia de Salud.<\/p>\n<\/div><\/section><\/div><\/p>\n<div  style='height:50px' class='hr hr-invisible   avia-builder-el-6  el_after_av_one_full  el_before_av_social_share '><span class='hr-inner ' ><span class='hr-inner-style'><\/span><\/span><\/div>\n<div  class='av-social-sharing-box  avia-builder-el-7  el_after_av_hr  el_before_av_hr  '><div class='av-share-box'><h5 class='av-share-link-description av-no-toc '>Compartir esta noticia<\/h5><ul class='av-share-box-list noLightbox'><li class='av-share-link av-social-link-facebook' ><a target=\"_blank\" aria-label=\"Compartir en Facebook\" href='https:\/\/www.facebook.com\/sharer.php?u=https:\/\/radiorevelacionfm.cl\/?p=20972&#038;t=Salud%20inicia%20trabajo%20junto%20a%20la%20comunidad%20de%20Islas%20Huichas%20para%20resolver%20principales%20necesidades%20de%20Atenci%C3%B3n%20Primaria' aria-hidden='false' data-av_icon='\ue8f3' data-av_iconfont='entypo-fontello' title='' data-avia-related-tooltip='Compartir en Facebook' rel=\"noopener\"><span class='avia_hidden_link_text'>Compartir en Facebook<\/span><\/a><\/li><li class='av-share-link av-social-link-twitter' ><a target=\"_blank\" aria-label=\"Compartir en Twitter\" href='https:\/\/twitter.com\/share?text=Salud%20inicia%20trabajo%20junto%20a%20la%20comunidad%20de%20Islas%20Huichas%20para%20resolver%20principales%20necesidades%20de%20Atenci%C3%B3n%20Primaria&#038;url=https:\/\/radiorevelacionfm.cl\/?p=20972' aria-hidden='false' data-av_icon='\ue8f1' data-av_iconfont='entypo-fontello' title='' data-avia-related-tooltip='Compartir en Twitter' rel=\"noopener\"><span class='avia_hidden_link_text'>Compartir en Twitter<\/span><\/a><\/li><li class='av-share-link av-social-link-whatsapp' ><a target=\"_blank\" aria-label=\"Compartir en Whatsapp\" href='https:\/\/api.whatsapp.com\/send?text=https:\/\/radiorevelacionfm.cl\/?p=20972' aria-hidden='false' data-av_icon='\uf232' data-av_iconfont='entypo-fontello' title='' data-avia-related-tooltip='Compartir en Whatsapp' rel=\"noopener\"><span class='avia_hidden_link_text'>Compartir en Whatsapp<\/span><\/a><\/li><li class='av-share-link av-social-link-linkedin' ><a target=\"_blank\" aria-label=\"Compartir en LinkedIn\" href='https:\/\/linkedin.com\/shareArticle?mini=true&#038;title=Salud%20inicia%20trabajo%20junto%20a%20la%20comunidad%20de%20Islas%20Huichas%20para%20resolver%20principales%20necesidades%20de%20Atenci%C3%B3n%20Primaria&#038;url=https:\/\/radiorevelacionfm.cl\/?p=20972' aria-hidden='false' data-av_icon='\ue8fc' data-av_iconfont='entypo-fontello' title='' data-avia-related-tooltip='Compartir en LinkedIn' rel=\"noopener\"><span class='avia_hidden_link_text'>Compartir en LinkedIn<\/span><\/a><\/li><li class='av-share-link av-social-link-mail' ><a  aria-label=\"Compartir por correo\" href='mailto:?subject=Salud%20inicia%20trabajo%20junto%20a%20la%20comunidad%20de%20Islas%20Huichas%20para%20resolver%20principales%20necesidades%20de%20Atenci%C3%B3n%20Primaria&#038;body=https:\/\/radiorevelacionfm.cl\/?p=20972' aria-hidden='false' data-av_icon='\ue805' data-av_iconfont='entypo-fontello' title='' data-avia-related-tooltip='Compartir por correo'><span class='avia_hidden_link_text'>Compartir por correo<\/span><\/a><\/li><\/ul><\/div><\/div>\n<div  style='height:50px' class='hr hr-invisible   avia-builder-el-8  el_after_av_social_share  el_before_av_comments_list '><span class='hr-inner ' ><span class='hr-inner-style'><\/span><\/span><\/div>\n<div  class='av-buildercomment  av-blog-meta-html-info-disabled av-blog-meta-tag-disabled  '><\/div>\n","protected":false},"excerpt":{"rendered":"","protected":false},"author":1,"featured_media":20973,"comment_status":"open","ping_status":"open","sticky":false,"template":"","format":"standard","meta":{"footnotes":""},"categories":[46],"tags":[],"class_list":["post-20972","post","type-post","status-publish","format-standard","has-post-thumbnail","hentry","category-salud"],"jetpack_featured_media_url":"https:\/\/radiorevelacionfm.cl\/wp-content\/uploads\/2022\/08\/WhatsApp-Image-2022-08-24-at-4.21.08-PM-1-1-1.jpeg","_links":{"self":[{"href":"https:\/\/radiorevelacionfm.cl\/index.php?rest_route=\/wp\/v2\/posts\/20972","targetHints":{"allow":["GET"]}}],"collection":[{"href":"https:\/\/radiorevelacionfm.cl\/index.php?rest_route=\/wp\/v2\/posts"}],"about":[{"href":"https:\/\/radiorevelacionfm.cl\/index.php?rest_route=\/wp\/v2\/types\/post"}],"author":[{"embeddable":true,"href":"https:\/\/radiorevelacionfm.cl\/index.php?rest_route=\/wp\/v2\/users\/1"}],"replies":[{"embeddable":true,"href":"https:\/\/radiorevelacionfm.cl\/index.php?rest_route=%2Fwp%2Fv2%2Fcomments&post=20972"}],"version-history":[{"count":3,"href":"https:\/\/radiorevelacionfm.cl\/index.php?rest_route=\/wp\/v2\/posts\/20972\/revisions"}],"predecessor-version":[{"id":20981,"href":"https:\/\/radiorevelacionfm.cl\/index.php?rest_route=\/wp\/v2\/posts\/20972\/revisions\/20981"}],"wp:featuredmedia":[{"embeddable":true,"href":"https:\/\/radiorevelacionfm.cl\/index.php?rest_route=\/wp\/v2\/media\/20973"}],"wp:attachment":[{"href":"https:\/\/radiorevelacionfm.cl\/index.php?rest_route=%2Fwp%2Fv2%2Fmedia&parent=20972"}],"wp:term":[{"taxonomy":"category","embeddable":true,"href":"https:\/\/radiorevelacionfm.cl\/index.php?rest_route=%2Fwp%2Fv2%2Fcategories&post=20972"},{"taxonomy":"post_tag","embeddable":true,"href":"https:\/\/radiorevelacionfm.cl\/index.php?rest_route=%2Fwp%2Fv2%2Ftags&post=20972"}],"curies":[{"name":"wp","href":"https:\/\/api.w.org\/{rel}","templated":true}]}}