{"id":20969,"date":"2022-08-25T10:50:47","date_gmt":"2022-08-25T13:50:47","guid":{"rendered":"https:\/\/radiorevelacionfm.cl\/?p=20969"},"modified":"2022-08-25T10:50:47","modified_gmt":"2022-08-25T13:50:47","slug":"despliegue-territorial-y-visitas-a-establecimientos-educacionales-de-la-region-destacaron-en-la-escuela-de-invierno-de-la-uaysen","status":"publish","type":"post","link":"https:\/\/radiorevelacionfm.cl\/?p=20969","title":{"rendered":"Despliegue territorial y visitas a establecimientos educacionales de la regi\u00f3n destacaron en la Escuela de Invierno de la UAys\u00e9n"},"content":{"rendered":"<div class=\"flex_column av_one_full  flex_column_div av-zero-column-padding first  avia-builder-el-0  el_before_av_one_full  avia-builder-el-first  \" style='border-radius:0px; '><div  class='avia-image-container  av-styling-    avia-builder-el-1  avia-builder-el-no-sibling  avia-align-center '  itemprop=\"image\" itemscope=\"itemscope\" itemtype=\"https:\/\/schema.org\/ImageObject\"  ><div class='avia-image-container-inner'><div class='avia-image-overlay-wrap'><img decoding=\"async\" class='wp-image-20970 avia-img-lazy-loading-not-20970 avia_image' src=\"https:\/\/radiorevelacionfm.cl\/wp-content\/uploads\/2022\/08\/edi-la-junta-2-1_optimized-1.jpeg\" alt='' title='edi-la-junta-2-(1)_optimized' height=\"600\" width=\"1063\"  itemprop=\"thumbnailUrl\" srcset=\"https:\/\/radiorevelacionfm.cl\/wp-content\/uploads\/2022\/08\/edi-la-junta-2-1_optimized-1.jpeg 1063w, https:\/\/radiorevelacionfm.cl\/wp-content\/uploads\/2022\/08\/edi-la-junta-2-1_optimized-1-300x169.jpeg 300w, https:\/\/radiorevelacionfm.cl\/wp-content\/uploads\/2022\/08\/edi-la-junta-2-1_optimized-1-1030x581.jpeg 1030w, https:\/\/radiorevelacionfm.cl\/wp-content\/uploads\/2022\/08\/edi-la-junta-2-1_optimized-1-768x433.jpeg 768w, https:\/\/radiorevelacionfm.cl\/wp-content\/uploads\/2022\/08\/edi-la-junta-2-1_optimized-1-705x398.jpeg 705w, https:\/\/radiorevelacionfm.cl\/wp-content\/uploads\/2022\/08\/edi-la-junta-2-1_optimized-1-600x339.jpeg 600w\" sizes=\"(max-width: 1063px) 100vw, 1063px\" \/><\/div><\/div><\/div><\/div><div class=\"flex_column av_one_full  flex_column_div av-zero-column-padding first  avia-builder-el-2  el_after_av_one_full  el_before_av_one_full  column-top-margin\" style='border-radius:0px; '><section class=\"av_textblock_section \"  itemscope=\"itemscope\" itemtype=\"https:\/\/schema.org\/BlogPosting\" itemprop=\"blogPost\" ><div class='avia_textblock  '   itemprop=\"text\" ><p style=\"text-align: center;\"><span style=\"font-size: 18pt;\"><strong>Despliegue territorial y visitas a establecimientos educacionales de la regi\u00f3n destacaron en la Escuela de Invierno de la UAys\u00e9n<\/strong><\/span><\/p>\n<div id=\"gtx-trans\" style=\"position: absolute; left: -50px; top: 4.31534px;\">\n<div class=\"gtx-trans-icon\"><\/div>\n<\/div>\n<\/div><\/section><\/div><div class=\"flex_column av_one_full  flex_column_div av-zero-column-padding first  avia-builder-el-4  el_after_av_one_full  el_before_av_hr  column-top-margin\" style='border-radius:0px; '><section class=\"av_textblock_section \"  itemscope=\"itemscope\" itemtype=\"https:\/\/schema.org\/BlogPosting\" itemprop=\"blogPost\" ><div class='avia_textblock  '   itemprop=\"text\" ><p style=\"text-align: justify;\">Fueron varios meses de planificaci\u00f3n y dos semanas de ejecuci\u00f3n \u201cintensas y diversas\u201d en varias comunas de la regi\u00f3n, as\u00ed calific\u00f3 \u00a0la rectora de la Universidad de Ays\u00e9n, Natacha Pino Acu\u00f1a, el in\u00e9dito despliegue territorial que realiz\u00f3 este a\u00f1o la casa de estudios estatal en la s\u00e9ptima versi\u00f3n de la Escuela de Invierno.<\/p>\n<p style=\"text-align: justify;\">\u201cNos alegr\u00f3 de sobremanera que acad\u00e9micos, acad\u00e9micas y profesionales de nuestro plantel se comprometieran y asistieran a La Junta, Melinka y Cochrane durante la primera semana de actividades para robustecer las relaciones con sus comunidades\u201d, a\u00f1adi\u00f3 la autoridad acad\u00e9mica.<\/p>\n<p style=\"text-align: justify;\">En estos territorios principalmente hubo encuentros y charlas dirigidas a las y los estudiantes de sus establecimientos educacionales con tem\u00e1ticas acerca de sexualidad, primeros auxilios, orientaci\u00f3n vocacional y manejo agr\u00edcola, entre otros. A la isla se traslad\u00f3 Renato G\u00f3mez, jefe de la carrera de Enfermer\u00eda junto al profesional de la Direcci\u00f3n de Vinculaci\u00f3n con el Medio, Braulio Catrileo, a la entrada norte fue un equipo liderado por Vinka Veas, B\u00e1rbara Gonz\u00e1lez y Camila Concha \u00a0del \u00e1rea de Salud \u00a0y a la zona sur la comitiva fue integrada por Oriette Soto y \u00a0Valeria Castro de Enfermer\u00eda y Elizabeth Ulloa de Agronom\u00eda, entre otros varios profesionales.<\/p>\n<p style=\"text-align: justify;\">En Coyhaique en tanto hubo un compromiso por parte de la universidad \u00a0de \u201cestar m\u00e1s cerca\u201d que se materializ\u00f3 con la visita de su cuerpo docente a los liceos Altos del Mackay, Josefina Aguirre, Ricardo Navarrete Barr\u00eda, Juan Pablo II y el colegio Alborada.<\/p>\n<p style=\"text-align: justify;\">En la capital regional los acad\u00e9micos y acad\u00e9micas del plantel impartieron talleres como \u201cMicrobiota humana\u201d a cargo de \u00a0Enrique Sanhueza, \u201cLenguaje inclusivo\u201d con Patricia Baeza, \u201cExploraci\u00f3n vocacional\u201d con Romina Aranda y Felipe Alfaro y \u201cLa verdad del desnudo: la salud sexual y reproductiva de los adolescentes\u201d a cargo de Leonardo Flores y Paula Rodr\u00edguez.<\/p>\n<p style=\"text-align: justify;\">A lo anterior se sum\u00f3 un grupo de cient\u00edficos del Centro de Desarrollo de la Nonociencia y Nanotecnolog\u00eda (CEDENNA) que dict\u00f3 una serie de charlas tales como \u201cNamomedicina para sanar\u201d, \u201c\u00d3xidos org\u00e1nicos una alternativa para limpieza de agua \u201c, \u201cEnvases de alimentos en tiempos de cambio y \u201cEfectos t\u00e9rmicos en nanopart\u00edculas mediante la aplicaci\u00f3n de campos magn\u00e9ticos variables en el tiempo\u201d.<\/p>\n<p style=\"text-align: justify;\">\u201cDesde 2016 la UAys\u00e9n implement\u00f3 este tipo de iniciativas cuando no hab\u00eda profesores ni estudiantes\u201d subray\u00f3 Mario Saldivia, director subrogante de Vinculaci\u00f3n con el Medio, cada vez que daba la bienvenida a las y los asistentes que participaron \u00a0en las \u00a0charlas, talleres, y conversatorios desplegados en el campus Lillo 1.<\/p>\n<p style=\"text-align: justify;\">En esa sede tuvieron lugar diversas actividades como el seminario TEA \u201cDesaf\u00edos en neurodiversidad en contexto educativo y de salud encabezado por Macarena Krefft en colaboraci\u00f3n con la Asociaci\u00f3n de padres, familiares, amigos de ni\u00f1os y ni\u00f1as, adolescentes y adultos con diagn\u00f3stico o sospecha de Trastorno del Espectro Autista \u201cTEAcompa\u00f1amos\u201d, el Conversatorio de \u201cDerechos Sociales y regionalizaci\u00f3n en el mapa constituyente\u201d que cont\u00f3 con la participaci\u00f3n de la ex constituyente Yarela G\u00f3mez y la consejera regional Marisol Mart\u00ednez adem\u00e1s de la Feria de Convivencia Escolar que convoc\u00f3 a decenas de estudiantes de \u00a0colegios y liceos de Coyhaique.<\/p>\n<p style=\"text-align: justify;\">En ese recinto adem\u00e1s se concentraron las charlas ciudadanas organizadas por la Fundaci\u00f3n \u201cChile Sustentable\u201d que abord\u00f3, entre otras materias, \u00a0la realidad tur\u00edstica en tiempos de crisis clim\u00e1tica y la situaci\u00f3n de las cuencas fluviales. En el \u00e1mbito cultural se realizaron pr\u00e1cticos talleres a cargo del nuevo director del Ensamble de cuerdas y futura orquesta universitaria, H\u00e9ctor M\u00e9ndez.<\/p>\n<p style=\"text-align: justify;\">La Escuela de Invierno 2022 finaliz\u00f3 con un concierto que tuvo en el violoncello al m\u00fasico reci\u00e9n incorporado y a la Camerata Vocal de la UAys\u00e9n dirigida por la maestra Elena Villarroel.<\/p>\n<\/div><\/section><\/div><div  style='height:50px' class='hr hr-invisible   avia-builder-el-6  el_after_av_one_full  el_before_av_social_share '><span class='hr-inner ' ><span class='hr-inner-style'><\/span><\/span><\/div><\/p>\n<div  class='av-social-sharing-box  avia-builder-el-7  el_after_av_hr  el_before_av_hr  '><div class='av-share-box'><h5 class='av-share-link-description av-no-toc '>Compartir esta noticia<\/h5><ul class='av-share-box-list noLightbox'><li class='av-share-link av-social-link-facebook' ><a target=\"_blank\" aria-label=\"Compartir en Facebook\" href='https:\/\/www.facebook.com\/sharer.php?u=https:\/\/radiorevelacionfm.cl\/?p=20969&#038;t=Despliegue%20territorial%20y%20visitas%20a%20establecimientos%20educacionales%20de%20la%20regi%C3%B3n%20destacaron%20en%20la%20Escuela%20de%20Invierno%20de%20la%20UAys%C3%A9n' aria-hidden='false' data-av_icon='\ue8f3' data-av_iconfont='entypo-fontello' title='' data-avia-related-tooltip='Compartir en Facebook' rel=\"noopener\"><span class='avia_hidden_link_text'>Compartir en Facebook<\/span><\/a><\/li><li class='av-share-link av-social-link-twitter' ><a target=\"_blank\" aria-label=\"Compartir en Twitter\" href='https:\/\/twitter.com\/share?text=Despliegue%20territorial%20y%20visitas%20a%20establecimientos%20educacionales%20de%20la%20regi%C3%B3n%20destacaron%20en%20la%20Escuela%20de%20Invierno%20de%20la%20UAys%C3%A9n&#038;url=https:\/\/radiorevelacionfm.cl\/?p=20969' aria-hidden='false' data-av_icon='\ue8f1' data-av_iconfont='entypo-fontello' title='' data-avia-related-tooltip='Compartir en Twitter' rel=\"noopener\"><span class='avia_hidden_link_text'>Compartir en Twitter<\/span><\/a><\/li><li class='av-share-link av-social-link-whatsapp' ><a target=\"_blank\" aria-label=\"Compartir en Whatsapp\" href='https:\/\/api.whatsapp.com\/send?text=https:\/\/radiorevelacionfm.cl\/?p=20969' aria-hidden='false' data-av_icon='\uf232' data-av_iconfont='entypo-fontello' title='' data-avia-related-tooltip='Compartir en Whatsapp' rel=\"noopener\"><span class='avia_hidden_link_text'>Compartir en Whatsapp<\/span><\/a><\/li><li class='av-share-link av-social-link-linkedin' ><a target=\"_blank\" aria-label=\"Compartir en LinkedIn\" href='https:\/\/linkedin.com\/shareArticle?mini=true&#038;title=Despliegue%20territorial%20y%20visitas%20a%20establecimientos%20educacionales%20de%20la%20regi%C3%B3n%20destacaron%20en%20la%20Escuela%20de%20Invierno%20de%20la%20UAys%C3%A9n&#038;url=https:\/\/radiorevelacionfm.cl\/?p=20969' aria-hidden='false' data-av_icon='\ue8fc' data-av_iconfont='entypo-fontello' title='' data-avia-related-tooltip='Compartir en LinkedIn' rel=\"noopener\"><span class='avia_hidden_link_text'>Compartir en LinkedIn<\/span><\/a><\/li><li class='av-share-link av-social-link-mail' ><a  aria-label=\"Compartir por correo\" href='mailto:?subject=Despliegue%20territorial%20y%20visitas%20a%20establecimientos%20educacionales%20de%20la%20regi%C3%B3n%20destacaron%20en%20la%20Escuela%20de%20Invierno%20de%20la%20UAys%C3%A9n&#038;body=https:\/\/radiorevelacionfm.cl\/?p=20969' aria-hidden='false' data-av_icon='\ue805' data-av_iconfont='entypo-fontello' title='' data-avia-related-tooltip='Compartir por correo'><span class='avia_hidden_link_text'>Compartir por correo<\/span><\/a><\/li><\/ul><\/div><\/div>\n<div  style='height:50px' class='hr hr-invisible   avia-builder-el-8  el_after_av_social_share  el_before_av_comments_list '><span class='hr-inner ' ><span class='hr-inner-style'><\/span><\/span><\/div>\n<div  class='av-buildercomment  av-blog-meta-html-info-disabled av-blog-meta-tag-disabled  '><\/div>\n","protected":false},"excerpt":{"rendered":"","protected":false},"author":1,"featured_media":20970,"comment_status":"open","ping_status":"open","sticky":false,"template":"","format":"standard","meta":{"footnotes":""},"categories":[49],"tags":[],"class_list":["post-20969","post","type-post","status-publish","format-standard","has-post-thumbnail","hentry","category-educacion"],"jetpack_featured_media_url":"https:\/\/radiorevelacionfm.cl\/wp-content\/uploads\/2022\/08\/edi-la-junta-2-1_optimized-1.jpeg","_links":{"self":[{"href":"https:\/\/radiorevelacionfm.cl\/index.php?rest_route=\/wp\/v2\/posts\/20969","targetHints":{"allow":["GET"]}}],"collection":[{"href":"https:\/\/radiorevelacionfm.cl\/index.php?rest_route=\/wp\/v2\/posts"}],"about":[{"href":"https:\/\/radiorevelacionfm.cl\/index.php?rest_route=\/wp\/v2\/types\/post"}],"author":[{"embeddable":true,"href":"https:\/\/radiorevelacionfm.cl\/index.php?rest_route=\/wp\/v2\/users\/1"}],"replies":[{"embeddable":true,"href":"https:\/\/radiorevelacionfm.cl\/index.php?rest_route=%2Fwp%2Fv2%2Fcomments&post=20969"}],"version-history":[{"count":2,"href":"https:\/\/radiorevelacionfm.cl\/index.php?rest_route=\/wp\/v2\/posts\/20969\/revisions"}],"predecessor-version":[{"id":21006,"href":"https:\/\/radiorevelacionfm.cl\/index.php?rest_route=\/wp\/v2\/posts\/20969\/revisions\/21006"}],"wp:featuredmedia":[{"embeddable":true,"href":"https:\/\/radiorevelacionfm.cl\/index.php?rest_route=\/wp\/v2\/media\/20970"}],"wp:attachment":[{"href":"https:\/\/radiorevelacionfm.cl\/index.php?rest_route=%2Fwp%2Fv2%2Fmedia&parent=20969"}],"wp:term":[{"taxonomy":"category","embeddable":true,"href":"https:\/\/radiorevelacionfm.cl\/index.php?rest_route=%2Fwp%2Fv2%2Fcategories&post=20969"},{"taxonomy":"post_tag","embeddable":true,"href":"https:\/\/radiorevelacionfm.cl\/index.php?rest_route=%2Fwp%2Fv2%2Ftags&post=20969"}],"curies":[{"name":"wp","href":"https:\/\/api.w.org\/{rel}","templated":true}]}}