{"id":20953,"date":"2022-08-24T18:44:13","date_gmt":"2022-08-24T21:44:13","guid":{"rendered":"https:\/\/radiorevelacionfm.cl\/?p=20953"},"modified":"2022-08-24T18:44:13","modified_gmt":"2022-08-24T21:44:13","slug":"sandoval-tras-visitar-cft-estatal-constituye-un-aporte-significativo-en-un-ambito-que-para-la-region-tiene-un-tremendo-deficit-la-formacion-de-capital-humano","status":"publish","type":"post","link":"https:\/\/radiorevelacionfm.cl\/?p=20953","title":{"rendered":"Sandoval tras visitar CFT estatal: \u201cConstituye un aporte significativo en un \u00e1mbito que para la regi\u00f3n tiene un tremendo d\u00e9ficit, la formaci\u00f3n de capital humano\u201d"},"content":{"rendered":"<div class=\"flex_column av_one_full  flex_column_div av-zero-column-padding first  avia-builder-el-0  el_before_av_one_full  avia-builder-el-first  \" style='border-radius:0px; '><div  class='avia-image-container  av-styling-    avia-builder-el-1  avia-builder-el-no-sibling  avia-align-center '  itemprop=\"image\" itemscope=\"itemscope\" itemtype=\"https:\/\/schema.org\/ImageObject\"  ><div class='avia-image-container-inner'><div class='avia-image-overlay-wrap'><img decoding=\"async\" class='wp-image-20954 avia-img-lazy-loading-not-20954 avia_image' src=\"https:\/\/radiorevelacionfm.cl\/wp-content\/uploads\/2022\/08\/reuniOn-con-cft-estatal-puerto-aysEn4-1_optimized.jpg\" alt='' title='reuni\u00d3n-con-cft-estatal-puerto-ays\u00c9n4-(1)_optimized' height=\"600\" width=\"900\"  itemprop=\"thumbnailUrl\" srcset=\"https:\/\/radiorevelacionfm.cl\/wp-content\/uploads\/2022\/08\/reuniOn-con-cft-estatal-puerto-aysEn4-1_optimized.jpg 900w, https:\/\/radiorevelacionfm.cl\/wp-content\/uploads\/2022\/08\/reuniOn-con-cft-estatal-puerto-aysEn4-1_optimized-300x200.jpg 300w, https:\/\/radiorevelacionfm.cl\/wp-content\/uploads\/2022\/08\/reuniOn-con-cft-estatal-puerto-aysEn4-1_optimized-768x512.jpg 768w, https:\/\/radiorevelacionfm.cl\/wp-content\/uploads\/2022\/08\/reuniOn-con-cft-estatal-puerto-aysEn4-1_optimized-705x470.jpg 705w, https:\/\/radiorevelacionfm.cl\/wp-content\/uploads\/2022\/08\/reuniOn-con-cft-estatal-puerto-aysEn4-1_optimized-600x400.jpg 600w\" sizes=\"(max-width: 900px) 100vw, 900px\" \/><\/div><\/div><\/div><\/div><div class=\"flex_column av_one_full  flex_column_div av-zero-column-padding first  avia-builder-el-2  el_after_av_one_full  el_before_av_one_full  column-top-margin\" style='border-radius:0px; '><section class=\"av_textblock_section \"  itemscope=\"itemscope\" itemtype=\"https:\/\/schema.org\/BlogPosting\" itemprop=\"blogPost\" ><div class='avia_textblock  '   itemprop=\"text\" ><p style=\"text-align: center;\"><span style=\"font-size: 18pt;\"><strong>Sandoval tras visitar CFT estatal: <\/strong><strong>\u201cConstituye un aporte significativo en un \u00e1mbito que para la regi\u00f3n tiene un tremendo d\u00e9ficit, la formaci\u00f3n de capital humano\u201d<\/strong><\/span><\/p>\n<div id=\"gtx-trans\" style=\"position: absolute; left: -50px; top: 4.31534px;\">\n<div class=\"gtx-trans-icon\"><\/div>\n<\/div>\n<\/div><\/section><\/div><div class=\"flex_column av_one_full  flex_column_div av-zero-column-padding first  avia-builder-el-4  el_after_av_one_full  el_before_av_hr  column-top-margin\" style='border-radius:0px; '><section class=\"av_textblock_section \"  itemscope=\"itemscope\" itemtype=\"https:\/\/schema.org\/BlogPosting\" itemprop=\"blogPost\" ><div class='avia_textblock  '   itemprop=\"text\" ><p style=\"text-align: justify;\">El Parlamentario visit\u00f3 este martes la ciudad de Puerto Ays\u00e9n, oportunidad en que se reuni\u00f3 con el rector de este centro de formaci\u00f3n t\u00e9cnica, V\u00edctor \u00c1lvarez.<\/p>\n<p style=\"text-align: justify;\">\u201cEs un tremendo proyecto, una obra emblem\u00e1tica para nuestra regi\u00f3n, que tiene tremendo potencial de desarrollo\u201d. As\u00ed lo se\u00f1al\u00f3 el senador David Sandoval luego de visitar este martes, junto al concejal Alejandro Soto, el Centro de Formaci\u00f3n T\u00e9cnica (CFT) estatal, ubicado en la ciudad de Puerto Ays\u00e9n, instituci\u00f3n que cuenta con 82 alumnos y dos carreras de t\u00e9cnico de nivel superior vinculadas a administraci\u00f3n p\u00fablica y administraci\u00f3n de sistemas log\u00edsticos.<\/p>\n<p style=\"text-align: justify;\">Al respecto, el parlamentario se\u00f1al\u00f3 que \u201chemos conocido el esfuerzo y trabajo que han realizado en tan poco tiempo\u201d, se\u00f1alando que para la regi\u00f3n y la Provincia de Ays\u00e9n en particular, este CFT \u201cconstituye un aporte significativo en un \u00e1mbito que para la regi\u00f3n tiene un tremendo d\u00e9ficit: La formaci\u00f3n de capital humano\u201d.<\/p>\n<p style=\"text-align: justify;\">Adem\u00e1s, recalc\u00f3 que su instalaci\u00f3n en Puerto Ays\u00e9n es muy relevante, pues es la zona donde est\u00e1 la fuente principal de riqueza y desarrollo de la regi\u00f3n. \u201cConoc\u00ed el equipo humano que est\u00e1 a cargo de este tema, gente inspirada con los mejores esfuerzos\u201d, indic\u00f3.<\/p>\n<p style=\"text-align: justify;\">\u201cEs un gran proyecto, con gran futuro y no me cabe la menor duda que el CFT est\u00e1 en las mejores manos para prestar a la comunidad regional un tremendo servicio para la formaci\u00f3n de capital humano, disponiendo adem\u00e1s todo nuestro apoyo para colaborar en lo que sea pertinente\u201d, subray\u00f3.<\/p>\n<p style=\"text-align: justify;\">Por su parte, el rector V\u00edctor \u00c1lvarez agradeci\u00f3 la visita del senador Sandoval, insistiendo en que la idea es que todos los parlamentarios puedan conocer el proyecto. \u201cEstamos materializando la ley 20.910 que crea 15 CFT estatales en el pa\u00eds. Nosotros somos el grupo final que se est\u00e1 instalando, estamos muy contento\u201d, se\u00f1al\u00f3.<\/p>\n<p style=\"text-align: justify;\">En esa l\u00ednea, dijo que en la conversaci\u00f3n con el legislador se reforz\u00f3 la necesaria mirada productiva de la zona del litoral, sobre todo de Puerto Ays\u00e9n. \u201cFue importante la visita. Ojal\u00e1 toda la comunidad de la regi\u00f3n, pero espec\u00edficamente de Puerto Ays\u00e9n y del litoral, puedan ocupar nuestro centro de formaci\u00f3n t\u00e9cnica, como una herramienta de desarrollo\u201d, concluy\u00f3.<\/p>\n<\/div><\/section><\/div><div  style='height:50px' class='hr hr-invisible   avia-builder-el-6  el_after_av_one_full  el_before_av_social_share '><span class='hr-inner ' ><span class='hr-inner-style'><\/span><\/span><\/div><\/p>\n<div  class='av-social-sharing-box  avia-builder-el-7  el_after_av_hr  el_before_av_hr  '><div class='av-share-box'><h5 class='av-share-link-description av-no-toc '>Compartir esta noticia<\/h5><ul class='av-share-box-list noLightbox'><li class='av-share-link av-social-link-facebook' ><a target=\"_blank\" aria-label=\"Compartir en Facebook\" href='https:\/\/www.facebook.com\/sharer.php?u=https:\/\/radiorevelacionfm.cl\/?p=20953&#038;t=Sandoval%20tras%20visitar%20CFT%20estatal%3A%20%E2%80%9CConstituye%20un%20aporte%20significativo%20en%20un%20%C3%A1mbito%20que%20para%20la%20regi%C3%B3n%20tiene%20un%20tremendo%20d%C3%A9ficit%2C%20la%20formaci%C3%B3n%20de%20capital%20humano%E2%80%9D' aria-hidden='false' data-av_icon='\ue8f3' data-av_iconfont='entypo-fontello' title='' data-avia-related-tooltip='Compartir en Facebook' rel=\"noopener\"><span class='avia_hidden_link_text'>Compartir en Facebook<\/span><\/a><\/li><li class='av-share-link av-social-link-twitter' ><a target=\"_blank\" aria-label=\"Compartir en Twitter\" href='https:\/\/twitter.com\/share?text=Sandoval%20tras%20visitar%20CFT%20estatal%3A%20%E2%80%9CConstituye%20un%20aporte%20significativo%20en%20un%20%C3%A1mbito%20que%20para%20la%20regi%C3%B3n%20tiene%20un%20tremendo%20d%C3%A9ficit%2C%20la%20formaci%C3%B3n%20de%20capital%20humano%E2%80%9D&#038;url=https:\/\/radiorevelacionfm.cl\/?p=20953' aria-hidden='false' data-av_icon='\ue8f1' data-av_iconfont='entypo-fontello' title='' data-avia-related-tooltip='Compartir en Twitter' rel=\"noopener\"><span class='avia_hidden_link_text'>Compartir en Twitter<\/span><\/a><\/li><li class='av-share-link av-social-link-whatsapp' ><a target=\"_blank\" aria-label=\"Compartir en Whatsapp\" href='https:\/\/api.whatsapp.com\/send?text=https:\/\/radiorevelacionfm.cl\/?p=20953' aria-hidden='false' data-av_icon='\uf232' data-av_iconfont='entypo-fontello' title='' data-avia-related-tooltip='Compartir en Whatsapp' rel=\"noopener\"><span class='avia_hidden_link_text'>Compartir en Whatsapp<\/span><\/a><\/li><li class='av-share-link av-social-link-linkedin' ><a target=\"_blank\" aria-label=\"Compartir en LinkedIn\" href='https:\/\/linkedin.com\/shareArticle?mini=true&#038;title=Sandoval%20tras%20visitar%20CFT%20estatal%3A%20%E2%80%9CConstituye%20un%20aporte%20significativo%20en%20un%20%C3%A1mbito%20que%20para%20la%20regi%C3%B3n%20tiene%20un%20tremendo%20d%C3%A9ficit%2C%20la%20formaci%C3%B3n%20de%20capital%20humano%E2%80%9D&#038;url=https:\/\/radiorevelacionfm.cl\/?p=20953' aria-hidden='false' data-av_icon='\ue8fc' data-av_iconfont='entypo-fontello' title='' data-avia-related-tooltip='Compartir en LinkedIn' rel=\"noopener\"><span class='avia_hidden_link_text'>Compartir en LinkedIn<\/span><\/a><\/li><li class='av-share-link av-social-link-mail' ><a  aria-label=\"Compartir por correo\" href='mailto:?subject=Sandoval%20tras%20visitar%20CFT%20estatal%3A%20%E2%80%9CConstituye%20un%20aporte%20significativo%20en%20un%20%C3%A1mbito%20que%20para%20la%20regi%C3%B3n%20tiene%20un%20tremendo%20d%C3%A9ficit%2C%20la%20formaci%C3%B3n%20de%20capital%20humano%E2%80%9D&#038;body=https:\/\/radiorevelacionfm.cl\/?p=20953' aria-hidden='false' data-av_icon='\ue805' data-av_iconfont='entypo-fontello' title='' data-avia-related-tooltip='Compartir por correo'><span class='avia_hidden_link_text'>Compartir por correo<\/span><\/a><\/li><\/ul><\/div><\/div>\n<div  style='height:50px' class='hr hr-invisible   avia-builder-el-8  el_after_av_social_share  el_before_av_comments_list '><span class='hr-inner ' ><span class='hr-inner-style'><\/span><\/span><\/div>\n<div  class='av-buildercomment  av-blog-meta-html-info-disabled av-blog-meta-tag-disabled  '><\/div>\n","protected":false},"excerpt":{"rendered":"","protected":false},"author":1,"featured_media":20954,"comment_status":"open","ping_status":"open","sticky":false,"template":"","format":"standard","meta":{"footnotes":""},"categories":[35],"tags":[],"class_list":["post-20953","post","type-post","status-publish","format-standard","has-post-thumbnail","hentry","category-politica"],"jetpack_featured_media_url":"https:\/\/radiorevelacionfm.cl\/wp-content\/uploads\/2022\/08\/reuniOn-con-cft-estatal-puerto-aysEn4-1_optimized.jpg","_links":{"self":[{"href":"https:\/\/radiorevelacionfm.cl\/index.php?rest_route=\/wp\/v2\/posts\/20953","targetHints":{"allow":["GET"]}}],"collection":[{"href":"https:\/\/radiorevelacionfm.cl\/index.php?rest_route=\/wp\/v2\/posts"}],"about":[{"href":"https:\/\/radiorevelacionfm.cl\/index.php?rest_route=\/wp\/v2\/types\/post"}],"author":[{"embeddable":true,"href":"https:\/\/radiorevelacionfm.cl\/index.php?rest_route=\/wp\/v2\/users\/1"}],"replies":[{"embeddable":true,"href":"https:\/\/radiorevelacionfm.cl\/index.php?rest_route=%2Fwp%2Fv2%2Fcomments&post=20953"}],"version-history":[{"count":2,"href":"https:\/\/radiorevelacionfm.cl\/index.php?rest_route=\/wp\/v2\/posts\/20953\/revisions"}],"predecessor-version":[{"id":20976,"href":"https:\/\/radiorevelacionfm.cl\/index.php?rest_route=\/wp\/v2\/posts\/20953\/revisions\/20976"}],"wp:featuredmedia":[{"embeddable":true,"href":"https:\/\/radiorevelacionfm.cl\/index.php?rest_route=\/wp\/v2\/media\/20954"}],"wp:attachment":[{"href":"https:\/\/radiorevelacionfm.cl\/index.php?rest_route=%2Fwp%2Fv2%2Fmedia&parent=20953"}],"wp:term":[{"taxonomy":"category","embeddable":true,"href":"https:\/\/radiorevelacionfm.cl\/index.php?rest_route=%2Fwp%2Fv2%2Fcategories&post=20953"},{"taxonomy":"post_tag","embeddable":true,"href":"https:\/\/radiorevelacionfm.cl\/index.php?rest_route=%2Fwp%2Fv2%2Ftags&post=20953"}],"curies":[{"name":"wp","href":"https:\/\/api.w.org\/{rel}","templated":true}]}}