{"id":20944,"date":"2022-08-24T15:57:17","date_gmt":"2022-08-24T18:57:17","guid":{"rendered":"https:\/\/radiorevelacionfm.cl\/?p=20944"},"modified":"2022-08-24T15:57:17","modified_gmt":"2022-08-24T18:57:17","slug":"ninos-y-ninas-del-jardin-infantil-arcoiris-recibieron-su-primera-cedula-de-identidad","status":"publish","type":"post","link":"https:\/\/radiorevelacionfm.cl\/?p=20944","title":{"rendered":"Ni\u00f1os y ni\u00f1as del Jard\u00edn Infantil Arcoiris recibieron su primera c\u00e9dula de identidad"},"content":{"rendered":"<div class=\"flex_column av_one_full  flex_column_div av-zero-column-padding first  avia-builder-el-0  el_before_av_one_full  avia-builder-el-first  \" style='border-radius:0px; '><div  class='avia-image-container  av-styling-    avia-builder-el-1  avia-builder-el-no-sibling  avia-align-center '  itemprop=\"image\" itemscope=\"itemscope\" itemtype=\"https:\/\/schema.org\/ImageObject\"  ><div class='avia-image-container-inner'><div class='avia-image-overlay-wrap'><img decoding=\"async\" class='wp-image-20945 avia-img-lazy-loading-not-20945 avia_image' src=\"https:\/\/radiorevelacionfm.cl\/wp-content\/uploads\/2022\/08\/mi-primera-cedula-2-1-1.jpg\" alt='' title='mi primera cedula 2 (1) (1)' height=\"600\" width=\"800\"  itemprop=\"thumbnailUrl\" srcset=\"https:\/\/radiorevelacionfm.cl\/wp-content\/uploads\/2022\/08\/mi-primera-cedula-2-1-1.jpg 800w, https:\/\/radiorevelacionfm.cl\/wp-content\/uploads\/2022\/08\/mi-primera-cedula-2-1-1-300x225.jpg 300w, https:\/\/radiorevelacionfm.cl\/wp-content\/uploads\/2022\/08\/mi-primera-cedula-2-1-1-768x576.jpg 768w, https:\/\/radiorevelacionfm.cl\/wp-content\/uploads\/2022\/08\/mi-primera-cedula-2-1-1-705x529.jpg 705w, https:\/\/radiorevelacionfm.cl\/wp-content\/uploads\/2022\/08\/mi-primera-cedula-2-1-1-600x450.jpg 600w\" sizes=\"(max-width: 800px) 100vw, 800px\" \/><\/div><\/div><\/div><\/div><div class=\"flex_column av_one_full  flex_column_div av-zero-column-padding first  avia-builder-el-2  el_after_av_one_full  el_before_av_one_full  column-top-margin\" style='border-radius:0px; '><section class=\"av_textblock_section \"  itemscope=\"itemscope\" itemtype=\"https:\/\/schema.org\/BlogPosting\" itemprop=\"blogPost\" ><div class='avia_textblock  '   itemprop=\"text\" ><p style=\"text-align: center;\"><strong><span style=\"font-size: 18pt;\">Ni\u00f1os y ni\u00f1as del Jard\u00edn Infantil Arcoiris recibieron su primera c\u00e9dula de identidad <\/span><\/strong><\/p>\n<div id=\"gtx-trans\" style=\"position: absolute; left: -50px; top: 4.31534px;\">\n<div class=\"gtx-trans-icon\"><\/div>\n<\/div>\n<\/div><\/section><\/div><div class=\"flex_column av_one_full  flex_column_div av-zero-column-padding first  avia-builder-el-4  el_after_av_one_full  el_before_av_hr  column-top-margin\" style='border-radius:0px; '><section class=\"av_textblock_section \"  itemscope=\"itemscope\" itemtype=\"https:\/\/schema.org\/BlogPosting\" itemprop=\"blogPost\" ><div class='avia_textblock  '   itemprop=\"text\" ><p style=\"text-align: justify;\">En una peque\u00f1a pero significativa ceremonia realizada el pasado martes, cuatro ni\u00f1os y ni\u00f1as del Jard\u00edn Infantil Arcoiris de un total de nueve, recibieron su primera c\u00e9dula de identidad, actividad realizada en el marco de la conmemoraci\u00f3n de los Derechos de los Ni\u00f1os y Ni\u00f1as y que cont\u00f3 con la presencia del Seremi de Justicia y DD.HH Samuel Navarro Castro, el Director Regional del Servicio de Registro Civil e Identificaci\u00f3n Rodrigo Aguilera, la directora del establecimiento Daniela Molina, adem\u00e1s de apoderados y personal del jard\u00edn.<\/p>\n<p style=\"text-align: justify;\">Tras la ceremonia, Fernanda Ibarra y Leandro Haros, apoderados del Jard\u00edn Infantil Arcoiris se\u00f1alaron que \u201cson instancias que nos favorecen y como ac\u00e1 todos trabajamos, entonces como que nos facilita un poco las cosas, el v\u00ednculo con el jard\u00edn, as\u00ed que hace que todo sea m\u00e1s ameno y familiar, es importante destacar la coordinaci\u00f3n que hay teniendo en cuenta que son los m\u00e1s chiquititos por eso es que s\u00faper importante que la Junji junto a la direcci\u00f3n del jard\u00edn y el Registro Civil tengan la capacidad de gestionar estos procesos, obviamente como dice Fernanda facilitando y d\u00e1ndole una nueva experiencia a nuestros hijos e hijas para que puedan tener en este caso su primera c\u00e9dula de identidad\u201d.<\/p>\n<p style=\"text-align: justify;\">En la oportunidad, el Seremi de Justicia y DD.HH Samuel Navarro Castro se refiri\u00f3 a esta ceremonia indicando que \u201cnos parece importante que el Registro Civil, un servicio dependiente del Ministerio de Justicia y Derechos Humanos est\u00e9 presente en los establecimientos educacionales, en este caso en el jard\u00edn infantil Arcoiris en esta entrega y obtenci\u00f3n de la primera c\u00e9dula de identidad para ni\u00f1os y ni\u00f1as que est\u00e1n matriculados en este jard\u00edn infantil, esto en el contexto del derechos de los ni\u00f1os que tienen una multiplicidad de derechos que hemos estado reconociendo como Estado, nos parece importante la entrega de esta primera cedula de identidad porque les permite no solo a sus padres tenerlos identificados, sino que tambi\u00e9n les permite hacer algunos tr\u00e1mites, viajar, por lo tanto vamos a seguir colaborando con distintos jardines infantiles y con la comunidad en general\u201d.<\/p>\n<p style=\"text-align: justify;\">En tanto, el Director Regional del Servicio de Registro Civil e Identificaci\u00f3n, Rodrigo Aguilera se\u00f1al\u00f3 que \u201cpara nosotros es muy importante estar hoy d\u00eda ac\u00e1 puesto que nos permite contribuir a varias cosas, primero que nada, a que los ni\u00f1os obtengan su c\u00e9dula de identidad, y por otro lado nos permite acercarnos a la familia a trav\u00e9s de la entrega de c\u00e9dulas a los ni\u00f1os directamente en los jardines infantiles, y as\u00ed las familias no tengan que concurrir a las oficinas del Registro Civil y as\u00ed evitar las aglomeraciones que pudiesen provocar contagios por Covid, recordar que tenemos una oficina de terreno con la que concurrimos tanto a jardines infantiles como a cualquier otro tipo de organizaciones donde nos convoquen para hacer distintos tipos de tr\u00e1mites, no solo c\u00e9dulas de identidad sino que tambi\u00e9n otros requerimientos.\u201d<\/p>\n<p style=\"text-align: justify;\">A su vez, la directora del Jard\u00edn Infantil Arcoiris Daniela Molina se mostr\u00f3 muy contenta y agradecida por la actividad se\u00f1alando que \u201cmira la verdad que nosotros realizamos esta coordinaci\u00f3n con el Registro Civil a ra\u00edz de la conmemoraci\u00f3n de los derechos de las ni\u00f1as y los ni\u00f1os, y la verdad es que las familias acceden de manera autom\u00e1tica, porque se facilita un mont\u00f3n el tr\u00e1mite, es menos engorroso, hay que hacer menos fila, el Registro Civil viene con todo el equipamiento al jard\u00edn infantil y hacemos todas las gestiones ac\u00e1, as\u00ed que en ese sentido las familias est\u00e1n agradecidas y contentas, y nosotras tambi\u00e9n porque consideramos que trabajar en equipo con el resto de los servicios va en solo beneficio de los ni\u00f1os y ni\u00f1as\u201d.<\/p>\n<p style=\"text-align: justify;\">Finalmente, reiterar la disposici\u00f3n del Servicio de Registro Civil e Identificaci\u00f3n a trav\u00e9s de su unidad de atenci\u00f3n en terreno, que permite acudir a distintos sectores y localidades, con el objetivo de facilitar el acceso de quienes tienen mayor dificultad para realizar sus tr\u00e1mites de manera presencial en las distintas oficinas que posee el servicio en nuestra regi\u00f3n.<\/p>\n<\/div><\/section><\/div><div  style='height:50px' class='hr hr-invisible   avia-builder-el-6  el_after_av_one_full  el_before_av_social_share '><span class='hr-inner ' ><span class='hr-inner-style'><\/span><\/span><\/div><\/p>\n<div  class='av-social-sharing-box  avia-builder-el-7  el_after_av_hr  el_before_av_hr  '><div class='av-share-box'><h5 class='av-share-link-description av-no-toc '>Compartir esta noticia<\/h5><ul class='av-share-box-list noLightbox'><li class='av-share-link av-social-link-facebook' ><a target=\"_blank\" aria-label=\"Compartir en Facebook\" href='https:\/\/www.facebook.com\/sharer.php?u=https:\/\/radiorevelacionfm.cl\/?p=20944&#038;t=Ni%C3%B1os%20y%20ni%C3%B1as%20del%20Jard%C3%ADn%20Infantil%20Arcoiris%20recibieron%20su%20primera%20c%C3%A9dula%20de%20identidad' aria-hidden='false' data-av_icon='\ue8f3' data-av_iconfont='entypo-fontello' title='' data-avia-related-tooltip='Compartir en Facebook' rel=\"noopener\"><span class='avia_hidden_link_text'>Compartir en Facebook<\/span><\/a><\/li><li class='av-share-link av-social-link-twitter' ><a target=\"_blank\" aria-label=\"Compartir en Twitter\" href='https:\/\/twitter.com\/share?text=Ni%C3%B1os%20y%20ni%C3%B1as%20del%20Jard%C3%ADn%20Infantil%20Arcoiris%20recibieron%20su%20primera%20c%C3%A9dula%20de%20identidad&#038;url=https:\/\/radiorevelacionfm.cl\/?p=20944' aria-hidden='false' data-av_icon='\ue8f1' data-av_iconfont='entypo-fontello' title='' data-avia-related-tooltip='Compartir en Twitter' rel=\"noopener\"><span class='avia_hidden_link_text'>Compartir en Twitter<\/span><\/a><\/li><li class='av-share-link av-social-link-whatsapp' ><a target=\"_blank\" aria-label=\"Compartir en Whatsapp\" href='https:\/\/api.whatsapp.com\/send?text=https:\/\/radiorevelacionfm.cl\/?p=20944' aria-hidden='false' data-av_icon='\uf232' data-av_iconfont='entypo-fontello' title='' data-avia-related-tooltip='Compartir en Whatsapp' rel=\"noopener\"><span class='avia_hidden_link_text'>Compartir en Whatsapp<\/span><\/a><\/li><li class='av-share-link av-social-link-linkedin' ><a target=\"_blank\" aria-label=\"Compartir en LinkedIn\" href='https:\/\/linkedin.com\/shareArticle?mini=true&#038;title=Ni%C3%B1os%20y%20ni%C3%B1as%20del%20Jard%C3%ADn%20Infantil%20Arcoiris%20recibieron%20su%20primera%20c%C3%A9dula%20de%20identidad&#038;url=https:\/\/radiorevelacionfm.cl\/?p=20944' aria-hidden='false' data-av_icon='\ue8fc' data-av_iconfont='entypo-fontello' title='' data-avia-related-tooltip='Compartir en LinkedIn' rel=\"noopener\"><span class='avia_hidden_link_text'>Compartir en LinkedIn<\/span><\/a><\/li><li class='av-share-link av-social-link-mail' ><a  aria-label=\"Compartir por correo\" href='mailto:?subject=Ni%C3%B1os%20y%20ni%C3%B1as%20del%20Jard%C3%ADn%20Infantil%20Arcoiris%20recibieron%20su%20primera%20c%C3%A9dula%20de%20identidad&#038;body=https:\/\/radiorevelacionfm.cl\/?p=20944' aria-hidden='false' data-av_icon='\ue805' data-av_iconfont='entypo-fontello' title='' data-avia-related-tooltip='Compartir por correo'><span class='avia_hidden_link_text'>Compartir por correo<\/span><\/a><\/li><\/ul><\/div><\/div>\n<div  style='height:50px' class='hr hr-invisible   avia-builder-el-8  el_after_av_social_share  el_before_av_comments_list '><span class='hr-inner ' ><span class='hr-inner-style'><\/span><\/span><\/div>\n<div  class='av-buildercomment  av-blog-meta-html-info-disabled av-blog-meta-tag-disabled  '><\/div>\n","protected":false},"excerpt":{"rendered":"","protected":false},"author":1,"featured_media":20945,"comment_status":"open","ping_status":"open","sticky":false,"template":"","format":"standard","meta":{"footnotes":""},"categories":[38],"tags":[],"class_list":["post-20944","post","type-post","status-publish","format-standard","has-post-thumbnail","hentry","category-regional"],"jetpack_featured_media_url":"https:\/\/radiorevelacionfm.cl\/wp-content\/uploads\/2022\/08\/mi-primera-cedula-2-1-1.jpg","_links":{"self":[{"href":"https:\/\/radiorevelacionfm.cl\/index.php?rest_route=\/wp\/v2\/posts\/20944","targetHints":{"allow":["GET"]}}],"collection":[{"href":"https:\/\/radiorevelacionfm.cl\/index.php?rest_route=\/wp\/v2\/posts"}],"about":[{"href":"https:\/\/radiorevelacionfm.cl\/index.php?rest_route=\/wp\/v2\/types\/post"}],"author":[{"embeddable":true,"href":"https:\/\/radiorevelacionfm.cl\/index.php?rest_route=\/wp\/v2\/users\/1"}],"replies":[{"embeddable":true,"href":"https:\/\/radiorevelacionfm.cl\/index.php?rest_route=%2Fwp%2Fv2%2Fcomments&post=20944"}],"version-history":[{"count":2,"href":"https:\/\/radiorevelacionfm.cl\/index.php?rest_route=\/wp\/v2\/posts\/20944\/revisions"}],"predecessor-version":[{"id":20956,"href":"https:\/\/radiorevelacionfm.cl\/index.php?rest_route=\/wp\/v2\/posts\/20944\/revisions\/20956"}],"wp:featuredmedia":[{"embeddable":true,"href":"https:\/\/radiorevelacionfm.cl\/index.php?rest_route=\/wp\/v2\/media\/20945"}],"wp:attachment":[{"href":"https:\/\/radiorevelacionfm.cl\/index.php?rest_route=%2Fwp%2Fv2%2Fmedia&parent=20944"}],"wp:term":[{"taxonomy":"category","embeddable":true,"href":"https:\/\/radiorevelacionfm.cl\/index.php?rest_route=%2Fwp%2Fv2%2Fcategories&post=20944"},{"taxonomy":"post_tag","embeddable":true,"href":"https:\/\/radiorevelacionfm.cl\/index.php?rest_route=%2Fwp%2Fv2%2Ftags&post=20944"}],"curies":[{"name":"wp","href":"https:\/\/api.w.org\/{rel}","templated":true}]}}