{"id":20940,"date":"2022-08-24T16:42:23","date_gmt":"2022-08-24T19:42:23","guid":{"rendered":"https:\/\/radiorevelacionfm.cl\/?p=20940"},"modified":"2022-08-24T16:42:23","modified_gmt":"2022-08-24T19:42:23","slug":"futura-corporacion-conformada-por-gremios-de-aysen-se-integrara-a-la-multigremial-nacional","status":"publish","type":"post","link":"https:\/\/radiorevelacionfm.cl\/?p=20940","title":{"rendered":"Futura Corporaci\u00f3n conformada por gremios de Ays\u00e9n, se integrar\u00e1 a la Multigremial nacional"},"content":{"rendered":"<div class=\"flex_column av_one_full  flex_column_div av-zero-column-padding first  avia-builder-el-0  el_before_av_one_full  avia-builder-el-first  \" style='border-radius:0px; '><div  class='avia-image-container  av-styling-    avia-builder-el-1  avia-builder-el-no-sibling  avia-align-center '  itemprop=\"image\" itemscope=\"itemscope\" itemtype=\"https:\/\/schema.org\/ImageObject\"  ><div class='avia-image-container-inner'><div class='avia-image-overlay-wrap'><img decoding=\"async\" class='wp-image-20941 avia-img-lazy-loading-not-20941 avia_image' src=\"https:\/\/radiorevelacionfm.cl\/wp-content\/uploads\/2022\/08\/reunion-ogana-1_optimized.jpeg\" alt='' title='reuni\u00f3n-ogana-(1)_optimized' height=\"600\" width=\"1078\"  itemprop=\"thumbnailUrl\" srcset=\"https:\/\/radiorevelacionfm.cl\/wp-content\/uploads\/2022\/08\/reunion-ogana-1_optimized.jpeg 1078w, https:\/\/radiorevelacionfm.cl\/wp-content\/uploads\/2022\/08\/reunion-ogana-1_optimized-300x167.jpeg 300w, https:\/\/radiorevelacionfm.cl\/wp-content\/uploads\/2022\/08\/reunion-ogana-1_optimized-1030x573.jpeg 1030w, https:\/\/radiorevelacionfm.cl\/wp-content\/uploads\/2022\/08\/reunion-ogana-1_optimized-768x427.jpeg 768w, https:\/\/radiorevelacionfm.cl\/wp-content\/uploads\/2022\/08\/reunion-ogana-1_optimized-705x392.jpeg 705w, https:\/\/radiorevelacionfm.cl\/wp-content\/uploads\/2022\/08\/reunion-ogana-1_optimized-600x334.jpeg 600w\" sizes=\"(max-width: 1078px) 100vw, 1078px\" \/><\/div><\/div><\/div><\/div>\n<div class=\"flex_column av_one_full  flex_column_div av-zero-column-padding first  avia-builder-el-2  el_after_av_one_full  el_before_av_one_full  column-top-margin\" style='border-radius:0px; '><section class=\"av_textblock_section \"  itemscope=\"itemscope\" itemtype=\"https:\/\/schema.org\/BlogPosting\" itemprop=\"blogPost\" ><div class='avia_textblock  '   itemprop=\"text\" ><p style=\"text-align: center;\"><strong><span style=\"font-size: 18pt;\">Futura Corporaci\u00f3n conformada por gremios de Ays\u00e9n, se integrar\u00e1 a la Multigremial nacional<\/span><\/strong><\/p>\n<div id=\"gtx-trans\" style=\"position: absolute; left: -50px; top: 4.31534px;\">\n<div class=\"gtx-trans-icon\"><\/div>\n<\/div>\n<\/div><\/section><\/div><div class=\"flex_column av_one_full  flex_column_div av-zero-column-padding first  avia-builder-el-4  el_after_av_one_full  el_before_av_hr  column-top-margin\" style='border-radius:0px; '><section class=\"av_textblock_section \"  itemscope=\"itemscope\" itemtype=\"https:\/\/schema.org\/BlogPosting\" itemprop=\"blogPost\" ><div class='avia_textblock  '   itemprop=\"text\" ><p style=\"text-align: justify;\">Iniciar las conversaciones que dar\u00e1n pie a la integraci\u00f3n de los gremios regionales a la Multigremial nacional, fue la invitaci\u00f3n que hizo el presidente del organismo, Juan Pablo Swett, en Coyhaique, al bloque de gremios locales, conformados por las C\u00e1maras de Turismo Coyhaique, de Comercio y C\u00e1mara Chilena de la Construcci\u00f3n, junto al, Consejo del Salm\u00f3n, Salm\u00f3n Chile y la Asociaci\u00f3n Gremial Agr\u00edcola y Ganadera Austral (Ogana).<\/p>\n<p style=\"text-align: justify;\">El presidente nacional de la Multigremial, Juan Pablo Swett, invit\u00f3 a los representantes regionales a sumarse al trabajo que se desarrolla en el pa\u00eds a trav\u00e9s de la organizaci\u00f3n, generando la articulaci\u00f3n que permita promover el trabajo colectivo y colaborativo entre los sectores \u00a0que tienen impacto local y nacional.<\/p>\n<p style=\"text-align: justify;\">\u201cDefinimos trabajar en conjunto todos los temas de pol\u00edticas p\u00fablicas que se nos vienen por delante, las reformas tributaria, laboral, de pensiones, el proceso constitucional, para definir en conjunto cu\u00e1l va a ser la postura de la pymes y emprendedores de la regi\u00f3n, porque es clave para el pa\u00eds y regi\u00f3n\u201d, detall\u00f3 Swett al t\u00e9rmino de la reuni\u00f3n.<\/p>\n<p style=\"text-align: justify;\">En paralelo, el presidente regional de Ogana Pablo Mata Almonacid, junto con agradecer la participaci\u00f3n de los gremios regionales a esta convocatoria generada por Ogana, valor\u00f3 el di\u00e1logo con Swett y el equipo de la Multigremial nacional \u201cAbordamos temas que son tremendamente relevantes para el futuro productivo del pa\u00eds, establecimos puentes y v\u00ednculos de contacto para aprovechar las sinergias que existen entre los distintos rubros y poder participar de manera activa en los programas de reactivaci\u00f3n econ\u00f3mica\u201d.<\/p>\n<p style=\"text-align: justify;\">Por su parte Hern\u00e1n Rebolledo de Salm\u00f3n Chile, expres\u00f3 que \u201cinstancias de este tipo, donde se pueden compartir ideas, unir v\u00ednculos entre los gremios y dialogar con el\u00a0 equipo de la Multigremial nacional, son \u00fanicas y se convierte en valiosos espacios que debemos aprovechar\u201d, concluy\u00f3 agradeciendo la invitaci\u00f3n.<\/p>\n<p style=\"text-align: justify;\">En tanto, la presidenta de la C\u00e1mara de Comercio, Daissy Mondelo, agreg\u00f3 que \u201cChile lo construimos todos, los entes productivos y gremiales de nuestra Regi\u00f3n de Ays\u00e9n. Reunidos desde diversos rubros, con el objetivo de fortalecer las iniciativas que se est\u00e1n impulsando en materia de desarrollo regional y econ\u00f3mico\u201d.<\/p>\n<p style=\"text-align: justify;\">El timonel de la Asociaci\u00f3n Agr\u00edcola y Ganadera Austral, Ogana, con 75 a\u00f1os de vida gremial y 61 socios, enfatiz\u00f3 en que los puentes de comunicaci\u00f3n que se generan en estos casos son fundamentales \u201cpara que los gremios sean un aporte real a la sociedad, no solo por la producci\u00f3n, si no para ayudar a que las pol\u00edticas p\u00fablicas se construyan con los pies puestos sobre la tierra y sean de una aplicabilidad f\u00e1cil y bien adaptadas para el beneficio de todos\u201d, agreg\u00f3 Mata.<\/p>\n<p style=\"text-align: justify;\">La reuni\u00f3n se transform\u00f3 en el puntapi\u00e9 para mantener una relaci\u00f3n laboral y vinculante a largo plazo, en donde cada uno de los participantes tendr\u00e1 el deber de aportar para su continuidad, con miras a la uni\u00f3n de gremios regionales en la Multigremial nacional.<\/p>\n<p style=\"text-align: justify;\">Los representantes de los gremios regionales fueron, \u00a0Jos\u00e9 Rodr\u00edguez E, Sergio de Amesti, Felipe Henr\u00edquez\u00a0 y Juan Pablo Galilea de OGANA; Daissy Mondelo de la C\u00e1mara de Comercio; Manuel Suazo de la C\u00e1mara Chilena de la Construcci\u00f3n; Hern\u00e1n Rebolledo de Salm\u00f3n Chile; y Benito Hernando y Mar\u00eda Cristina Reyes de la C\u00e1mara de Turismo.<\/p>\n<\/div><\/section><\/div><\/p>\n<div  style='height:50px' class='hr hr-invisible   avia-builder-el-6  el_after_av_one_full  el_before_av_social_share '><span class='hr-inner ' ><span class='hr-inner-style'><\/span><\/span><\/div>\n<div  class='av-social-sharing-box  avia-builder-el-7  el_after_av_hr  el_before_av_hr  '><div class='av-share-box'><h5 class='av-share-link-description av-no-toc '>Compartir esta noticia<\/h5><ul class='av-share-box-list noLightbox'><li class='av-share-link av-social-link-facebook' ><a target=\"_blank\" aria-label=\"Compartir en Facebook\" href='https:\/\/www.facebook.com\/sharer.php?u=https:\/\/radiorevelacionfm.cl\/?p=20940&#038;t=Futura%20Corporaci%C3%B3n%20conformada%20por%20gremios%20de%20Ays%C3%A9n%2C%20se%20integrar%C3%A1%20a%20la%20Multigremial%20nacional' aria-hidden='false' data-av_icon='\ue8f3' data-av_iconfont='entypo-fontello' title='' data-avia-related-tooltip='Compartir en Facebook' rel=\"noopener\"><span class='avia_hidden_link_text'>Compartir en Facebook<\/span><\/a><\/li><li class='av-share-link av-social-link-twitter' ><a target=\"_blank\" aria-label=\"Compartir en Twitter\" href='https:\/\/twitter.com\/share?text=Futura%20Corporaci%C3%B3n%20conformada%20por%20gremios%20de%20Ays%C3%A9n%2C%20se%20integrar%C3%A1%20a%20la%20Multigremial%20nacional&#038;url=https:\/\/radiorevelacionfm.cl\/?p=20940' aria-hidden='false' data-av_icon='\ue8f1' data-av_iconfont='entypo-fontello' title='' data-avia-related-tooltip='Compartir en Twitter' rel=\"noopener\"><span class='avia_hidden_link_text'>Compartir en Twitter<\/span><\/a><\/li><li class='av-share-link av-social-link-whatsapp' ><a target=\"_blank\" aria-label=\"Compartir en Whatsapp\" href='https:\/\/api.whatsapp.com\/send?text=https:\/\/radiorevelacionfm.cl\/?p=20940' aria-hidden='false' data-av_icon='\uf232' data-av_iconfont='entypo-fontello' title='' data-avia-related-tooltip='Compartir en Whatsapp' rel=\"noopener\"><span class='avia_hidden_link_text'>Compartir en Whatsapp<\/span><\/a><\/li><li class='av-share-link av-social-link-linkedin' ><a target=\"_blank\" aria-label=\"Compartir en LinkedIn\" href='https:\/\/linkedin.com\/shareArticle?mini=true&#038;title=Futura%20Corporaci%C3%B3n%20conformada%20por%20gremios%20de%20Ays%C3%A9n%2C%20se%20integrar%C3%A1%20a%20la%20Multigremial%20nacional&#038;url=https:\/\/radiorevelacionfm.cl\/?p=20940' aria-hidden='false' data-av_icon='\ue8fc' data-av_iconfont='entypo-fontello' title='' data-avia-related-tooltip='Compartir en LinkedIn' rel=\"noopener\"><span class='avia_hidden_link_text'>Compartir en LinkedIn<\/span><\/a><\/li><li class='av-share-link av-social-link-mail' ><a  aria-label=\"Compartir por correo\" href='mailto:?subject=Futura%20Corporaci%C3%B3n%20conformada%20por%20gremios%20de%20Ays%C3%A9n%2C%20se%20integrar%C3%A1%20a%20la%20Multigremial%20nacional&#038;body=https:\/\/radiorevelacionfm.cl\/?p=20940' aria-hidden='false' data-av_icon='\ue805' data-av_iconfont='entypo-fontello' title='' data-avia-related-tooltip='Compartir por correo'><span class='avia_hidden_link_text'>Compartir por correo<\/span><\/a><\/li><\/ul><\/div><\/div>\n<div  style='height:50px' class='hr hr-invisible   avia-builder-el-8  el_after_av_social_share  el_before_av_comments_list '><span class='hr-inner ' ><span class='hr-inner-style'><\/span><\/span><\/div>\n<div  class='av-buildercomment  av-blog-meta-html-info-disabled av-blog-meta-tag-disabled  '><\/div>\n","protected":false},"excerpt":{"rendered":"","protected":false},"author":1,"featured_media":20941,"comment_status":"open","ping_status":"open","sticky":false,"template":"","format":"standard","meta":{"footnotes":""},"categories":[45],"tags":[],"class_list":["post-20940","post","type-post","status-publish","format-standard","has-post-thumbnail","hentry","category-comercio"],"jetpack_featured_media_url":"https:\/\/radiorevelacionfm.cl\/wp-content\/uploads\/2022\/08\/reunion-ogana-1_optimized.jpeg","_links":{"self":[{"href":"https:\/\/radiorevelacionfm.cl\/index.php?rest_route=\/wp\/v2\/posts\/20940","targetHints":{"allow":["GET"]}}],"collection":[{"href":"https:\/\/radiorevelacionfm.cl\/index.php?rest_route=\/wp\/v2\/posts"}],"about":[{"href":"https:\/\/radiorevelacionfm.cl\/index.php?rest_route=\/wp\/v2\/types\/post"}],"author":[{"embeddable":true,"href":"https:\/\/radiorevelacionfm.cl\/index.php?rest_route=\/wp\/v2\/users\/1"}],"replies":[{"embeddable":true,"href":"https:\/\/radiorevelacionfm.cl\/index.php?rest_route=%2Fwp%2Fv2%2Fcomments&post=20940"}],"version-history":[{"count":3,"href":"https:\/\/radiorevelacionfm.cl\/index.php?rest_route=\/wp\/v2\/posts\/20940\/revisions"}],"predecessor-version":[{"id":20958,"href":"https:\/\/radiorevelacionfm.cl\/index.php?rest_route=\/wp\/v2\/posts\/20940\/revisions\/20958"}],"wp:featuredmedia":[{"embeddable":true,"href":"https:\/\/radiorevelacionfm.cl\/index.php?rest_route=\/wp\/v2\/media\/20941"}],"wp:attachment":[{"href":"https:\/\/radiorevelacionfm.cl\/index.php?rest_route=%2Fwp%2Fv2%2Fmedia&parent=20940"}],"wp:term":[{"taxonomy":"category","embeddable":true,"href":"https:\/\/radiorevelacionfm.cl\/index.php?rest_route=%2Fwp%2Fv2%2Fcategories&post=20940"},{"taxonomy":"post_tag","embeddable":true,"href":"https:\/\/radiorevelacionfm.cl\/index.php?rest_route=%2Fwp%2Fv2%2Ftags&post=20940"}],"curies":[{"name":"wp","href":"https:\/\/api.w.org\/{rel}","templated":true}]}}