{"id":2094,"date":"2021-01-25T18:18:07","date_gmt":"2021-01-25T21:18:07","guid":{"rendered":"https:\/\/radiorevelacionfm.cl\/?p=2094"},"modified":"2021-01-25T18:18:29","modified_gmt":"2021-01-25T21:18:29","slug":"servel-ratifico-candidatura-de-marcos-silva-en-guaitecas","status":"publish","type":"post","link":"https:\/\/radiorevelacionfm.cl\/?p=2094","title":{"rendered":"Servel ratific\u00f3 candidatura de Marcos Silva en Guaitecas"},"content":{"rendered":"<div class=\"flex_column av_one_full  flex_column_div av-zero-column-padding first  avia-builder-el-0  el_before_av_one_full  avia-builder-el-first  \" style='border-radius:0px; '><div  class='avia-image-container  av-styling-    avia-builder-el-1  avia-builder-el-no-sibling  avia-align-center '  itemprop=\"image\" itemscope=\"itemscope\" itemtype=\"https:\/\/schema.org\/ImageObject\"  ><div class='avia-image-container-inner'><div class='avia-image-overlay-wrap'><img decoding=\"async\" class='wp-image-0 avia-img-lazy-loading-not-0 avia_image' src=\"https:\/\/radiorevelacionfm.cl\/wp-content\/uploads\/2021\/01\/MARCOS-SILVA.jpg\" alt='' title=''   itemprop=\"thumbnailUrl\"  \/><\/div><\/div><\/div><\/div><div class=\"flex_column av_one_full  flex_column_div av-zero-column-padding first  avia-builder-el-2  el_after_av_one_full  el_before_av_one_full  column-top-margin\" style='border-radius:0px; '><section class=\"av_textblock_section \"  itemscope=\"itemscope\" itemtype=\"https:\/\/schema.org\/BlogPosting\" itemprop=\"blogPost\" ><div class='avia_textblock  '   itemprop=\"text\" ><p style=\"text-align: center;\"><span style=\"font-size: 18pt;\"><strong>Servel ratific\u00f3 candidatura de Marcos Silva en Guaitecas<\/strong><\/span><\/p>\n<div id=\"gtx-trans\" style=\"position: absolute; left: -50px; top: 4.31534px;\">\n<div class=\"gtx-trans-icon\"><\/div>\n<\/div>\n<\/div><\/section><\/div><div class=\"flex_column av_one_full  flex_column_div av-zero-column-padding first  avia-builder-el-4  el_after_av_one_full  el_before_av_hr  column-top-margin\" style='border-radius:0px; '><section class=\"av_textblock_section \"  itemscope=\"itemscope\" itemtype=\"https:\/\/schema.org\/BlogPosting\" itemprop=\"blogPost\" ><div class='avia_textblock  '   itemprop=\"text\" ><p style=\"text-align: justify;\">Listo para enfrentar elecciones de abril, Marcos Silva recibe ratificaci\u00f3n del Servel<\/p>\n<p style=\"text-align: justify;\">Una vez que el Servicio Electoral de nuestro pa\u00eds recibi\u00f3 las diferentes candidaturas a Alcalde y Concejal, se desarroll\u00f3 el proceso de revisi\u00f3n de los antecedentes y finalmente se conocieron los resultados de quienes pueden participar en las pr\u00f3ximas elecciones del mes de abril de este a\u00f1o.<\/p>\n<p style=\"text-align: justify;\">El candidato a la primera autoridad comunal de Guaitecas, Marcos Silva (PPD), se mostr\u00f3 feliz de ser parte de este nuevo desaf\u00edo y m\u00e1s a\u00fan que ello cuente con el respaldo de un n\u00famero importante de vecinos y vecinas del sector.<\/p>\n<p style=\"text-align: justify;\">\u201cContento con la ratificaci\u00f3n del Servel, por supuesto esto es m\u00e9rito de la comunidad de Melinka y Repollal, quienes depositaron toda su confianza y quienes facilitaron su firma y apoyo para poder levantar mi candidatura y ser inscrito. Tambi\u00e9n agradecer a quienes en su minuto quisieron firmar en respaldo a esta candidatura, pero que lamentablemente por los plazos y tiempos nos alcanzamos a llegar\u201d.<\/p>\n<p style=\"text-align: justify;\">Marcos Silva, est\u00e1 convencido que al ratificarse su candidatura por parte del Servel, \u201ces de alguna manera todo el trabajo que hemos realizado en los siete, ocho meses que llevamos administrando este Municipio y por supuesto es la contribuci\u00f3n de la comunidad de Guaitecas, que me apoy\u00f3 para ir de candidato y seguir trabajando\u201d.<\/p>\n<p style=\"text-align: justify;\">El candidato a Alcalde por Guaitecas, Marcos Silva (PPD), asegur\u00f3 que busca ser la autoridad comunal por los pr\u00f3ximos cuatro a\u00f1os, donde se compromete a redoblar los esfuerzos para sacar a su comuna adelante. Agradeciendo el importante respaldo de la comunidad, del presidente del PPD Heraldo Mu\u00f1oz y a la Senadora Ximena Ordenes.<\/p>\n<p style=\"text-align: justify;\">Silva, cree que en su calidad de vecino, pescador y sindicalista de Guaitecas, est\u00e1 en condiciones de seguir trabajando por esta zona del litoral de la regi\u00f3n de Ays\u00e9n. \u201cHaremos lo humanamente posible, como lo hemos hecho siempre con las manos limpias, trabajando a full, para poder desarrollar esta comuna\u201d, puntualiz\u00f3.<\/p>\n<\/div><\/section><\/div><div  style='height:50px' class='hr hr-invisible   avia-builder-el-6  el_after_av_one_full  el_before_av_social_share '><span class='hr-inner ' ><span class='hr-inner-style'><\/span><\/span><\/div><\/p>\n<div  class='av-social-sharing-box  avia-builder-el-7  el_after_av_hr  el_before_av_hr  '><div class='av-share-box'><h5 class='av-share-link-description av-no-toc '>Compartir esta noticia<\/h5><ul class='av-share-box-list noLightbox'><li class='av-share-link av-social-link-facebook' ><a target=\"_blank\" aria-label=\"Compartir en Facebook\" href='https:\/\/www.facebook.com\/sharer.php?u=https:\/\/radiorevelacionfm.cl\/?p=2094&#038;t=Servel%20ratific%C3%B3%20candidatura%20de%20Marcos%20Silva%20en%20Guaitecas' aria-hidden='false' data-av_icon='\ue8f3' data-av_iconfont='entypo-fontello' title='' data-avia-related-tooltip='Compartir en Facebook' rel=\"noopener\"><span class='avia_hidden_link_text'>Compartir en Facebook<\/span><\/a><\/li><li class='av-share-link av-social-link-twitter' ><a target=\"_blank\" aria-label=\"Compartir en Twitter\" href='https:\/\/twitter.com\/share?text=Servel%20ratific%C3%B3%20candidatura%20de%20Marcos%20Silva%20en%20Guaitecas&#038;url=https:\/\/radiorevelacionfm.cl\/?p=2094' aria-hidden='false' data-av_icon='\ue8f1' data-av_iconfont='entypo-fontello' title='' data-avia-related-tooltip='Compartir en Twitter' rel=\"noopener\"><span class='avia_hidden_link_text'>Compartir en Twitter<\/span><\/a><\/li><li class='av-share-link av-social-link-whatsapp' ><a target=\"_blank\" aria-label=\"Compartir en Whatsapp\" href='https:\/\/api.whatsapp.com\/send?text=https:\/\/radiorevelacionfm.cl\/?p=2094' aria-hidden='false' data-av_icon='\uf232' data-av_iconfont='entypo-fontello' title='' data-avia-related-tooltip='Compartir en Whatsapp' rel=\"noopener\"><span class='avia_hidden_link_text'>Compartir en Whatsapp<\/span><\/a><\/li><li class='av-share-link av-social-link-linkedin' ><a target=\"_blank\" aria-label=\"Compartir en LinkedIn\" href='https:\/\/linkedin.com\/shareArticle?mini=true&#038;title=Servel%20ratific%C3%B3%20candidatura%20de%20Marcos%20Silva%20en%20Guaitecas&#038;url=https:\/\/radiorevelacionfm.cl\/?p=2094' aria-hidden='false' data-av_icon='\ue8fc' data-av_iconfont='entypo-fontello' title='' data-avia-related-tooltip='Compartir en LinkedIn' rel=\"noopener\"><span class='avia_hidden_link_text'>Compartir en LinkedIn<\/span><\/a><\/li><li class='av-share-link av-social-link-mail' ><a  aria-label=\"Compartir por correo\" href='mailto:?subject=Servel%20ratific%C3%B3%20candidatura%20de%20Marcos%20Silva%20en%20Guaitecas&#038;body=https:\/\/radiorevelacionfm.cl\/?p=2094' aria-hidden='false' data-av_icon='\ue805' data-av_iconfont='entypo-fontello' title='' data-avia-related-tooltip='Compartir por correo'><span class='avia_hidden_link_text'>Compartir por correo<\/span><\/a><\/li><\/ul><\/div><\/div>\n<div  style='height:50px' class='hr hr-invisible   avia-builder-el-8  el_after_av_social_share  el_before_av_comments_list '><span class='hr-inner ' ><span class='hr-inner-style'><\/span><\/span><\/div>\n<div  class='av-buildercomment  av-blog-meta-html-info-disabled av-blog-meta-tag-disabled  '><\/div>\n","protected":false},"excerpt":{"rendered":"","protected":false},"author":1,"featured_media":0,"comment_status":"open","ping_status":"open","sticky":false,"template":"","format":"standard","meta":{"footnotes":""},"categories":[35],"tags":[],"class_list":["post-2094","post","type-post","status-publish","format-standard","hentry","category-politica"],"jetpack_featured_media_url":"","_links":{"self":[{"href":"https:\/\/radiorevelacionfm.cl\/index.php?rest_route=\/wp\/v2\/posts\/2094","targetHints":{"allow":["GET"]}}],"collection":[{"href":"https:\/\/radiorevelacionfm.cl\/index.php?rest_route=\/wp\/v2\/posts"}],"about":[{"href":"https:\/\/radiorevelacionfm.cl\/index.php?rest_route=\/wp\/v2\/types\/post"}],"author":[{"embeddable":true,"href":"https:\/\/radiorevelacionfm.cl\/index.php?rest_route=\/wp\/v2\/users\/1"}],"replies":[{"embeddable":true,"href":"https:\/\/radiorevelacionfm.cl\/index.php?rest_route=%2Fwp%2Fv2%2Fcomments&post=2094"}],"version-history":[{"count":1,"href":"https:\/\/radiorevelacionfm.cl\/index.php?rest_route=\/wp\/v2\/posts\/2094\/revisions"}],"predecessor-version":[{"id":2096,"href":"https:\/\/radiorevelacionfm.cl\/index.php?rest_route=\/wp\/v2\/posts\/2094\/revisions\/2096"}],"wp:attachment":[{"href":"https:\/\/radiorevelacionfm.cl\/index.php?rest_route=%2Fwp%2Fv2%2Fmedia&parent=2094"}],"wp:term":[{"taxonomy":"category","embeddable":true,"href":"https:\/\/radiorevelacionfm.cl\/index.php?rest_route=%2Fwp%2Fv2%2Fcategories&post=2094"},{"taxonomy":"post_tag","embeddable":true,"href":"https:\/\/radiorevelacionfm.cl\/index.php?rest_route=%2Fwp%2Fv2%2Ftags&post=2094"}],"curies":[{"name":"wp","href":"https:\/\/api.w.org\/{rel}","templated":true}]}}