{"id":20932,"date":"2022-08-24T13:00:04","date_gmt":"2022-08-24T16:00:04","guid":{"rendered":"https:\/\/radiorevelacionfm.cl\/?p=20932"},"modified":"2022-08-24T13:02:58","modified_gmt":"2022-08-24T16:02:58","slug":"caso-fam-corte-de-apelaciones-de-coyhaique-rechaza-recurso-de-amparo-preventivo-de-militares-r","status":"publish","type":"post","link":"https:\/\/radiorevelacionfm.cl\/?p=20932","title":{"rendered":"Caso FAM: Corte de Apelaciones de Coyhaique rechaza recurso de amparo preventivo de militares en retiro"},"content":{"rendered":"<div class=\"flex_column av_one_full  flex_column_div av-zero-column-padding first  avia-builder-el-0  el_before_av_one_full  avia-builder-el-first  \" style='border-radius:0px; '><div  class='avia-image-container  av-styling-    avia-builder-el-1  avia-builder-el-no-sibling  avia-align-center '  itemprop=\"image\" itemscope=\"itemscope\" itemtype=\"https:\/\/schema.org\/ImageObject\"  ><div class='avia-image-container-inner'><div class='avia-image-overlay-wrap'><img decoding=\"async\" class='wp-image-20933 avia-img-lazy-loading-not-20933 avia_image' src=\"https:\/\/radiorevelacionfm.cl\/wp-content\/uploads\/2022\/08\/fam-3-1_optimized.jpg\" alt='' title='fam-(3)-(1)_optimized' height=\"600\" width=\"1125\"  itemprop=\"thumbnailUrl\" srcset=\"https:\/\/radiorevelacionfm.cl\/wp-content\/uploads\/2022\/08\/fam-3-1_optimized.jpg 1125w, https:\/\/radiorevelacionfm.cl\/wp-content\/uploads\/2022\/08\/fam-3-1_optimized-300x160.jpg 300w, https:\/\/radiorevelacionfm.cl\/wp-content\/uploads\/2022\/08\/fam-3-1_optimized-1030x549.jpg 1030w, https:\/\/radiorevelacionfm.cl\/wp-content\/uploads\/2022\/08\/fam-3-1_optimized-768x410.jpg 768w, https:\/\/radiorevelacionfm.cl\/wp-content\/uploads\/2022\/08\/fam-3-1_optimized-705x376.jpg 705w, https:\/\/radiorevelacionfm.cl\/wp-content\/uploads\/2022\/08\/fam-3-1_optimized-600x320.jpg 600w\" sizes=\"(max-width: 1125px) 100vw, 1125px\" \/><\/div><\/div><\/div><\/div>\n<div class=\"flex_column av_one_full  flex_column_div av-zero-column-padding first  avia-builder-el-2  el_after_av_one_full  el_before_av_one_full  column-top-margin\" style='border-radius:0px; '><section class=\"av_textblock_section \"  itemscope=\"itemscope\" itemtype=\"https:\/\/schema.org\/BlogPosting\" itemprop=\"blogPost\" ><div class='avia_textblock  '   itemprop=\"text\" ><p style=\"text-align: center;\"><span style=\"font-size: 18pt;\"><b>Caso FAM: Corte de Apelaciones de Coyhaique rechaza recurso de amparo preventivo de militares en retiro<\/b><\/span><\/p>\n<div id=\"gtx-trans\" style=\"position: absolute; left: -50px; top: 4.31534px;\">\n<div class=\"gtx-trans-icon\"><\/div>\n<\/div>\n<\/div><\/section><\/div><div class=\"flex_column av_one_full  flex_column_div av-zero-column-padding first  avia-builder-el-4  el_after_av_one_full  el_before_av_hr  column-top-margin\" style='border-radius:0px; '><section class=\"av_textblock_section \"  itemscope=\"itemscope\" itemtype=\"https:\/\/schema.org\/BlogPosting\" itemprop=\"blogPost\" ><div class='avia_textblock  '   itemprop=\"text\" ><p class=\"v1MsoNormal\" style=\"text-align: justify;\">La Corte de Apelaciones de Coyhaique rechaz\u00f3 el recurso de amparo preventivo presentado en contra del fiscal regional de Ays\u00e9n, Carlos Palma Guerra, por 14 suboficiales del Ej\u00e9rcito en retiro, citados para el 12, 13 y 14 de septiembre pr\u00f3ximo, a audiencia de formalizaci\u00f3n de investigaci\u00f3n por fraude al fisco, en calidad de autores del delito que habr\u00edan perpetrado entre enero de 2012 y julio de 2017, en la ciudad.<\/p>\n<p class=\"v1MsoNormal\" style=\"text-align: justify;\">En fallo un\u00e1nime (causa rol 43-2022), la Primera Sala del tribunal de alzada \u2013integrada por los ministros Pedro Castro Espinoza, Jos\u00e9 Ignacio Mora Trujillo y Natalia Rencoret Oliva\u2013 rechaz\u00f3 la acci\u00f3n constitucional presentada, al estimar que el actuar del persecutor no constituye una perturbaci\u00f3n o amenaza a la libertad personal o a la seguridad individual de los amparados.<\/p>\n<p class=\"v1MsoNormal\" style=\"text-align: justify;\">\u00abQue, cabe tener presente, primeramente, que el Ministerio P\u00fablico es un organismo de rango constitucional, jerarquizado y aut\u00f3nomo, cuya misi\u00f3n u objetivo es la direcci\u00f3n de la investigaci\u00f3n de los hechos constitutivos de delito, los que determinen la participaci\u00f3n punible y los que acrediten la inocencia del imputado, as\u00ed como ejercer la acci\u00f3n penal p\u00fablica formulando, si procede, la acusaci\u00f3n en contra de los responsables y sosteniendo dicha acusaci\u00f3n en un juicio, ante los tribunales de justicia; y la protecci\u00f3n de v\u00edctimas y testigos de delitos\u00bb, consigna el fallo.<\/p>\n<p class=\"v1MsoNormal\" style=\"text-align: justify;\">La resoluci\u00f3n agrega que: \u00ab(&#8230;) en el presente caso y tal como consta de los antecedentes, el fundamento legal que arguy\u00f3 la Fiscal\u00eda al solicitar la fijaci\u00f3n de audiencia para la formalizaci\u00f3n de los amparados, fue lo dispuesto en el art\u00edculo 231 del C\u00f3digo Procesal Penal citado, en la que se contienen la individualizaci\u00f3n de quienes pretende formalizar, con indicaci\u00f3n de su c\u00e9dula de identidad y domicilio; el delito que se le atribuye, en el caso, de fraude al fisco, delito previsto y sancionado en el art\u00edculo 239 del C\u00f3digo Penal, en grado consumado, participando en calidad de autores, del art\u00edculo 15 N\u00ba 1 del C\u00f3digo Penal, cometido en el per\u00edodo comprendido entre enero de 2012 y julio de 2017, en Coyhaique\u00bb.<\/p>\n<p class=\"v1MsoNormal\" style=\"text-align: justify;\">Para el tribunal de alza: \u00ab(&#8230;) as\u00ed entonces, de los argumentos y razonamientos precedentes, puede colegirse que los antecedentes expuestos por el Ministerio P\u00fablico para solicitar la formalizaci\u00f3n resultaron suficientes para el Tribunal en el sentido de acceder a lo pedido y fijar la audiencia de formalizaci\u00f3n respectiva, en la que los imputados podr\u00e1n participar v\u00eda remota desde el lugar en que se encuentren, con la debida asistencia de un abogado de su confianza, en resguardo de sus garant\u00edas procesales, sin que sea plausible entonces estimar la existencia de alguna privaci\u00f3n, perturbaci\u00f3n o amenaza a la libertad personal o seguridad individual de los amparados, conforme lo exige el art\u00edculo 21 de la Constituci\u00f3n Pol\u00edtica de la Rep\u00fablica, raz\u00f3n por la cual la presente acci\u00f3n de amparo deber\u00e1 ser rechazada, como se expresar\u00e1\u00bb.<\/p>\n<p class=\"v1MsoNormal\" style=\"text-align: justify;\">Por tanto, se resuelve que: \u00ab<b>SE RECHAZA<\/b>\u00a0la acci\u00f3n constitucional de amparo deducida por Jean Paul Zimmermann Mussiett, abogado, a favor de Pedro Ernesto Cort\u00e9s Proboste, Pedro Pablo Lara Oliveros, El\u00edas Francisco Lobos Llebul, Pedro \u00c1ngel Molina Gajardo, Mario Octavio V\u00e1squez Neira, Patricio \u00c1lex Villarroel Mansilla, Roberto Enrique Navarrete D\u00edaz, Jorge Iv\u00e1n Pulgar Meza, Carlos Julio Sanhueza Sobarzo, don Jaime Antonio \u00c1vila Tejos, don V\u00edctor Manuel Caballero Jara, Guillermo Antonio Maldonado Osorio, Luis Ram\u00f3n C\u00e1ceres Santana y Mario Aladino Mansilla Rivera, en contra del Fiscal Regional de Ays\u00e9n del Ministerio P\u00fablico, Carlos Palma Guerra\u00bb.<\/p>\n<div style=\"text-align: justify;\"><\/div>\n<\/div><\/section><\/div><\/p>\n<div  style='height:50px' class='hr hr-invisible   avia-builder-el-6  el_after_av_one_full  el_before_av_social_share '><span class='hr-inner ' ><span class='hr-inner-style'><\/span><\/span><\/div>\n<div  class='av-social-sharing-box  avia-builder-el-7  el_after_av_hr  el_before_av_hr  '><div class='av-share-box'><h5 class='av-share-link-description av-no-toc '>Compartir esta noticia<\/h5><ul class='av-share-box-list noLightbox'><li class='av-share-link av-social-link-facebook' ><a target=\"_blank\" aria-label=\"Compartir en Facebook\" href='https:\/\/www.facebook.com\/sharer.php?u=https:\/\/radiorevelacionfm.cl\/?p=20932&#038;t=Caso%20FAM%3A%20Corte%20de%20Apelaciones%20de%20Coyhaique%20rechaza%20recurso%20de%20amparo%20preventivo%20de%20militares%20en%20retiro' aria-hidden='false' data-av_icon='\ue8f3' data-av_iconfont='entypo-fontello' title='' data-avia-related-tooltip='Compartir en Facebook' rel=\"noopener\"><span class='avia_hidden_link_text'>Compartir en Facebook<\/span><\/a><\/li><li class='av-share-link av-social-link-twitter' ><a target=\"_blank\" aria-label=\"Compartir en Twitter\" href='https:\/\/twitter.com\/share?text=Caso%20FAM%3A%20Corte%20de%20Apelaciones%20de%20Coyhaique%20rechaza%20recurso%20de%20amparo%20preventivo%20de%20militares%20en%20retiro&#038;url=https:\/\/radiorevelacionfm.cl\/?p=20932' aria-hidden='false' data-av_icon='\ue8f1' data-av_iconfont='entypo-fontello' title='' data-avia-related-tooltip='Compartir en Twitter' rel=\"noopener\"><span class='avia_hidden_link_text'>Compartir en Twitter<\/span><\/a><\/li><li class='av-share-link av-social-link-whatsapp' ><a target=\"_blank\" aria-label=\"Compartir en Whatsapp\" href='https:\/\/api.whatsapp.com\/send?text=https:\/\/radiorevelacionfm.cl\/?p=20932' aria-hidden='false' data-av_icon='\uf232' data-av_iconfont='entypo-fontello' title='' data-avia-related-tooltip='Compartir en Whatsapp' rel=\"noopener\"><span class='avia_hidden_link_text'>Compartir en Whatsapp<\/span><\/a><\/li><li class='av-share-link av-social-link-linkedin' ><a target=\"_blank\" aria-label=\"Compartir en LinkedIn\" href='https:\/\/linkedin.com\/shareArticle?mini=true&#038;title=Caso%20FAM%3A%20Corte%20de%20Apelaciones%20de%20Coyhaique%20rechaza%20recurso%20de%20amparo%20preventivo%20de%20militares%20en%20retiro&#038;url=https:\/\/radiorevelacionfm.cl\/?p=20932' aria-hidden='false' data-av_icon='\ue8fc' data-av_iconfont='entypo-fontello' title='' data-avia-related-tooltip='Compartir en LinkedIn' rel=\"noopener\"><span class='avia_hidden_link_text'>Compartir en LinkedIn<\/span><\/a><\/li><li class='av-share-link av-social-link-mail' ><a  aria-label=\"Compartir por correo\" href='mailto:?subject=Caso%20FAM%3A%20Corte%20de%20Apelaciones%20de%20Coyhaique%20rechaza%20recurso%20de%20amparo%20preventivo%20de%20militares%20en%20retiro&#038;body=https:\/\/radiorevelacionfm.cl\/?p=20932' aria-hidden='false' data-av_icon='\ue805' data-av_iconfont='entypo-fontello' title='' data-avia-related-tooltip='Compartir por correo'><span class='avia_hidden_link_text'>Compartir por correo<\/span><\/a><\/li><\/ul><\/div><\/div>\n<div  style='height:50px' class='hr hr-invisible   avia-builder-el-8  el_after_av_social_share  el_before_av_comments_list '><span class='hr-inner ' ><span class='hr-inner-style'><\/span><\/span><\/div>\n<div  class='av-buildercomment  av-blog-meta-html-info-disabled av-blog-meta-tag-disabled  '><\/div>\n","protected":false},"excerpt":{"rendered":"","protected":false},"author":1,"featured_media":20933,"comment_status":"open","ping_status":"open","sticky":false,"template":"","format":"standard","meta":{"footnotes":""},"categories":[55],"tags":[],"class_list":["post-20932","post","type-post","status-publish","format-standard","has-post-thumbnail","hentry","category-justicia"],"jetpack_featured_media_url":"https:\/\/radiorevelacionfm.cl\/wp-content\/uploads\/2022\/08\/fam-3-1_optimized.jpg","_links":{"self":[{"href":"https:\/\/radiorevelacionfm.cl\/index.php?rest_route=\/wp\/v2\/posts\/20932","targetHints":{"allow":["GET"]}}],"collection":[{"href":"https:\/\/radiorevelacionfm.cl\/index.php?rest_route=\/wp\/v2\/posts"}],"about":[{"href":"https:\/\/radiorevelacionfm.cl\/index.php?rest_route=\/wp\/v2\/types\/post"}],"author":[{"embeddable":true,"href":"https:\/\/radiorevelacionfm.cl\/index.php?rest_route=\/wp\/v2\/users\/1"}],"replies":[{"embeddable":true,"href":"https:\/\/radiorevelacionfm.cl\/index.php?rest_route=%2Fwp%2Fv2%2Fcomments&post=20932"}],"version-history":[{"count":3,"href":"https:\/\/radiorevelacionfm.cl\/index.php?rest_route=\/wp\/v2\/posts\/20932\/revisions"}],"predecessor-version":[{"id":20935,"href":"https:\/\/radiorevelacionfm.cl\/index.php?rest_route=\/wp\/v2\/posts\/20932\/revisions\/20935"}],"wp:featuredmedia":[{"embeddable":true,"href":"https:\/\/radiorevelacionfm.cl\/index.php?rest_route=\/wp\/v2\/media\/20933"}],"wp:attachment":[{"href":"https:\/\/radiorevelacionfm.cl\/index.php?rest_route=%2Fwp%2Fv2%2Fmedia&parent=20932"}],"wp:term":[{"taxonomy":"category","embeddable":true,"href":"https:\/\/radiorevelacionfm.cl\/index.php?rest_route=%2Fwp%2Fv2%2Fcategories&post=20932"},{"taxonomy":"post_tag","embeddable":true,"href":"https:\/\/radiorevelacionfm.cl\/index.php?rest_route=%2Fwp%2Fv2%2Ftags&post=20932"}],"curies":[{"name":"wp","href":"https:\/\/api.w.org\/{rel}","templated":true}]}}