{"id":20928,"date":"2022-08-24T12:02:35","date_gmt":"2022-08-24T15:02:35","guid":{"rendered":"https:\/\/radiorevelacionfm.cl\/?p=20928"},"modified":"2022-08-24T12:02:35","modified_gmt":"2022-08-24T15:02:35","slug":"realizan-entrega-de-computadores-de-becas-tics-a-alumnos-de-la-escuela-de-puerto-guadal","status":"publish","type":"post","link":"https:\/\/radiorevelacionfm.cl\/?p=20928","title":{"rendered":"Realizan entrega de computadores de Becas TICs a alumnos de la Escuela de Puerto Guadal"},"content":{"rendered":"<div class=\"flex_column av_one_full  flex_column_div av-zero-column-padding first  avia-builder-el-0  el_before_av_one_full  avia-builder-el-first  \" style='border-radius:0px; '><div  class='avia-image-container  av-styling-    avia-builder-el-1  avia-builder-el-no-sibling  avia-align-center '  itemprop=\"image\" itemscope=\"itemscope\" itemtype=\"https:\/\/schema.org\/ImageObject\"  ><div class='avia-image-container-inner'><div class='avia-image-overlay-wrap'><img decoding=\"async\" class='wp-image-20929 avia-img-lazy-loading-not-20929 avia_image' src=\"https:\/\/radiorevelacionfm.cl\/wp-content\/uploads\/2022\/08\/COMPUTADORES-GUADAL2-1-1.jpeg\" alt='' title='COMPUTADORES GUADAL2 (1) (1)' height=\"600\" width=\"1333\"  itemprop=\"thumbnailUrl\" srcset=\"https:\/\/radiorevelacionfm.cl\/wp-content\/uploads\/2022\/08\/COMPUTADORES-GUADAL2-1-1.jpeg 1333w, https:\/\/radiorevelacionfm.cl\/wp-content\/uploads\/2022\/08\/COMPUTADORES-GUADAL2-1-1-300x135.jpeg 300w, https:\/\/radiorevelacionfm.cl\/wp-content\/uploads\/2022\/08\/COMPUTADORES-GUADAL2-1-1-1030x464.jpeg 1030w, https:\/\/radiorevelacionfm.cl\/wp-content\/uploads\/2022\/08\/COMPUTADORES-GUADAL2-1-1-768x346.jpeg 768w, https:\/\/radiorevelacionfm.cl\/wp-content\/uploads\/2022\/08\/COMPUTADORES-GUADAL2-1-1-705x317.jpeg 705w, https:\/\/radiorevelacionfm.cl\/wp-content\/uploads\/2022\/08\/COMPUTADORES-GUADAL2-1-1-600x270.jpeg 600w\" sizes=\"(max-width: 1333px) 100vw, 1333px\" \/><\/div><\/div><\/div><\/div><div class=\"flex_column av_one_full  flex_column_div av-zero-column-padding first  avia-builder-el-2  el_after_av_one_full  el_before_av_one_full  column-top-margin\" style='border-radius:0px; '><section class=\"av_textblock_section \"  itemscope=\"itemscope\" itemtype=\"https:\/\/schema.org\/BlogPosting\" itemprop=\"blogPost\" ><div class='avia_textblock  '   itemprop=\"text\" ><p style=\"text-align: center;\"><strong><span style=\"font-size: 18pt;\">Realizan entrega de computadores de Becas TICs a alumnos de la Escuela de Puerto Guadal<\/span><\/strong><\/p>\n<div id=\"gtx-trans\" style=\"position: absolute; left: -50px; top: 4.31534px;\">\n<div class=\"gtx-trans-icon\"><\/div>\n<\/div>\n<\/div><\/section><\/div><div class=\"flex_column av_one_full  flex_column_div av-zero-column-padding first  avia-builder-el-4  el_after_av_one_full  el_before_av_hr  column-top-margin\" style='border-radius:0px; '><section class=\"av_textblock_section \"  itemscope=\"itemscope\" itemtype=\"https:\/\/schema.org\/BlogPosting\" itemprop=\"blogPost\" ><div class='avia_textblock  '   itemprop=\"text\" ><p class=\"v1MsoNormal\" style=\"text-align: justify;\">La Seremi de Educaci\u00f3n de Ays\u00e9n Isabel Garrido Casassa y el Jefe del Departamento Provincial de Educaci\u00f3n Coyhaique Yoal D\u00edaz Reyes participaron en la entrega de computadores y equipamiento tecnol\u00f3gico como parte del programa Becas TIC (Tecnolog\u00edas de la Informaci\u00f3n y Comunicaci\u00f3n) de Junaeb a 6 estudiantes\u00a0 de la Escuela Libertador Bernardo OHiggins de Puerto Guadal, en la comuna de Chile Chico, junto al Director Regional(S) de Junaeb Cristi\u00e1n Magne Chible.<\/p>\n<p class=\"v1MsoNormal\" style=\"text-align: justify;\">Este a\u00f1o se entregar\u00e1n cerca de 117 mil equipos a nivel nacional a todos los y las estudiantes de 7\u00ba b\u00e1sico de la educaci\u00f3n p\u00fablica, y a estudiantes de establecimientos particulares subvencionados que cuenten con el Indicador (ID) de vulnerabilidad del modelo de caracterizaci\u00f3n complementaria del Ministerio de Desarrollo Social y Familia, de los cuales 829 corresponden a beneficiarios de la regi\u00f3n de Ays\u00e9n.<\/p>\n<p class=\"v1MsoNormal\" style=\"text-align: justify;\">\u201cEn Puerto Guadal hemos tenido una muy interesante visita a la escuela, donde hemos dialogado con el equipo docente. Asimismo participamos en la entrega de computadores a estudiantes del programa Becas TICs de Junaeb Las Becas TIC, un programa relevante del Ministerio de Educaci\u00f3n que busca acortar la brecha de acceso y uso de las Tecnolog\u00edas de la Informaci\u00f3n y Comunicaci\u00f3n y apoyar los procesos de aprendizaje de las y los estudiantes\u201d, destac\u00f3 la Seremi Isabel Garrido.<\/p>\n<p class=\"v1MsoNormal\" style=\"text-align: justify;\">Por su parte, Cristian Magne Chible, Director Regional de Junaeb se\u00f1al\u00f3 que \u201cDurante la pandemia las brechas educativas se han profundizado cuando muchos estudiantes, muchas familias, no ten\u00edan equipamiento ni conectividad, situaci\u00f3n que es a\u00fan m\u00e1s compleja en sectores m\u00e1s apartados distantes de la capital regional. Por ello, es relevante estar hoy en Guadal y entregar estos equipos a 6 estudiantes, cada uno con conexi\u00f3n a internet gratuita y material de estudio que es un apoyo a los estudios de los ni\u00f1os de esta localidad. Por ello, estamos muy contentos de ser acompa\u00f1ados por la seremi de Educaci\u00f3n en esta oportunidad\u201d.<\/p>\n<p class=\"v1MsoNormal\" style=\"text-align: justify;\">Dentro de los accesorios tecnol\u00f3gicos que comenzaron a entregarse, adem\u00e1s de los notebooks se encuentra material educativo para apoyar el proceso de las y los estudiantes en diversas asignaturas como lenguaje, ingl\u00e9s, ciencias, y matem\u00e1ticas, entre otras, as\u00ed como todos los softwares necesarios para poder estudiar y realizar los trabajos. Adem\u00e1s, son acompa\u00f1ados de conexi\u00f3n a Internet ilimitado gratuito por 12 meses y garant\u00eda por el mismo per\u00edodo, si es que el computador presenta alguna falla.<\/p>\n<\/div><\/section><\/div><div  style='height:50px' class='hr hr-invisible   avia-builder-el-6  el_after_av_one_full  el_before_av_social_share '><span class='hr-inner ' ><span class='hr-inner-style'><\/span><\/span><\/div><\/p>\n<div  class='av-social-sharing-box  avia-builder-el-7  el_after_av_hr  el_before_av_hr  '><div class='av-share-box'><h5 class='av-share-link-description av-no-toc '>Compartir esta noticia<\/h5><ul class='av-share-box-list noLightbox'><li class='av-share-link av-social-link-facebook' ><a target=\"_blank\" aria-label=\"Compartir en Facebook\" href='https:\/\/www.facebook.com\/sharer.php?u=https:\/\/radiorevelacionfm.cl\/?p=20928&#038;t=Realizan%20entrega%20de%20computadores%20de%20Becas%20TICs%20a%20alumnos%20de%20la%20Escuela%20de%20Puerto%20Guadal' aria-hidden='false' data-av_icon='\ue8f3' data-av_iconfont='entypo-fontello' title='' data-avia-related-tooltip='Compartir en Facebook' rel=\"noopener\"><span class='avia_hidden_link_text'>Compartir en Facebook<\/span><\/a><\/li><li class='av-share-link av-social-link-twitter' ><a target=\"_blank\" aria-label=\"Compartir en Twitter\" href='https:\/\/twitter.com\/share?text=Realizan%20entrega%20de%20computadores%20de%20Becas%20TICs%20a%20alumnos%20de%20la%20Escuela%20de%20Puerto%20Guadal&#038;url=https:\/\/radiorevelacionfm.cl\/?p=20928' aria-hidden='false' data-av_icon='\ue8f1' data-av_iconfont='entypo-fontello' title='' data-avia-related-tooltip='Compartir en Twitter' rel=\"noopener\"><span class='avia_hidden_link_text'>Compartir en Twitter<\/span><\/a><\/li><li class='av-share-link av-social-link-whatsapp' ><a target=\"_blank\" aria-label=\"Compartir en Whatsapp\" href='https:\/\/api.whatsapp.com\/send?text=https:\/\/radiorevelacionfm.cl\/?p=20928' aria-hidden='false' data-av_icon='\uf232' data-av_iconfont='entypo-fontello' title='' data-avia-related-tooltip='Compartir en Whatsapp' rel=\"noopener\"><span class='avia_hidden_link_text'>Compartir en Whatsapp<\/span><\/a><\/li><li class='av-share-link av-social-link-linkedin' ><a target=\"_blank\" aria-label=\"Compartir en LinkedIn\" href='https:\/\/linkedin.com\/shareArticle?mini=true&#038;title=Realizan%20entrega%20de%20computadores%20de%20Becas%20TICs%20a%20alumnos%20de%20la%20Escuela%20de%20Puerto%20Guadal&#038;url=https:\/\/radiorevelacionfm.cl\/?p=20928' aria-hidden='false' data-av_icon='\ue8fc' data-av_iconfont='entypo-fontello' title='' data-avia-related-tooltip='Compartir en LinkedIn' rel=\"noopener\"><span class='avia_hidden_link_text'>Compartir en LinkedIn<\/span><\/a><\/li><li class='av-share-link av-social-link-mail' ><a  aria-label=\"Compartir por correo\" href='mailto:?subject=Realizan%20entrega%20de%20computadores%20de%20Becas%20TICs%20a%20alumnos%20de%20la%20Escuela%20de%20Puerto%20Guadal&#038;body=https:\/\/radiorevelacionfm.cl\/?p=20928' aria-hidden='false' data-av_icon='\ue805' data-av_iconfont='entypo-fontello' title='' data-avia-related-tooltip='Compartir por correo'><span class='avia_hidden_link_text'>Compartir por correo<\/span><\/a><\/li><\/ul><\/div><\/div>\n<div  style='height:50px' class='hr hr-invisible   avia-builder-el-8  el_after_av_social_share  el_before_av_comments_list '><span class='hr-inner ' ><span class='hr-inner-style'><\/span><\/span><\/div>\n<div  class='av-buildercomment  av-blog-meta-html-info-disabled av-blog-meta-tag-disabled  '><\/div>\n","protected":false},"excerpt":{"rendered":"","protected":false},"author":1,"featured_media":20929,"comment_status":"open","ping_status":"open","sticky":false,"template":"","format":"standard","meta":{"footnotes":""},"categories":[49],"tags":[],"class_list":["post-20928","post","type-post","status-publish","format-standard","has-post-thumbnail","hentry","category-educacion"],"jetpack_featured_media_url":"https:\/\/radiorevelacionfm.cl\/wp-content\/uploads\/2022\/08\/COMPUTADORES-GUADAL2-1-1.jpeg","_links":{"self":[{"href":"https:\/\/radiorevelacionfm.cl\/index.php?rest_route=\/wp\/v2\/posts\/20928","targetHints":{"allow":["GET"]}}],"collection":[{"href":"https:\/\/radiorevelacionfm.cl\/index.php?rest_route=\/wp\/v2\/posts"}],"about":[{"href":"https:\/\/radiorevelacionfm.cl\/index.php?rest_route=\/wp\/v2\/types\/post"}],"author":[{"embeddable":true,"href":"https:\/\/radiorevelacionfm.cl\/index.php?rest_route=\/wp\/v2\/users\/1"}],"replies":[{"embeddable":true,"href":"https:\/\/radiorevelacionfm.cl\/index.php?rest_route=%2Fwp%2Fv2%2Fcomments&post=20928"}],"version-history":[{"count":2,"href":"https:\/\/radiorevelacionfm.cl\/index.php?rest_route=\/wp\/v2\/posts\/20928\/revisions"}],"predecessor-version":[{"id":20931,"href":"https:\/\/radiorevelacionfm.cl\/index.php?rest_route=\/wp\/v2\/posts\/20928\/revisions\/20931"}],"wp:featuredmedia":[{"embeddable":true,"href":"https:\/\/radiorevelacionfm.cl\/index.php?rest_route=\/wp\/v2\/media\/20929"}],"wp:attachment":[{"href":"https:\/\/radiorevelacionfm.cl\/index.php?rest_route=%2Fwp%2Fv2%2Fmedia&parent=20928"}],"wp:term":[{"taxonomy":"category","embeddable":true,"href":"https:\/\/radiorevelacionfm.cl\/index.php?rest_route=%2Fwp%2Fv2%2Fcategories&post=20928"},{"taxonomy":"post_tag","embeddable":true,"href":"https:\/\/radiorevelacionfm.cl\/index.php?rest_route=%2Fwp%2Fv2%2Ftags&post=20928"}],"curies":[{"name":"wp","href":"https:\/\/api.w.org\/{rel}","templated":true}]}}