{"id":20924,"date":"2022-08-24T18:50:45","date_gmt":"2022-08-24T21:50:45","guid":{"rendered":"https:\/\/radiorevelacionfm.cl\/?p=20924"},"modified":"2022-08-24T19:49:55","modified_gmt":"2022-08-24T22:49:55","slug":"puerto-chacabuco-reactivo-sesiones-del-comite-portuario-de-coordinacion-de-servicios-publicos","status":"publish","type":"post","link":"https:\/\/radiorevelacionfm.cl\/?p=20924","title":{"rendered":"Puerto Chacabuco reactiv\u00f3 sesiones del comit\u00e9 portuario de coordinaci\u00f3n de servicios p\u00fablicos"},"content":{"rendered":"<div class=\"flex_column av_one_full  flex_column_div av-zero-column-padding first  avia-builder-el-0  el_before_av_one_full  avia-builder-el-first  \" style='border-radius:0px; '><div  class='avia-image-container  av-styling-    avia-builder-el-1  avia-builder-el-no-sibling  avia-align-center '  itemprop=\"image\" itemscope=\"itemscope\" itemtype=\"https:\/\/schema.org\/ImageObject\"  ><div class='avia-image-container-inner'><div class='avia-image-overlay-wrap'><img decoding=\"async\" class='wp-image-20925 avia-img-lazy-loading-not-20925 avia_image' src=\"https:\/\/radiorevelacionfm.cl\/wp-content\/uploads\/2022\/08\/reunion-comite-servicios-portuarios-1_optimized.jpeg\" alt='' title='reuni\u00f3n-comit\u00e9-servicios-portuarios-(1)_optimized' height=\"600\" width=\"916\"  itemprop=\"thumbnailUrl\" srcset=\"https:\/\/radiorevelacionfm.cl\/wp-content\/uploads\/2022\/08\/reunion-comite-servicios-portuarios-1_optimized.jpeg 916w, https:\/\/radiorevelacionfm.cl\/wp-content\/uploads\/2022\/08\/reunion-comite-servicios-portuarios-1_optimized-300x197.jpeg 300w, https:\/\/radiorevelacionfm.cl\/wp-content\/uploads\/2022\/08\/reunion-comite-servicios-portuarios-1_optimized-768x503.jpeg 768w, https:\/\/radiorevelacionfm.cl\/wp-content\/uploads\/2022\/08\/reunion-comite-servicios-portuarios-1_optimized-705x462.jpeg 705w, https:\/\/radiorevelacionfm.cl\/wp-content\/uploads\/2022\/08\/reunion-comite-servicios-portuarios-1_optimized-600x393.jpeg 600w\" sizes=\"(max-width: 916px) 100vw, 916px\" \/><\/div><\/div><\/div><\/div><div class=\"flex_column av_one_full  flex_column_div av-zero-column-padding first  avia-builder-el-2  el_after_av_one_full  el_before_av_one_full  column-top-margin\" style='border-radius:0px; '><section class=\"av_textblock_section \"  itemscope=\"itemscope\" itemtype=\"https:\/\/schema.org\/BlogPosting\" itemprop=\"blogPost\" ><div class='avia_textblock  '   itemprop=\"text\" ><p class=\"v1Marcelo\" style=\"text-align: center;\" align=\"center\"><span style=\"font-size: 18pt;\"><b>Puerto Chacabuco reactiv\u00f3 sesiones del comit\u00e9 portuario <\/b><b>de coordinaci\u00f3n de servicios p\u00fablicos<\/b><\/span><\/p>\n<div id=\"gtx-trans\" style=\"position: absolute; left: -50px; top: 4.31534px;\">\n<div class=\"gtx-trans-icon\"><\/div>\n<\/div>\n<\/div><\/section><\/div><div class=\"flex_column av_one_full  flex_column_div av-zero-column-padding first  avia-builder-el-4  el_after_av_one_full  el_before_av_hr  column-top-margin\" style='border-radius:0px; '><section class=\"av_textblock_section \"  itemscope=\"itemscope\" itemtype=\"https:\/\/schema.org\/BlogPosting\" itemprop=\"blogPost\" ><div class='avia_textblock  '   itemprop=\"text\" ><p class=\"v1Marcelo\" style=\"text-align: justify;\">Tras un largo periodo sin funcionamiento, esta semana Empresa Puerto Chacabuco decidi\u00f3 retomar el trabajo Comit\u00e9 Portuario de Coordinaci\u00f3n de Servicios P\u00fablicos, instancia que agrupa a instituciones y organismos del Estado que tienen injerencia en las distintas actividades portuarias, con el fin de velar por la eficiencia, simplificaci\u00f3n y rapidez en los servicios del puerto.<\/p>\n<p class=\"v1Marcelo\" style=\"text-align: justify;\">Con presencia de la gerenta general (i) de Puerto Chacabuco, Jovita Ulloa, quien adem\u00e1s es la secretaria ejecutiva del Comit\u00e9, la actividad cont\u00f3 con la participaci\u00f3n de la direcci\u00f3n regional de Aduanas, la administraci\u00f3n de Aduanas de Chacabuco, la Gobernaci\u00f3n Mar\u00edtima, el Servicio Agr\u00edcola y Ganadero (SAG) y del \u00e1rea de Extranjer\u00eda de la PDI.<\/p>\n<p class=\"v1Marcelo\" style=\"text-align: justify;\">La \u00faltima sesi\u00f3n de esta importante instancia de di\u00e1logo y coordinaci\u00f3n de acciones de mejora en las operaciones log\u00edstico-portuaria hab\u00eda sido en mayo de 2020, luego de lo cual -principalmente a ra\u00edz de la pandemia- no se hab\u00edan convocado nuevos espacios de la misma naturaleza.<\/p>\n<p class=\"v1Marcelo\" style=\"text-align: justify;\">En la cita se revis\u00f3 el decreto N\u00b0105\/99 del Ministerio de Transportes y Telecomunicaciones que regula el funcionamiento del comit\u00e9 en todos los puertos de Chile, destac\u00e1ndose por parte de Puerto Chacabuco el impulso que desde esta Secretar\u00eda de Estado se ha querido dar al funcionamiento de este espacio de coordinaci\u00f3n, y el apoyo comprometido para que este siga funcionando activamente.<\/p>\n<p class=\"v1Marcelo\" style=\"text-align: justify;\">Adem\u00e1s, se consensu\u00f3 un temario estrat\u00e9gico para las siguientes convocatorias, en las que se abordar\u00e1n materias de inter\u00e9s de las instituciones participantes; as\u00ed como la org\u00e1nica de funcionamiento y el calendario de las siguientes reuniones, acord\u00e1ndose un trabajo sistem\u00e1tico en lo que resta de 2022.<\/p>\n<p class=\"v1Marcelo\" style=\"text-align: justify;\">Seg\u00fan la gerenta general (i) de Puerto Chacabuco \u00aben esta reuni\u00f3n tuvimos muy buena participaci\u00f3n a la convocatoria y pudimos tratar los grandes temas que se van a trabajar en lo que queda de a\u00f1o. Los participantes agradecieron nuestra invitaci\u00f3n y expresaron su disposici\u00f3n a trabajar en el cumplimiento de los objetivos. Es importante para Puerto Chacabuco recuperar la actividad de este importante espacio de coordinaci\u00f3n\u00bb, a\u00f1adi\u00f3.<\/p>\n<p class=\"v1Marcelo\" style=\"text-align: justify;\">Durante la sesi\u00f3n se convino ampliar el \u00e1mbito de acci\u00f3n del Comit\u00e9 no solo a Puerto Chabuco, sino tambi\u00e9n a los puertos donde la empresa administra muelles de conectividad regionales, como Puerto Cisnes, Melinka y Puerto Aguirre.<\/p>\n<p class=\"v1Marcelo\" style=\"text-align: justify;\">Adicionalmente, se analizar\u00e1 la incorporaci\u00f3n de los capitanes de puerto de cada una de estas localidades, y la invitaci\u00f3n a representantes del Servicio Nacional de Pesca, considerando la importancia que la actividad pesquera tiene en Ays\u00e9n.<\/p>\n<\/div><\/section><\/div><div  style='height:50px' class='hr hr-invisible   avia-builder-el-6  el_after_av_one_full  el_before_av_social_share '><span class='hr-inner ' ><span class='hr-inner-style'><\/span><\/span><\/div><\/p>\n<div  class='av-social-sharing-box  avia-builder-el-7  el_after_av_hr  el_before_av_hr  '><div class='av-share-box'><h5 class='av-share-link-description av-no-toc '>Compartir esta noticia<\/h5><ul class='av-share-box-list noLightbox'><li class='av-share-link av-social-link-facebook' ><a target=\"_blank\" aria-label=\"Compartir en Facebook\" href='https:\/\/www.facebook.com\/sharer.php?u=https:\/\/radiorevelacionfm.cl\/?p=20924&#038;t=Puerto%20Chacabuco%20reactiv%C3%B3%20sesiones%20del%20comit%C3%A9%20portuario%20de%20coordinaci%C3%B3n%20de%20servicios%20p%C3%BAblicos' aria-hidden='false' data-av_icon='\ue8f3' data-av_iconfont='entypo-fontello' title='' data-avia-related-tooltip='Compartir en Facebook' rel=\"noopener\"><span class='avia_hidden_link_text'>Compartir en Facebook<\/span><\/a><\/li><li class='av-share-link av-social-link-twitter' ><a target=\"_blank\" aria-label=\"Compartir en Twitter\" href='https:\/\/twitter.com\/share?text=Puerto%20Chacabuco%20reactiv%C3%B3%20sesiones%20del%20comit%C3%A9%20portuario%20de%20coordinaci%C3%B3n%20de%20servicios%20p%C3%BAblicos&#038;url=https:\/\/radiorevelacionfm.cl\/?p=20924' aria-hidden='false' data-av_icon='\ue8f1' data-av_iconfont='entypo-fontello' title='' data-avia-related-tooltip='Compartir en Twitter' rel=\"noopener\"><span class='avia_hidden_link_text'>Compartir en Twitter<\/span><\/a><\/li><li class='av-share-link av-social-link-whatsapp' ><a target=\"_blank\" aria-label=\"Compartir en Whatsapp\" href='https:\/\/api.whatsapp.com\/send?text=https:\/\/radiorevelacionfm.cl\/?p=20924' aria-hidden='false' data-av_icon='\uf232' data-av_iconfont='entypo-fontello' title='' data-avia-related-tooltip='Compartir en Whatsapp' rel=\"noopener\"><span class='avia_hidden_link_text'>Compartir en Whatsapp<\/span><\/a><\/li><li class='av-share-link av-social-link-linkedin' ><a target=\"_blank\" aria-label=\"Compartir en LinkedIn\" href='https:\/\/linkedin.com\/shareArticle?mini=true&#038;title=Puerto%20Chacabuco%20reactiv%C3%B3%20sesiones%20del%20comit%C3%A9%20portuario%20de%20coordinaci%C3%B3n%20de%20servicios%20p%C3%BAblicos&#038;url=https:\/\/radiorevelacionfm.cl\/?p=20924' aria-hidden='false' data-av_icon='\ue8fc' data-av_iconfont='entypo-fontello' title='' data-avia-related-tooltip='Compartir en LinkedIn' rel=\"noopener\"><span class='avia_hidden_link_text'>Compartir en LinkedIn<\/span><\/a><\/li><li class='av-share-link av-social-link-mail' ><a  aria-label=\"Compartir por correo\" href='mailto:?subject=Puerto%20Chacabuco%20reactiv%C3%B3%20sesiones%20del%20comit%C3%A9%20portuario%20de%20coordinaci%C3%B3n%20de%20servicios%20p%C3%BAblicos&#038;body=https:\/\/radiorevelacionfm.cl\/?p=20924' aria-hidden='false' data-av_icon='\ue805' data-av_iconfont='entypo-fontello' title='' data-avia-related-tooltip='Compartir por correo'><span class='avia_hidden_link_text'>Compartir por correo<\/span><\/a><\/li><\/ul><\/div><\/div>\n<div  style='height:50px' class='hr hr-invisible   avia-builder-el-8  el_after_av_social_share  el_before_av_comments_list '><span class='hr-inner ' ><span class='hr-inner-style'><\/span><\/span><\/div>\n<div  class='av-buildercomment  av-blog-meta-html-info-disabled av-blog-meta-tag-disabled  '><\/div>\n","protected":false},"excerpt":{"rendered":"","protected":false},"author":1,"featured_media":20925,"comment_status":"open","ping_status":"open","sticky":false,"template":"","format":"standard","meta":{"footnotes":""},"categories":[38],"tags":[],"class_list":["post-20924","post","type-post","status-publish","format-standard","has-post-thumbnail","hentry","category-regional"],"jetpack_featured_media_url":"https:\/\/radiorevelacionfm.cl\/wp-content\/uploads\/2022\/08\/reunion-comite-servicios-portuarios-1_optimized.jpeg","_links":{"self":[{"href":"https:\/\/radiorevelacionfm.cl\/index.php?rest_route=\/wp\/v2\/posts\/20924","targetHints":{"allow":["GET"]}}],"collection":[{"href":"https:\/\/radiorevelacionfm.cl\/index.php?rest_route=\/wp\/v2\/posts"}],"about":[{"href":"https:\/\/radiorevelacionfm.cl\/index.php?rest_route=\/wp\/v2\/types\/post"}],"author":[{"embeddable":true,"href":"https:\/\/radiorevelacionfm.cl\/index.php?rest_route=\/wp\/v2\/users\/1"}],"replies":[{"embeddable":true,"href":"https:\/\/radiorevelacionfm.cl\/index.php?rest_route=%2Fwp%2Fv2%2Fcomments&post=20924"}],"version-history":[{"count":2,"href":"https:\/\/radiorevelacionfm.cl\/index.php?rest_route=\/wp\/v2\/posts\/20924\/revisions"}],"predecessor-version":[{"id":20975,"href":"https:\/\/radiorevelacionfm.cl\/index.php?rest_route=\/wp\/v2\/posts\/20924\/revisions\/20975"}],"wp:featuredmedia":[{"embeddable":true,"href":"https:\/\/radiorevelacionfm.cl\/index.php?rest_route=\/wp\/v2\/media\/20925"}],"wp:attachment":[{"href":"https:\/\/radiorevelacionfm.cl\/index.php?rest_route=%2Fwp%2Fv2%2Fmedia&parent=20924"}],"wp:term":[{"taxonomy":"category","embeddable":true,"href":"https:\/\/radiorevelacionfm.cl\/index.php?rest_route=%2Fwp%2Fv2%2Fcategories&post=20924"},{"taxonomy":"post_tag","embeddable":true,"href":"https:\/\/radiorevelacionfm.cl\/index.php?rest_route=%2Fwp%2Fv2%2Ftags&post=20924"}],"curies":[{"name":"wp","href":"https:\/\/api.w.org\/{rel}","templated":true}]}}