{"id":20919,"date":"2022-08-24T10:44:41","date_gmt":"2022-08-24T13:44:41","guid":{"rendered":"https:\/\/radiorevelacionfm.cl\/?p=20919"},"modified":"2022-08-24T10:44:41","modified_gmt":"2022-08-24T13:44:41","slug":"donacion-de-humus-permitira-desarrollar-capacitaciones-al-sector-campesino-en-puerto-aysen","status":"publish","type":"post","link":"https:\/\/radiorevelacionfm.cl\/?p=20919","title":{"rendered":"Donaci\u00f3n de Humus permitir\u00e1 desarrollar capacitaciones al sector campesino en Puerto Ays\u00e9n"},"content":{"rendered":"<div class=\"flex_column av_one_full  flex_column_div av-zero-column-padding first  avia-builder-el-0  el_before_av_one_full  avia-builder-el-first  \" style='border-radius:0px; '><div  class='avia-image-container  av-styling-    avia-builder-el-1  avia-builder-el-no-sibling  avia-align-center '  itemprop=\"image\" itemscope=\"itemscope\" itemtype=\"https:\/\/schema.org\/ImageObject\"  ><div class='avia-image-container-inner'><div class='avia-image-overlay-wrap'><img decoding=\"async\" class='wp-image-20920 avia-img-lazy-loading-not-20920 avia_image' src=\"https:\/\/radiorevelacionfm.cl\/wp-content\/uploads\/2022\/08\/oficina-campesino-humus-1-1.jpeg\" alt='' title='oficina campesino humus (1) (1)' height=\"600\" width=\"800\"  itemprop=\"thumbnailUrl\" srcset=\"https:\/\/radiorevelacionfm.cl\/wp-content\/uploads\/2022\/08\/oficina-campesino-humus-1-1.jpeg 800w, https:\/\/radiorevelacionfm.cl\/wp-content\/uploads\/2022\/08\/oficina-campesino-humus-1-1-300x225.jpeg 300w, https:\/\/radiorevelacionfm.cl\/wp-content\/uploads\/2022\/08\/oficina-campesino-humus-1-1-768x576.jpeg 768w, https:\/\/radiorevelacionfm.cl\/wp-content\/uploads\/2022\/08\/oficina-campesino-humus-1-1-705x529.jpeg 705w, https:\/\/radiorevelacionfm.cl\/wp-content\/uploads\/2022\/08\/oficina-campesino-humus-1-1-600x450.jpeg 600w\" sizes=\"(max-width: 800px) 100vw, 800px\" \/><\/div><\/div><\/div><\/div><div class=\"flex_column av_one_full  flex_column_div av-zero-column-padding first  avia-builder-el-2  el_after_av_one_full  el_before_av_one_full  column-top-margin\" style='border-radius:0px; '><section class=\"av_textblock_section \"  itemscope=\"itemscope\" itemtype=\"https:\/\/schema.org\/BlogPosting\" itemprop=\"blogPost\" ><div class='avia_textblock  '   itemprop=\"text\" ><p style=\"text-align: center;\"><strong><span style=\"font-size: 18pt;\">Donaci\u00f3n de Humus permitir\u00e1 desarrollar capacitaciones al sector campesino en Puerto Ays\u00e9n<\/span><\/strong><\/p>\n<div id=\"gtx-trans\" style=\"position: absolute; left: -50px; top: 4.31534px;\">\n<div class=\"gtx-trans-icon\"><\/div>\n<\/div>\n<\/div><\/section><\/div><div class=\"flex_column av_one_full  flex_column_div av-zero-column-padding first  avia-builder-el-4  el_after_av_one_full  el_before_av_hr  column-top-margin\" style='border-radius:0px; '><section class=\"av_textblock_section \"  itemscope=\"itemscope\" itemtype=\"https:\/\/schema.org\/BlogPosting\" itemprop=\"blogPost\" ><div class='avia_textblock  '   itemprop=\"text\" ><p style=\"text-align: justify;\">Buscando establecer alianzas con diversas entidades p\u00fablicas y privadas, la Oficina Municipal del Campesino ha logrado iniciar un trabajo colaborativo con Empresas Bahamonde, entidad a cargo del relleno sanitario de Ays\u00e9n y que por m\u00e1s un a\u00f1o lleva adelante un innovador tratamiento de las aguas residuales.<\/p>\n<p style=\"text-align: justify;\">El proceso que ha permitido disminuir considerablemente los olores, tambi\u00e9n considera la obtenci\u00f3n de humus mediante lombrifiltro, a trav\u00e9s de lombrices californianas. Humus que es considerado uno de los mejores fertilizantes naturales, es ah\u00ed donde la oficina municipal ha requerido el apoyo de la entidad privada.<\/p>\n<p style=\"text-align: justify;\">El propietario de la empresa, Alejandro Bahamonde, inmediatamente accedi\u00f3 a cooperar para las instancias de capacitaci\u00f3n a nuestros campesinos y campesinas de la comuna de Ays\u00e9n. De hecho, en estos d\u00edas se llev\u00f3 a cabo un taller, donde se pudo mostrar y explicar los beneficios del humus. Tal como lo dio a conocer la coordinadora de la oficina municipal del campesino, Nadia Bravo.<\/p>\n<p style=\"text-align: justify;\">\u201cPara esta capacitaci\u00f3n y para otras que vienen nosotros lo que vamos a hacer es realizar un sustrato, el que necesita, por ejemplo, tierra, alg\u00fan abono y en este caso vamos a ocupar humus. Damos las gracias a don Alejandro Bahamonde, que, como empresa nos ha donado este producto, para que todos los campesinos de Ays\u00e9n puedan aprender en estas distintas capacitaciones. Este humus se va a utilizar en los distintos talleres, para que los campesinos puedan aprender y seguir mejorando sus conocimientos\u201d.<\/p>\n<p style=\"text-align: justify;\">Nadia Bravo, destac\u00f3 las caracter\u00edsticas del humus, \u201ces un fertilizante totalmente natural, que est\u00e1 hecho con desechos org\u00e1nicos y descompuesto por las mismas lombrices que tienen en el relleno sanitario. Por lo tanto, es algo que se est\u00e1 realizando en la comuna de Ays\u00e9n, es muy importante eso, para que las personas logren identificar que, a veces no es necesario utilizar fertilizantes qu\u00edmicos, ya que, nos podemos basar de lo que tenemos en el territorio\u201d.<\/p>\n<p style=\"text-align: justify;\">La coordinadora de la oficina municipal del campesino, dijo tambi\u00e9n que es importante trabajar con organismos p\u00fablicos y privados, en bien de las y los agricultores de la comuna.<\/p>\n<p style=\"text-align: justify;\">\u201cLa idea es que nosotros tengamos los brazos abiertos para que todas las empresas p\u00fablicas y privadas puedan contactarse con nosotros e ir en ayuda de los campesinos, que a veces ellos tienen ayuda de Indap, Prodesal, pero los que quedan fuera de este rango no tienen ning\u00fan tipo de ayuda ni asesor\u00eda t\u00e9cnica, capacitaciones ni nada y a esas personas donde nosotros queremos llegar, para que la ayuda sea completa a todos los campesinos de Ays\u00e9n\u201d, manifest\u00f3 Nadia Bravo.<\/p>\n<\/div><\/section><\/div><div  style='height:50px' class='hr hr-invisible   avia-builder-el-6  el_after_av_one_full  el_before_av_social_share '><span class='hr-inner ' ><span class='hr-inner-style'><\/span><\/span><\/div><\/p>\n<div  class='av-social-sharing-box  avia-builder-el-7  el_after_av_hr  el_before_av_hr  '><div class='av-share-box'><h5 class='av-share-link-description av-no-toc '>Compartir esta noticia<\/h5><ul class='av-share-box-list noLightbox'><li class='av-share-link av-social-link-facebook' ><a target=\"_blank\" aria-label=\"Compartir en Facebook\" href='https:\/\/www.facebook.com\/sharer.php?u=https:\/\/radiorevelacionfm.cl\/?p=20919&#038;t=Donaci%C3%B3n%20de%20Humus%20permitir%C3%A1%20desarrollar%20capacitaciones%20al%20sector%20campesino%20en%20Puerto%20Ays%C3%A9n' aria-hidden='false' data-av_icon='\ue8f3' data-av_iconfont='entypo-fontello' title='' data-avia-related-tooltip='Compartir en Facebook' rel=\"noopener\"><span class='avia_hidden_link_text'>Compartir en Facebook<\/span><\/a><\/li><li class='av-share-link av-social-link-twitter' ><a target=\"_blank\" aria-label=\"Compartir en Twitter\" href='https:\/\/twitter.com\/share?text=Donaci%C3%B3n%20de%20Humus%20permitir%C3%A1%20desarrollar%20capacitaciones%20al%20sector%20campesino%20en%20Puerto%20Ays%C3%A9n&#038;url=https:\/\/radiorevelacionfm.cl\/?p=20919' aria-hidden='false' data-av_icon='\ue8f1' data-av_iconfont='entypo-fontello' title='' data-avia-related-tooltip='Compartir en Twitter' rel=\"noopener\"><span class='avia_hidden_link_text'>Compartir en Twitter<\/span><\/a><\/li><li class='av-share-link av-social-link-whatsapp' ><a target=\"_blank\" aria-label=\"Compartir en Whatsapp\" href='https:\/\/api.whatsapp.com\/send?text=https:\/\/radiorevelacionfm.cl\/?p=20919' aria-hidden='false' data-av_icon='\uf232' data-av_iconfont='entypo-fontello' title='' data-avia-related-tooltip='Compartir en Whatsapp' rel=\"noopener\"><span class='avia_hidden_link_text'>Compartir en Whatsapp<\/span><\/a><\/li><li class='av-share-link av-social-link-linkedin' ><a target=\"_blank\" aria-label=\"Compartir en LinkedIn\" href='https:\/\/linkedin.com\/shareArticle?mini=true&#038;title=Donaci%C3%B3n%20de%20Humus%20permitir%C3%A1%20desarrollar%20capacitaciones%20al%20sector%20campesino%20en%20Puerto%20Ays%C3%A9n&#038;url=https:\/\/radiorevelacionfm.cl\/?p=20919' aria-hidden='false' data-av_icon='\ue8fc' data-av_iconfont='entypo-fontello' title='' data-avia-related-tooltip='Compartir en LinkedIn' rel=\"noopener\"><span class='avia_hidden_link_text'>Compartir en LinkedIn<\/span><\/a><\/li><li class='av-share-link av-social-link-mail' ><a  aria-label=\"Compartir por correo\" href='mailto:?subject=Donaci%C3%B3n%20de%20Humus%20permitir%C3%A1%20desarrollar%20capacitaciones%20al%20sector%20campesino%20en%20Puerto%20Ays%C3%A9n&#038;body=https:\/\/radiorevelacionfm.cl\/?p=20919' aria-hidden='false' data-av_icon='\ue805' data-av_iconfont='entypo-fontello' title='' data-avia-related-tooltip='Compartir por correo'><span class='avia_hidden_link_text'>Compartir por correo<\/span><\/a><\/li><\/ul><\/div><\/div>\n<div  style='height:50px' class='hr hr-invisible   avia-builder-el-8  el_after_av_social_share  el_before_av_comments_list '><span class='hr-inner ' ><span class='hr-inner-style'><\/span><\/span><\/div>\n<div  class='av-buildercomment  av-blog-meta-html-info-disabled av-blog-meta-tag-disabled  '><\/div>\n","protected":false},"excerpt":{"rendered":"","protected":false},"author":1,"featured_media":20920,"comment_status":"open","ping_status":"open","sticky":false,"template":"","format":"standard","meta":{"footnotes":""},"categories":[38],"tags":[],"class_list":["post-20919","post","type-post","status-publish","format-standard","has-post-thumbnail","hentry","category-regional"],"jetpack_featured_media_url":"https:\/\/radiorevelacionfm.cl\/wp-content\/uploads\/2022\/08\/oficina-campesino-humus-1-1.jpeg","_links":{"self":[{"href":"https:\/\/radiorevelacionfm.cl\/index.php?rest_route=\/wp\/v2\/posts\/20919","targetHints":{"allow":["GET"]}}],"collection":[{"href":"https:\/\/radiorevelacionfm.cl\/index.php?rest_route=\/wp\/v2\/posts"}],"about":[{"href":"https:\/\/radiorevelacionfm.cl\/index.php?rest_route=\/wp\/v2\/types\/post"}],"author":[{"embeddable":true,"href":"https:\/\/radiorevelacionfm.cl\/index.php?rest_route=\/wp\/v2\/users\/1"}],"replies":[{"embeddable":true,"href":"https:\/\/radiorevelacionfm.cl\/index.php?rest_route=%2Fwp%2Fv2%2Fcomments&post=20919"}],"version-history":[{"count":2,"href":"https:\/\/radiorevelacionfm.cl\/index.php?rest_route=\/wp\/v2\/posts\/20919\/revisions"}],"predecessor-version":[{"id":20922,"href":"https:\/\/radiorevelacionfm.cl\/index.php?rest_route=\/wp\/v2\/posts\/20919\/revisions\/20922"}],"wp:featuredmedia":[{"embeddable":true,"href":"https:\/\/radiorevelacionfm.cl\/index.php?rest_route=\/wp\/v2\/media\/20920"}],"wp:attachment":[{"href":"https:\/\/radiorevelacionfm.cl\/index.php?rest_route=%2Fwp%2Fv2%2Fmedia&parent=20919"}],"wp:term":[{"taxonomy":"category","embeddable":true,"href":"https:\/\/radiorevelacionfm.cl\/index.php?rest_route=%2Fwp%2Fv2%2Fcategories&post=20919"},{"taxonomy":"post_tag","embeddable":true,"href":"https:\/\/radiorevelacionfm.cl\/index.php?rest_route=%2Fwp%2Fv2%2Ftags&post=20919"}],"curies":[{"name":"wp","href":"https:\/\/api.w.org\/{rel}","templated":true}]}}