{"id":2091,"date":"2021-01-25T17:26:54","date_gmt":"2021-01-25T20:26:54","guid":{"rendered":"https:\/\/radiorevelacionfm.cl\/?p=2091"},"modified":"2021-01-25T17:26:54","modified_gmt":"2021-01-25T20:26:54","slug":"alcalde-de-chile-chico-pide-ascender-en-plan-paso-a-paso-e-instalar-barrera-sanitaria-en-ibanez","status":"publish","type":"post","link":"https:\/\/radiorevelacionfm.cl\/?p=2091","title":{"rendered":"Alcalde de Chile Chico pide ascender en plan paso a paso e instalar barrera sanitaria en Ib\u00e1\u00f1ez"},"content":{"rendered":"<div class=\"flex_column av_one_full  flex_column_div av-zero-column-padding first  avia-builder-el-0  el_before_av_one_full  avia-builder-el-first  \" style='border-radius:0px; '><div  class='avia-image-container  av-styling-    avia-builder-el-1  avia-builder-el-no-sibling  avia-align-center '  itemprop=\"image\" itemscope=\"itemscope\" itemtype=\"https:\/\/schema.org\/ImageObject\"  ><div class='avia-image-container-inner'><div class='avia-image-overlay-wrap'><img decoding=\"async\" class='wp-image-0 avia-img-lazy-loading-not-0 avia_image' src=\"https:\/\/radiorevelacionfm.cl\/wp-content\/uploads\/2021\/01\/REUNION-SEREMI-SALUD-2-1-scaled.jpg\" alt='' title=''   itemprop=\"thumbnailUrl\"  \/><\/div><\/div><\/div><\/div><div class=\"flex_column av_one_full  flex_column_div av-zero-column-padding first  avia-builder-el-2  el_after_av_one_full  el_before_av_one_full  column-top-margin\" style='border-radius:0px; '><section class=\"av_textblock_section \"  itemscope=\"itemscope\" itemtype=\"https:\/\/schema.org\/BlogPosting\" itemprop=\"blogPost\" ><div class='avia_textblock  '   itemprop=\"text\" ><p style=\"text-align: center;\"><span style=\"font-size: 18pt;\"><strong>Alcalde de Chile Chico pide ascender en plan paso a paso e\u00a0 instalar barrera sanitaria en Ib\u00e1\u00f1ez<\/strong><\/span><\/p>\n<div id=\"gtx-trans\" style=\"position: absolute; left: -50px; top: 4.31534px;\">\n<div class=\"gtx-trans-icon\"><\/div>\n<\/div>\n<\/div><\/section><\/div><div class=\"flex_column av_one_full  flex_column_div av-zero-column-padding first  avia-builder-el-4  el_after_av_one_full  el_before_av_hr  column-top-margin\" style='border-radius:0px; '><section class=\"av_textblock_section \"  itemscope=\"itemscope\" itemtype=\"https:\/\/schema.org\/BlogPosting\" itemprop=\"blogPost\" ><div class='avia_textblock  '   itemprop=\"text\" ><p style=\"text-align: justify;\">La ma\u00f1ana de este lunes, el Alcalde Ricardo Ibarra, sostuvo una reuni\u00f3n con la Seremi de Salud Alejandra Valdebenito, oportunidad en la que se abordaron diversas materias relacionadas con la pandemia, como por ejemplo, la necesidad de que exista una barrera y control en el sector de Puerto Ib\u00e1\u00f1ez, con el fin de la pesquisa de cualquier incumplimiento sanitario sea advertido antes de que las personas viajen hacia Chile Chico.<\/p>\n<p style=\"text-align: justify;\">\u201cEste control debe estar en Puerto Ib\u00e1\u00f1ez, porque cada vez que llegan personas que no corresponde que se trasladen o que sus papeles no permiten el ingreso a la ciudad, finalmente e independiente del sumario sanitario y las sanciones que se apliquen, la persona igual queda en Chile Chico uno o dos d\u00edas dando vueltas. Porque no existe la forma como esa familia o esa persona que no deb\u00eda viajar o que no tiene el PCR que corresponde se devuelva, ya que la barcaza no realizar\u00e1 un viaje para aquello\u201d, manifest\u00f3 el Alcalde de Chile Chico.<\/p>\n<p style=\"text-align: justify;\">Ricardo Ibarra, tambi\u00e9n planteo a la autoridad sanitaria su preocupaci\u00f3n por el pol\u00e9mico \u201cpermiso de vacaciones\u201d, ya que no es posible que las comunidades deban someterse a medidas restrictivas, mientras personas de otros lugares pasean sin ning\u00fan inconveniente. Adem\u00e1s, cree que es importante que se analice la posibilidad de Chile Chico ascienda en el plan paso a paso.<\/p>\n<p style=\"text-align: justify;\">\u201cRespecto a la pol\u00edtica que me parece del todo equivocada, en el sentido de haber dado estos permisos de vacaciones, el pa\u00eds est\u00e1 colapsado, uno ve las playas llenas de gente, los aeropuertos, los terminales y aqu\u00ed mismo. Todos queremos que haya turismo, pero que las condiciones sean iguales para todos, no puede ser que mientras los habitantes de una ciudad est\u00e9n encerrados, se siga dando permiso para que gente de otros lugares ingrese a nuestra ciudad. Eso no es bueno, se pierde la confianza, se pierde el sentido de que no podemos estar pagando solamente nosotros el costo de la aplicaci\u00f3n de una medida que a todas luces es equivocada. Nosotros necesitamos pasar a fase 3 o 4, porque no podemos nosotros estar encerrados y ver la ciudad llena de gente que no es de nuestra comuna\u201d.<\/p>\n<p style=\"text-align: justify;\">Empatizando con los vecinos y vecinas de Puerto Bertrand, quienes hace algunos d\u00edas hac\u00edan p\u00fablico su malestar por la demora en conocer los resultados de sus PCR, el Alcalde Ricardo Ibarra, dio a conocer su preocupaci\u00f3n por este tema a la Seremi de Salud.<\/p>\n<p style=\"text-align: justify;\">\u201cResulta inconcebible de que 7 u 8 d\u00edas se demore un examen de PCR con todo lo que significa para la familia, para el paciente que est\u00e1 esperando ese resultado no sabe qu\u00e9 hacer. Cuando se da negativo, es por lo menos una conformidad de que no est\u00e1 contagiado, pero cuando es positivo, tambi\u00e9n estuvo la posibilidad de haber contagiado a parte de su familia. Entonces, creo que debe ser lo m\u00e1s r\u00e1pido posible y en ese contexto, nosotros le ofrecimos a la Seremi todo lo que tiene el Municipio a su disposici\u00f3n para que este tr\u00e1mite se agilice m\u00e1s\u201d.<\/p>\n<p style=\"text-align: justify;\">En tanto, la Seremi de Salud, Alejandra Valdebenito, sigui\u00f3 atenta cada uno de los planteamientos hechos por la autoridad comunal y se comprometi\u00f3 a escalar cada una de las peticiones, en espec\u00edfico lo que refiere a una barrera sanitaria en Ib\u00e1\u00f1ez, mencion\u00f3 que ello es competencia del ejecutivo y del jefe de las fuerzas, pero que dar\u00e1 a conocer el requerimiento.<\/p>\n<p style=\"text-align: justify;\">\u201cRecordemos que las barreras son del Ministerio del Interior, son barreras de las fuerzas de orden y seguridad, por lo tanto, el Alcalde nos ha solicitado formalmente que exista un control de la Armada o quien as\u00ed lo disponga el General de Ej\u00e9rcito a la subida de la barcaza en Ib\u00e1\u00f1ez y no a la bajada. Esto es para minimizar el tema de que ingrese gente sin permiso y no tenga la opci\u00f3n de devolverse y las implicancias que eso tiene, porque a esas personas se les cursa un sumario sanitario que finalmente se traduce en dinero que deben pagar, porque de lo contrario quedan con una deuda del Estado\u201d.<\/p>\n<p style=\"text-align: justify;\">Respecto a la posibilidad de que Chile Chico ascienda en el plan paso a paso y mejore su condici\u00f3n, la Seremi de Salud, explic\u00f3 que en la \u00faltima semana se ha visto una disminuci\u00f3n de los casos positivos, si esto continua podr\u00edan haber buenas noticias, seg\u00fan lo disponga el Ministerio, indic\u00f3 Alejandra Valdebenito.<\/p>\n<p style=\"text-align: justify;\">\u201cLa verdad es que, nosotros esperamos que esta semana los n\u00fameros tengan un comportamiento muy similar a la semana que acaba de pasar, recordemos que se evalu\u00f3 desde el domingo pasado hasta este s\u00e1bado y el n\u00famero de casos nuevos baj\u00f3 muy notoriamente, esperando que se mantenga as\u00ed esta semana. Con dos semanas consecutivas, nosotros creemos que estamos en condiciones de solicitar al Ministerio un avance en el plan paso a paso. Sin embargo, la capital regional retrocedi\u00f3 a fase 2 y si no logramos mantener la cifra o disminuirla es muy probable que muchas comunas de la regi\u00f3n tengan que retroceder a cuarentena. El Ministro entrega noticias de avance y retroceso los d\u00edas lunes y jueves\u201d.<\/p>\n<p style=\"text-align: justify;\">Finalmente, el Alcalde Ricardo Ibarra, valor\u00f3 que en Chile Chico se haya instalado una residencia sanitaria, ya que era un espacio necesario, con el fin de evitar que las personas de la comuna que deben realizar cuarentena tengan que viajar a Coyhaique.<\/p>\n<\/div><\/section><\/div><div  style='height:50px' class='hr hr-invisible   avia-builder-el-6  el_after_av_one_full  el_before_av_social_share '><span class='hr-inner ' ><span class='hr-inner-style'><\/span><\/span><\/div><\/p>\n<div  class='av-social-sharing-box  avia-builder-el-7  el_after_av_hr  el_before_av_hr  '><div class='av-share-box'><h5 class='av-share-link-description av-no-toc '>Compartir esta noticia<\/h5><ul class='av-share-box-list noLightbox'><li class='av-share-link av-social-link-facebook' ><a target=\"_blank\" aria-label=\"Compartir en Facebook\" href='https:\/\/www.facebook.com\/sharer.php?u=https:\/\/radiorevelacionfm.cl\/?p=2091&#038;t=Alcalde%20de%20Chile%20Chico%20pide%20ascender%20en%20plan%20paso%20a%20paso%20e%20instalar%20barrera%20sanitaria%20en%20Ib%C3%A1%C3%B1ez' aria-hidden='false' data-av_icon='\ue8f3' data-av_iconfont='entypo-fontello' title='' data-avia-related-tooltip='Compartir en Facebook' rel=\"noopener\"><span class='avia_hidden_link_text'>Compartir en Facebook<\/span><\/a><\/li><li class='av-share-link av-social-link-twitter' ><a target=\"_blank\" aria-label=\"Compartir en Twitter\" href='https:\/\/twitter.com\/share?text=Alcalde%20de%20Chile%20Chico%20pide%20ascender%20en%20plan%20paso%20a%20paso%20e%20instalar%20barrera%20sanitaria%20en%20Ib%C3%A1%C3%B1ez&#038;url=https:\/\/radiorevelacionfm.cl\/?p=2091' aria-hidden='false' data-av_icon='\ue8f1' data-av_iconfont='entypo-fontello' title='' data-avia-related-tooltip='Compartir en Twitter' rel=\"noopener\"><span class='avia_hidden_link_text'>Compartir en Twitter<\/span><\/a><\/li><li class='av-share-link av-social-link-whatsapp' ><a target=\"_blank\" aria-label=\"Compartir en Whatsapp\" href='https:\/\/api.whatsapp.com\/send?text=https:\/\/radiorevelacionfm.cl\/?p=2091' aria-hidden='false' data-av_icon='\uf232' data-av_iconfont='entypo-fontello' title='' data-avia-related-tooltip='Compartir en Whatsapp' rel=\"noopener\"><span class='avia_hidden_link_text'>Compartir en Whatsapp<\/span><\/a><\/li><li class='av-share-link av-social-link-linkedin' ><a target=\"_blank\" aria-label=\"Compartir en LinkedIn\" href='https:\/\/linkedin.com\/shareArticle?mini=true&#038;title=Alcalde%20de%20Chile%20Chico%20pide%20ascender%20en%20plan%20paso%20a%20paso%20e%20instalar%20barrera%20sanitaria%20en%20Ib%C3%A1%C3%B1ez&#038;url=https:\/\/radiorevelacionfm.cl\/?p=2091' aria-hidden='false' data-av_icon='\ue8fc' data-av_iconfont='entypo-fontello' title='' data-avia-related-tooltip='Compartir en LinkedIn' rel=\"noopener\"><span class='avia_hidden_link_text'>Compartir en LinkedIn<\/span><\/a><\/li><li class='av-share-link av-social-link-mail' ><a  aria-label=\"Compartir por correo\" href='mailto:?subject=Alcalde%20de%20Chile%20Chico%20pide%20ascender%20en%20plan%20paso%20a%20paso%20e%20instalar%20barrera%20sanitaria%20en%20Ib%C3%A1%C3%B1ez&#038;body=https:\/\/radiorevelacionfm.cl\/?p=2091' aria-hidden='false' data-av_icon='\ue805' data-av_iconfont='entypo-fontello' title='' data-avia-related-tooltip='Compartir por correo'><span class='avia_hidden_link_text'>Compartir por correo<\/span><\/a><\/li><\/ul><\/div><\/div>\n<div  style='height:50px' class='hr hr-invisible   avia-builder-el-8  el_after_av_social_share  el_before_av_comments_list '><span class='hr-inner ' ><span class='hr-inner-style'><\/span><\/span><\/div>\n<div  class='av-buildercomment  av-blog-meta-html-info-disabled av-blog-meta-tag-disabled  '><\/div>\n","protected":false},"excerpt":{"rendered":"","protected":false},"author":1,"featured_media":0,"comment_status":"open","ping_status":"open","sticky":false,"template":"","format":"standard","meta":{"footnotes":""},"categories":[38],"tags":[],"class_list":["post-2091","post","type-post","status-publish","format-standard","hentry","category-regional"],"jetpack_featured_media_url":"","_links":{"self":[{"href":"https:\/\/radiorevelacionfm.cl\/index.php?rest_route=\/wp\/v2\/posts\/2091","targetHints":{"allow":["GET"]}}],"collection":[{"href":"https:\/\/radiorevelacionfm.cl\/index.php?rest_route=\/wp\/v2\/posts"}],"about":[{"href":"https:\/\/radiorevelacionfm.cl\/index.php?rest_route=\/wp\/v2\/types\/post"}],"author":[{"embeddable":true,"href":"https:\/\/radiorevelacionfm.cl\/index.php?rest_route=\/wp\/v2\/users\/1"}],"replies":[{"embeddable":true,"href":"https:\/\/radiorevelacionfm.cl\/index.php?rest_route=%2Fwp%2Fv2%2Fcomments&post=2091"}],"version-history":[{"count":1,"href":"https:\/\/radiorevelacionfm.cl\/index.php?rest_route=\/wp\/v2\/posts\/2091\/revisions"}],"predecessor-version":[{"id":2093,"href":"https:\/\/radiorevelacionfm.cl\/index.php?rest_route=\/wp\/v2\/posts\/2091\/revisions\/2093"}],"wp:attachment":[{"href":"https:\/\/radiorevelacionfm.cl\/index.php?rest_route=%2Fwp%2Fv2%2Fmedia&parent=2091"}],"wp:term":[{"taxonomy":"category","embeddable":true,"href":"https:\/\/radiorevelacionfm.cl\/index.php?rest_route=%2Fwp%2Fv2%2Fcategories&post=2091"},{"taxonomy":"post_tag","embeddable":true,"href":"https:\/\/radiorevelacionfm.cl\/index.php?rest_route=%2Fwp%2Fv2%2Ftags&post=2091"}],"curies":[{"name":"wp","href":"https:\/\/api.w.org\/{rel}","templated":true}]}}