{"id":20909,"date":"2022-08-23T20:49:44","date_gmt":"2022-08-23T23:49:44","guid":{"rendered":"https:\/\/radiorevelacionfm.cl\/?p=20909"},"modified":"2022-08-23T20:49:44","modified_gmt":"2022-08-23T23:49:44","slug":"avanza-proceso-para-contratacion-de-servicio-aereo-subsidiado-para-chile-chico","status":"publish","type":"post","link":"https:\/\/radiorevelacionfm.cl\/?p=20909","title":{"rendered":"Avanza proceso para contrataci\u00f3n de servicio a\u00e9reo subsidiado para Chile Chico"},"content":{"rendered":"<div class=\"flex_column av_one_full  flex_column_div av-zero-column-padding first  avia-builder-el-0  el_before_av_one_full  avia-builder-el-first  \" style='border-radius:0px; '><div  class='avia-image-container  av-styling-    avia-builder-el-1  avia-builder-el-no-sibling  avia-align-center '  itemprop=\"image\" itemscope=\"itemscope\" itemtype=\"https:\/\/schema.org\/ImageObject\"  ><div class='avia-image-container-inner'><div class='avia-image-overlay-wrap'><img decoding=\"async\" class='wp-image-20910 avia-img-lazy-loading-not-20910 avia_image' src=\"https:\/\/radiorevelacionfm.cl\/wp-content\/uploads\/2022\/08\/screenshot_20220823-162754_video-player-1_optimized.jpg\" alt='' title='screenshot_20220823-162754_video-player-(1)_optimized' height=\"600\" width=\"803\"  itemprop=\"thumbnailUrl\" srcset=\"https:\/\/radiorevelacionfm.cl\/wp-content\/uploads\/2022\/08\/screenshot_20220823-162754_video-player-1_optimized.jpg 803w, https:\/\/radiorevelacionfm.cl\/wp-content\/uploads\/2022\/08\/screenshot_20220823-162754_video-player-1_optimized-300x224.jpg 300w, https:\/\/radiorevelacionfm.cl\/wp-content\/uploads\/2022\/08\/screenshot_20220823-162754_video-player-1_optimized-768x574.jpg 768w, https:\/\/radiorevelacionfm.cl\/wp-content\/uploads\/2022\/08\/screenshot_20220823-162754_video-player-1_optimized-705x527.jpg 705w, https:\/\/radiorevelacionfm.cl\/wp-content\/uploads\/2022\/08\/screenshot_20220823-162754_video-player-1_optimized-600x448.jpg 600w\" sizes=\"(max-width: 803px) 100vw, 803px\" \/><\/div><\/div><\/div><\/div><div class=\"flex_column av_one_full  flex_column_div av-zero-column-padding first  avia-builder-el-2  el_after_av_one_full  el_before_av_one_full  column-top-margin\" style='border-radius:0px; '><section class=\"av_textblock_section \"  itemscope=\"itemscope\" itemtype=\"https:\/\/schema.org\/BlogPosting\" itemprop=\"blogPost\" ><div class='avia_textblock  '   itemprop=\"text\" ><p style=\"text-align: center;\"><strong><span style=\"font-size: 18pt;\">Avanza proceso para contrataci\u00f3n de servicio a\u00e9reo subsidiado para Chile Chico<\/span><\/strong><\/p>\n<div id=\"gtx-trans\" style=\"position: absolute; left: -50px; top: 4.31534px;\">\n<div class=\"gtx-trans-icon\"><\/div>\n<\/div>\n<\/div><\/section><\/div><div class=\"flex_column av_one_full  flex_column_div av-zero-column-padding first  avia-builder-el-4  el_after_av_one_full  el_before_av_hr  column-top-margin\" style='border-radius:0px; '><section class=\"av_textblock_section \"  itemscope=\"itemscope\" itemtype=\"https:\/\/schema.org\/BlogPosting\" itemprop=\"blogPost\" ><div class='avia_textblock  '   itemprop=\"text\" ><p dir=\"ltr\" style=\"text-align: justify;\">Luego que el primer llamado fuera declarado desierto, la Divisi\u00f3n de Transporte P\u00fablico Regional (DTPR) se encuentra analizando las 3 ofertas de operadores a\u00e9reos que presentaron sus cotizaciones en el segundo proceso abierto para adjudicar la ruta a\u00e9rea subsidiada que entrega conectividad a las vecinas y vecinos de Chile Chico con la capital regional, Coyhaique.<\/p>\n<p dir=\"ltr\" style=\"text-align: justify;\">Las empresas que presentaron cotizaciones dentro de plazo fueron Andes Austral, Inversiones A\u00e9reas Patagonia Limitada y Transportes A\u00e9reos San Rafael Limitada, ofertas que est\u00e1n siendo analizadas por la Divisi\u00f3n Legal del Ministerio de Transportes y Telecomunicaciones, paso necesario para asegurar el correcto uso de los recursos p\u00fablicos.<\/p>\n<p dir=\"ltr\" style=\"text-align: justify;\">Dada la necesidad de contar con el servicio a\u00e9reo, se informar\u00e1 oportunamente sobre el resultado de este proceso, para retomar la operaci\u00f3n de la ruta a\u00e9rea que cuenta con recursos de la Ley de Subsidio al Transporte P\u00fablico.<\/p>\n<p dir=\"ltr\" style=\"text-align: justify;\">Actualmente, la regi\u00f3n de Ays\u00e9n cuenta con m\u00e1s de 100 servicios de transporte subsidiado para zonas aisladas y rurales, los que benefician a m\u00e1s de 42 mil personas, entregando conectividad para los sectores de m\u00e1s dif\u00edcil acceso.<\/p>\n<p dir=\"ltr\" style=\"text-align: justify;\">M\u00e1s informaciones sobre los servicios subsidiados de transporte p\u00fablico en <a href=\"http:\/\/www.dtpr.gob.cl\/\" target=\"_blank\" rel=\"noopener noreferrer\" data-saferedirecturl=\"https:\/\/www.google.com\/url?q=http:\/\/www.dtpr.gob.cl&amp;source=gmail&amp;ust=1661374250000000&amp;usg=AOvVaw2Ao1KtcnF7gO9NuzspcX34\">www.dtpr.gob.cl<\/a><\/p>\n<div class=\"yj6qo\" style=\"text-align: justify;\"><\/div>\n<\/div><\/section><\/div><div  style='height:50px' class='hr hr-invisible   avia-builder-el-6  el_after_av_one_full  el_before_av_social_share '><span class='hr-inner ' ><span class='hr-inner-style'><\/span><\/span><\/div><\/p>\n<div  class='av-social-sharing-box  avia-builder-el-7  el_after_av_hr  el_before_av_hr  '><div class='av-share-box'><h5 class='av-share-link-description av-no-toc '>Compartir esta noticia<\/h5><ul class='av-share-box-list noLightbox'><li class='av-share-link av-social-link-facebook' ><a target=\"_blank\" aria-label=\"Compartir en Facebook\" href='https:\/\/www.facebook.com\/sharer.php?u=https:\/\/radiorevelacionfm.cl\/?p=20909&#038;t=Avanza%20proceso%20para%20contrataci%C3%B3n%20de%20servicio%20a%C3%A9reo%20subsidiado%20para%20Chile%20Chico' aria-hidden='false' data-av_icon='\ue8f3' data-av_iconfont='entypo-fontello' title='' data-avia-related-tooltip='Compartir en Facebook' rel=\"noopener\"><span class='avia_hidden_link_text'>Compartir en Facebook<\/span><\/a><\/li><li class='av-share-link av-social-link-twitter' ><a target=\"_blank\" aria-label=\"Compartir en Twitter\" href='https:\/\/twitter.com\/share?text=Avanza%20proceso%20para%20contrataci%C3%B3n%20de%20servicio%20a%C3%A9reo%20subsidiado%20para%20Chile%20Chico&#038;url=https:\/\/radiorevelacionfm.cl\/?p=20909' aria-hidden='false' data-av_icon='\ue8f1' data-av_iconfont='entypo-fontello' title='' data-avia-related-tooltip='Compartir en Twitter' rel=\"noopener\"><span class='avia_hidden_link_text'>Compartir en Twitter<\/span><\/a><\/li><li class='av-share-link av-social-link-whatsapp' ><a target=\"_blank\" aria-label=\"Compartir en Whatsapp\" href='https:\/\/api.whatsapp.com\/send?text=https:\/\/radiorevelacionfm.cl\/?p=20909' aria-hidden='false' data-av_icon='\uf232' data-av_iconfont='entypo-fontello' title='' data-avia-related-tooltip='Compartir en Whatsapp' rel=\"noopener\"><span class='avia_hidden_link_text'>Compartir en Whatsapp<\/span><\/a><\/li><li class='av-share-link av-social-link-linkedin' ><a target=\"_blank\" aria-label=\"Compartir en LinkedIn\" href='https:\/\/linkedin.com\/shareArticle?mini=true&#038;title=Avanza%20proceso%20para%20contrataci%C3%B3n%20de%20servicio%20a%C3%A9reo%20subsidiado%20para%20Chile%20Chico&#038;url=https:\/\/radiorevelacionfm.cl\/?p=20909' aria-hidden='false' data-av_icon='\ue8fc' data-av_iconfont='entypo-fontello' title='' data-avia-related-tooltip='Compartir en LinkedIn' rel=\"noopener\"><span class='avia_hidden_link_text'>Compartir en LinkedIn<\/span><\/a><\/li><li class='av-share-link av-social-link-mail' ><a  aria-label=\"Compartir por correo\" href='mailto:?subject=Avanza%20proceso%20para%20contrataci%C3%B3n%20de%20servicio%20a%C3%A9reo%20subsidiado%20para%20Chile%20Chico&#038;body=https:\/\/radiorevelacionfm.cl\/?p=20909' aria-hidden='false' data-av_icon='\ue805' data-av_iconfont='entypo-fontello' title='' data-avia-related-tooltip='Compartir por correo'><span class='avia_hidden_link_text'>Compartir por correo<\/span><\/a><\/li><\/ul><\/div><\/div>\n<div  style='height:50px' class='hr hr-invisible   avia-builder-el-8  el_after_av_social_share  el_before_av_comments_list '><span class='hr-inner ' ><span class='hr-inner-style'><\/span><\/span><\/div>\n<div  class='av-buildercomment  av-blog-meta-html-info-disabled av-blog-meta-tag-disabled  '><\/div>\n","protected":false},"excerpt":{"rendered":"","protected":false},"author":1,"featured_media":20910,"comment_status":"open","ping_status":"open","sticky":false,"template":"","format":"standard","meta":{"footnotes":""},"categories":[59],"tags":[],"class_list":["post-20909","post","type-post","status-publish","format-standard","has-post-thumbnail","hentry","category-transporte"],"jetpack_featured_media_url":"https:\/\/radiorevelacionfm.cl\/wp-content\/uploads\/2022\/08\/screenshot_20220823-162754_video-player-1_optimized.jpg","_links":{"self":[{"href":"https:\/\/radiorevelacionfm.cl\/index.php?rest_route=\/wp\/v2\/posts\/20909","targetHints":{"allow":["GET"]}}],"collection":[{"href":"https:\/\/radiorevelacionfm.cl\/index.php?rest_route=\/wp\/v2\/posts"}],"about":[{"href":"https:\/\/radiorevelacionfm.cl\/index.php?rest_route=\/wp\/v2\/types\/post"}],"author":[{"embeddable":true,"href":"https:\/\/radiorevelacionfm.cl\/index.php?rest_route=\/wp\/v2\/users\/1"}],"replies":[{"embeddable":true,"href":"https:\/\/radiorevelacionfm.cl\/index.php?rest_route=%2Fwp%2Fv2%2Fcomments&post=20909"}],"version-history":[{"count":2,"href":"https:\/\/radiorevelacionfm.cl\/index.php?rest_route=\/wp\/v2\/posts\/20909\/revisions"}],"predecessor-version":[{"id":20916,"href":"https:\/\/radiorevelacionfm.cl\/index.php?rest_route=\/wp\/v2\/posts\/20909\/revisions\/20916"}],"wp:featuredmedia":[{"embeddable":true,"href":"https:\/\/radiorevelacionfm.cl\/index.php?rest_route=\/wp\/v2\/media\/20910"}],"wp:attachment":[{"href":"https:\/\/radiorevelacionfm.cl\/index.php?rest_route=%2Fwp%2Fv2%2Fmedia&parent=20909"}],"wp:term":[{"taxonomy":"category","embeddable":true,"href":"https:\/\/radiorevelacionfm.cl\/index.php?rest_route=%2Fwp%2Fv2%2Fcategories&post=20909"},{"taxonomy":"post_tag","embeddable":true,"href":"https:\/\/radiorevelacionfm.cl\/index.php?rest_route=%2Fwp%2Fv2%2Ftags&post=20909"}],"curies":[{"name":"wp","href":"https:\/\/api.w.org\/{rel}","templated":true}]}}