{"id":20905,"date":"2022-08-23T18:38:13","date_gmt":"2022-08-23T21:38:13","guid":{"rendered":"https:\/\/radiorevelacionfm.cl\/?p=20905"},"modified":"2022-08-23T18:38:13","modified_gmt":"2022-08-23T21:38:13","slug":"mas-de-330-campesinos-de-la-comuna-de-cisnes-seran-beneficiados-con-la-entrega-cosetan","status":"publish","type":"post","link":"https:\/\/radiorevelacionfm.cl\/?p=20905","title":{"rendered":"M\u00e1s de 330 campesinos de la comuna de Cisnes ser\u00e1n beneficiados con la entrega Coset\u00e1n"},"content":{"rendered":"<div class=\"flex_column av_one_full  flex_column_div av-zero-column-padding first  avia-builder-el-0  el_before_av_one_full  avia-builder-el-first  \" style='border-radius:0px; '><div  class='avia-image-container  av-styling-    avia-builder-el-1  avia-builder-el-no-sibling  avia-align-center '  itemprop=\"image\" itemscope=\"itemscope\" itemtype=\"https:\/\/schema.org\/ImageObject\"  ><div class='avia-image-container-inner'><div class='avia-image-overlay-wrap'><img decoding=\"async\" class='wp-image-20906 avia-img-lazy-loading-not-20906 avia_image' src=\"https:\/\/radiorevelacionfm.cl\/wp-content\/uploads\/2022\/08\/COSETAN-CISNES-2-1-1.jpg\" alt='' title='COSETAN CISNES 2 (1) (1)' height=\"600\" width=\"989\"  itemprop=\"thumbnailUrl\" srcset=\"https:\/\/radiorevelacionfm.cl\/wp-content\/uploads\/2022\/08\/COSETAN-CISNES-2-1-1.jpg 989w, https:\/\/radiorevelacionfm.cl\/wp-content\/uploads\/2022\/08\/COSETAN-CISNES-2-1-1-300x182.jpg 300w, https:\/\/radiorevelacionfm.cl\/wp-content\/uploads\/2022\/08\/COSETAN-CISNES-2-1-1-768x466.jpg 768w, https:\/\/radiorevelacionfm.cl\/wp-content\/uploads\/2022\/08\/COSETAN-CISNES-2-1-1-705x428.jpg 705w, https:\/\/radiorevelacionfm.cl\/wp-content\/uploads\/2022\/08\/COSETAN-CISNES-2-1-1-600x364.jpg 600w\" sizes=\"(max-width: 989px) 100vw, 989px\" \/><\/div><\/div><\/div><\/div><div class=\"flex_column av_one_full  flex_column_div av-zero-column-padding first  avia-builder-el-2  el_after_av_one_full  el_before_av_one_full  column-top-margin\" style='border-radius:0px; '><section class=\"av_textblock_section \"  itemscope=\"itemscope\" itemtype=\"https:\/\/schema.org\/BlogPosting\" itemprop=\"blogPost\" ><div class='avia_textblock  '   itemprop=\"text\" ><p style=\"text-align: center;\"><strong><span style=\"font-size: 18pt;\">M\u00e1s de 330 campesinos de la comuna de Cisnes ser\u00e1n beneficiados con la entrega Coset\u00e1n <\/span><\/strong><\/p>\n<div id=\"gtx-trans\" style=\"position: absolute; left: -50px; top: 4.31534px;\">\n<div class=\"gtx-trans-icon\"><\/div>\n<\/div>\n<\/div><\/section><\/div><div class=\"flex_column av_one_full  flex_column_div av-zero-column-padding first  avia-builder-el-4  el_after_av_one_full  el_before_av_hr  column-top-margin\" style='border-radius:0px; '><section class=\"av_textblock_section \"  itemscope=\"itemscope\" itemtype=\"https:\/\/schema.org\/BlogPosting\" itemprop=\"blogPost\" ><div class='avia_textblock  '   itemprop=\"text\" ><p style=\"text-align: justify;\">El Alcalde Francisco Roncagliolo Lepio, anunci\u00f3 la entrega alimento concentrado para animales rumiantes, coset\u00e1n, con el que se pretende beneficiar a m\u00e1s de 330 campesinos de los distintos puntos de la comuna de Cisnes.<\/p>\n<p style=\"text-align: justify;\">\u201cTenemos muy buenas noticias sobre todo para el mundo campesino, como cada a\u00f1o nosotros como Municipalidad adquirimos alimentos para animales rumiantes y queremos informar que ese alimento ya est\u00e1 en la comuna. Por lo mismo, ya comienza su distribuci\u00f3n, hay un cami\u00f3n cargado que sale hacia Puerto Puyuhuapi y Puerto Cisnes\u201d, manifest\u00f3 la autoridad comunal.<\/p>\n<p style=\"text-align: justify;\">El Alcalde Roncagliolo, detall\u00f3 sobre el n\u00famero de beneficiarios, las localidades y asegur\u00f3 adem\u00e1s que, se encuentran a la espera de las coordinaciones con el Ministerio de Agricultura, para hacer efectiva la emergencia agr\u00edcola y llegar con m\u00e1s ayuda para la gente de campo en la comuna de Cisnes.<\/p>\n<p style=\"text-align: justify;\">\u201cSe van a beneficiar m\u00e1s de 333 personas con alimentos para sus animales, que van a estar entre La Junta, Puyuhuapi, Puerto Cisnes, Ra\u00fal Mar\u00edn Balmaceda y Melimoyu. Esto es parte del apoyo que queremos brindar nosotros como Municipio, tambi\u00e9n con nuestro Concejo Municipal, a las necesidades que tenemos hoy en d\u00eda con este invierno tan complicado. Esperamos los pr\u00f3ximos d\u00edas tener la coordinaci\u00f3n con el Ministerio de Agricultura, para poder trabajar lo que es la emergencia agr\u00edcola y llegar con m\u00e1s apoyo aun\u201d.<\/p>\n<p style=\"text-align: justify;\">La entrega de coset\u00e1n permitir\u00e1 entregar 10 sacos de 25 kilos para cada beneficiario, apoyo que se concreta gracias a recursos de la Municipalidad de Cisnes, respaldados por el Concejo Municipal.<\/p>\n<\/div><\/section><\/div><div  style='height:50px' class='hr hr-invisible   avia-builder-el-6  el_after_av_one_full  el_before_av_social_share '><span class='hr-inner ' ><span class='hr-inner-style'><\/span><\/span><\/div><\/p>\n<div  class='av-social-sharing-box  avia-builder-el-7  el_after_av_hr  el_before_av_hr  '><div class='av-share-box'><h5 class='av-share-link-description av-no-toc '>Compartir esta noticia<\/h5><ul class='av-share-box-list noLightbox'><li class='av-share-link av-social-link-facebook' ><a target=\"_blank\" aria-label=\"Compartir en Facebook\" href='https:\/\/www.facebook.com\/sharer.php?u=https:\/\/radiorevelacionfm.cl\/?p=20905&#038;t=M%C3%A1s%20de%20330%20campesinos%20de%20la%20comuna%20de%20Cisnes%20ser%C3%A1n%20beneficiados%20con%20la%20entrega%20Coset%C3%A1n' aria-hidden='false' data-av_icon='\ue8f3' data-av_iconfont='entypo-fontello' title='' data-avia-related-tooltip='Compartir en Facebook' rel=\"noopener\"><span class='avia_hidden_link_text'>Compartir en Facebook<\/span><\/a><\/li><li class='av-share-link av-social-link-twitter' ><a target=\"_blank\" aria-label=\"Compartir en Twitter\" href='https:\/\/twitter.com\/share?text=M%C3%A1s%20de%20330%20campesinos%20de%20la%20comuna%20de%20Cisnes%20ser%C3%A1n%20beneficiados%20con%20la%20entrega%20Coset%C3%A1n&#038;url=https:\/\/radiorevelacionfm.cl\/?p=20905' aria-hidden='false' data-av_icon='\ue8f1' data-av_iconfont='entypo-fontello' title='' data-avia-related-tooltip='Compartir en Twitter' rel=\"noopener\"><span class='avia_hidden_link_text'>Compartir en Twitter<\/span><\/a><\/li><li class='av-share-link av-social-link-whatsapp' ><a target=\"_blank\" aria-label=\"Compartir en Whatsapp\" href='https:\/\/api.whatsapp.com\/send?text=https:\/\/radiorevelacionfm.cl\/?p=20905' aria-hidden='false' data-av_icon='\uf232' data-av_iconfont='entypo-fontello' title='' data-avia-related-tooltip='Compartir en Whatsapp' rel=\"noopener\"><span class='avia_hidden_link_text'>Compartir en Whatsapp<\/span><\/a><\/li><li class='av-share-link av-social-link-linkedin' ><a target=\"_blank\" aria-label=\"Compartir en LinkedIn\" href='https:\/\/linkedin.com\/shareArticle?mini=true&#038;title=M%C3%A1s%20de%20330%20campesinos%20de%20la%20comuna%20de%20Cisnes%20ser%C3%A1n%20beneficiados%20con%20la%20entrega%20Coset%C3%A1n&#038;url=https:\/\/radiorevelacionfm.cl\/?p=20905' aria-hidden='false' data-av_icon='\ue8fc' data-av_iconfont='entypo-fontello' title='' data-avia-related-tooltip='Compartir en LinkedIn' rel=\"noopener\"><span class='avia_hidden_link_text'>Compartir en LinkedIn<\/span><\/a><\/li><li class='av-share-link av-social-link-mail' ><a  aria-label=\"Compartir por correo\" href='mailto:?subject=M%C3%A1s%20de%20330%20campesinos%20de%20la%20comuna%20de%20Cisnes%20ser%C3%A1n%20beneficiados%20con%20la%20entrega%20Coset%C3%A1n&#038;body=https:\/\/radiorevelacionfm.cl\/?p=20905' aria-hidden='false' data-av_icon='\ue805' data-av_iconfont='entypo-fontello' title='' data-avia-related-tooltip='Compartir por correo'><span class='avia_hidden_link_text'>Compartir por correo<\/span><\/a><\/li><\/ul><\/div><\/div>\n<div  style='height:50px' class='hr hr-invisible   avia-builder-el-8  el_after_av_social_share  el_before_av_comments_list '><span class='hr-inner ' ><span class='hr-inner-style'><\/span><\/span><\/div>\n<div  class='av-buildercomment  av-blog-meta-html-info-disabled av-blog-meta-tag-disabled  '><\/div>\n","protected":false},"excerpt":{"rendered":"","protected":false},"author":1,"featured_media":20906,"comment_status":"open","ping_status":"open","sticky":false,"template":"","format":"standard","meta":{"footnotes":""},"categories":[38],"tags":[],"class_list":["post-20905","post","type-post","status-publish","format-standard","has-post-thumbnail","hentry","category-regional"],"jetpack_featured_media_url":"https:\/\/radiorevelacionfm.cl\/wp-content\/uploads\/2022\/08\/COSETAN-CISNES-2-1-1.jpg","_links":{"self":[{"href":"https:\/\/radiorevelacionfm.cl\/index.php?rest_route=\/wp\/v2\/posts\/20905","targetHints":{"allow":["GET"]}}],"collection":[{"href":"https:\/\/radiorevelacionfm.cl\/index.php?rest_route=\/wp\/v2\/posts"}],"about":[{"href":"https:\/\/radiorevelacionfm.cl\/index.php?rest_route=\/wp\/v2\/types\/post"}],"author":[{"embeddable":true,"href":"https:\/\/radiorevelacionfm.cl\/index.php?rest_route=\/wp\/v2\/users\/1"}],"replies":[{"embeddable":true,"href":"https:\/\/radiorevelacionfm.cl\/index.php?rest_route=%2Fwp%2Fv2%2Fcomments&post=20905"}],"version-history":[{"count":2,"href":"https:\/\/radiorevelacionfm.cl\/index.php?rest_route=\/wp\/v2\/posts\/20905\/revisions"}],"predecessor-version":[{"id":20908,"href":"https:\/\/radiorevelacionfm.cl\/index.php?rest_route=\/wp\/v2\/posts\/20905\/revisions\/20908"}],"wp:featuredmedia":[{"embeddable":true,"href":"https:\/\/radiorevelacionfm.cl\/index.php?rest_route=\/wp\/v2\/media\/20906"}],"wp:attachment":[{"href":"https:\/\/radiorevelacionfm.cl\/index.php?rest_route=%2Fwp%2Fv2%2Fmedia&parent=20905"}],"wp:term":[{"taxonomy":"category","embeddable":true,"href":"https:\/\/radiorevelacionfm.cl\/index.php?rest_route=%2Fwp%2Fv2%2Fcategories&post=20905"},{"taxonomy":"post_tag","embeddable":true,"href":"https:\/\/radiorevelacionfm.cl\/index.php?rest_route=%2Fwp%2Fv2%2Ftags&post=20905"}],"curies":[{"name":"wp","href":"https:\/\/api.w.org\/{rel}","templated":true}]}}