{"id":20903,"date":"2022-08-24T10:22:21","date_gmt":"2022-08-24T13:22:21","guid":{"rendered":"https:\/\/radiorevelacionfm.cl\/?p=20903"},"modified":"2022-08-24T10:22:21","modified_gmt":"2022-08-24T13:22:21","slug":"mes-del-corazon-aysen-esta-sobre-la-media-del-pais-en-riesgos-de-enfermedades-cardiovasculares","status":"publish","type":"post","link":"https:\/\/radiorevelacionfm.cl\/?p=20903","title":{"rendered":"Mes del Coraz\u00f3n: Ays\u00e9n est\u00e1 sobre la media del pa\u00eds en riesgos de enfermedades cardiovasculares"},"content":{"rendered":"<div class=\"flex_column av_one_full  flex_column_div av-zero-column-padding first  avia-builder-el-0  el_before_av_one_full  avia-builder-el-first  \" style='border-radius:0px; '><div  class='avia-image-container  av-styling-    avia-builder-el-1  avia-builder-el-no-sibling  avia-align-center '  itemprop=\"image\" itemscope=\"itemscope\" itemtype=\"https:\/\/schema.org\/ImageObject\"  ><div class='avia-image-container-inner'><div class='avia-image-overlay-wrap'><img decoding=\"async\" class='wp-image-7381 avia-img-lazy-loading-not-7381 avia_image' src=\"https:\/\/radiorevelacionfm.cl\/wp-content\/uploads\/2021\/08\/Mes-del-Corazon-1-1.jpg\" alt='' title='Mes del Corazon (1) (1)' height=\"600\" width=\"900\"  itemprop=\"thumbnailUrl\" srcset=\"https:\/\/radiorevelacionfm.cl\/wp-content\/uploads\/2021\/08\/Mes-del-Corazon-1-1.jpg 900w, https:\/\/radiorevelacionfm.cl\/wp-content\/uploads\/2021\/08\/Mes-del-Corazon-1-1-300x200.jpg 300w, https:\/\/radiorevelacionfm.cl\/wp-content\/uploads\/2021\/08\/Mes-del-Corazon-1-1-768x512.jpg 768w, https:\/\/radiorevelacionfm.cl\/wp-content\/uploads\/2021\/08\/Mes-del-Corazon-1-1-705x470.jpg 705w, https:\/\/radiorevelacionfm.cl\/wp-content\/uploads\/2021\/08\/Mes-del-Corazon-1-1-600x400.jpg 600w\" sizes=\"(max-width: 900px) 100vw, 900px\" \/><\/div><\/div><\/div><\/div><div class=\"flex_column av_one_full  flex_column_div av-zero-column-padding first  avia-builder-el-2  el_after_av_one_full  el_before_av_one_full  column-top-margin\" style='border-radius:0px; '><section class=\"av_textblock_section \"  itemscope=\"itemscope\" itemtype=\"https:\/\/schema.org\/BlogPosting\" itemprop=\"blogPost\" ><div class='avia_textblock  '   itemprop=\"text\" ><p style=\"text-align: center;\"><strong><span style=\"font-size: 18pt;\">Mes del Coraz\u00f3n: Ays\u00e9n est\u00e1 sobre la media del pa\u00eds en riesgos de enfermedades cardiovasculares<\/span><\/strong><\/p>\n<div id=\"gtx-trans\" style=\"position: absolute; left: -50px; top: 4.31534px;\">\n<div class=\"gtx-trans-icon\"><\/div>\n<\/div>\n<\/div><\/section><\/div><div class=\"flex_column av_one_full  flex_column_div av-zero-column-padding first  avia-builder-el-4  el_after_av_one_full  el_before_av_hr  column-top-margin\" style='border-radius:0px; '><section class=\"av_textblock_section \"  itemscope=\"itemscope\" itemtype=\"https:\/\/schema.org\/BlogPosting\" itemprop=\"blogPost\" ><div class='avia_textblock  '   itemprop=\"text\" ><p style=\"font-weight: 400; text-align: justify;\">Unos 18 millones de personas en el mundo mueren cada a\u00f1o por enfermedades card\u00edacas o cerebrovasculares, por eso el a\u00f1o 2000 se estableci\u00f3 el mes de agosto como una fecha para fomentar los estilos de vida saludable y el diagn\u00f3stico precoz de enfermedades relacionadas al coraz\u00f3n.<\/p>\n<p style=\"font-weight: 400; text-align: justify;\">Desde ese a\u00f1o y durante todo el mes de agosto, el sector Salud informa, promueve y entrega recomendaciones para prevenir estas dolencias.<\/p>\n<p style=\"font-weight: 400; text-align: justify;\">Para este 2022 el lema es \u201cCuida Tu Coraz\u00f3n, la Enfermedad Cardiovascular mata\u201d, cuyo principal objetivo es promover conductas que disminuyan este tipo de enfermedades, muchas de las cuales son denominadas \u201csilenciosas\u201d, es decir, la persona se da cuenta solo cuando ocurre un accidente cerebrovascular o la dolencia lo afecta directamente.<\/p>\n<p style=\"font-weight: 400; text-align: justify;\">Para Roxana Vega, encargada del programa cardiovascular del Servicio de Salud Ays\u00e9n, lo central es la prevenci\u00f3n y en ese sentido reconoce factores de riesgo no modificables y protectores o modificables. Los primeros se relacionan con aquellas caracter\u00edsticas o rasgos que aumentan la posibilidad de sufrir una enfermedad coronaria o lesi\u00f3n, mientras que los factores protectores modificables \u201cse relacionan a los estilos de vida saludable, en otras palabras, aquellas conductas que permiten reducir los riesgos, tales como una dieta saludable, mantener un peso adecuado, evitar el sedentarismo, no fumar o evitar el consumo de alcohol, sal y hacer al menos 150 minutos de ejercicio aer\u00f3bico a la semana, de acuerdo a lo que recomienda la Organizaci\u00f3n Mundial de Salud (OMS), entre otras\u201d, explica Vega Catal\u00e1n.<\/p>\n<p style=\"font-weight: 400; text-align: justify;\">Es evidente que la carga gen\u00e9tica, edad, historia familiar \u201cno se pueden modificar\u201d, pero es posible mantener a raya los factores de riesgo que s\u00ed podemos cambiar.<\/p>\n<p style=\"font-weight: 400; text-align: justify;\">De acuerdo a la \u00faltima encuesta nacional de salud de los a\u00f1os 2016-2017, realizada por el Ministerio de Salud, un 33% de la poblaci\u00f3n fuma tabaco y casi el 28% de los chilenos y chilenas son hipertensos, cifras que est\u00e1n lejos del 10% que se encuentra bajo control, \u201cpor lo que nos falta mucho por encontrar mucha gente, lo mismo pasa con los diab\u00e9ticos, donde hay muchos que no han sido diagnosticados, por eso para encontrar a esos pacientes enfermos existe el examen de medicina preventiva\u201d, advierte Roxana Vega.<\/p>\n<p style=\"font-weight: 400; text-align: justify;\">Otro factor de riesgo presente en siete de cada diez ayseninos es la obesidad y el sobrepeso, \u201cen Ays\u00e9n la obesidad es mayor al 50% y el sedentarismo en Chile llega al 86,7%, cifra que para la regi\u00f3n es a\u00fan peor\u201d.<\/p>\n<p style=\"font-weight: 400; text-align: justify;\">La pandemia agrav\u00f3 el rastreo de personas con factores de riesgo, puesto que los esfuerzos m\u00e9dicos se concentraron en el COVID 19, lo que signific\u00f3 adem\u00e1s que muchas personas permanecieran largos periodos en sus casas.<\/p>\n<p style=\"font-weight: 400; text-align: justify;\">A nivel internacional se reporta un aumento de muertes no COVID asociadas a enfermedades cardiovasculares, hipertensi\u00f3n o diabetes. De forma paralela a la disminuci\u00f3n de consultas en los servicios de urgencia, lo que aument\u00f3 las muertes extra hospitalarias, como asimismo la p\u00e9rdida de oportunidades de tratamiento.<\/p>\n<p style=\"font-weight: 400; text-align: justify;\">No obstante, en los \u00faltimos meses se ha retomado una agresiva pol\u00edtica de toma de ex\u00e1menes de medicina preventiva \u201cpara rescatar a nuestros pacientes, muchos que no han consultado del a\u00f1o 2019\u201d. De esta manera se est\u00e1n visitando los hogares o con env\u00edo de cartas, para recuperar a la poblaci\u00f3n que tiene dolencias asociadas al \u00f3rgano del coraz\u00f3n.<\/p>\n<p style=\"font-weight: 400; text-align: justify;\">\u201cMuchas personas fallecieron por accidentes cerebrovasculares (ACV) por miedo a salir de sus casas, no consultaron y estas patolog\u00edas como el infarto o ACV son tiempo dependientes, entonces mientras antes se consulte, m\u00e1s probabilidades de vivir y quedar sin secuelas\u201d, se\u00f1ala la encargada del programa en el SSA.<\/p>\n<p style=\"font-weight: 400; text-align: justify;\">Roxana Vega insiste en el autocuidado y el control permanente, \u201chay que mantener la adherencia al tratamiento y no perder los controles, que vayan y tomen sus medicamentos, si se sienten mal, que consulten, porque tal vez hay que adecuar las dosis y promover la consulta precoz\u201d.<\/p>\n<p style=\"font-weight: 400; text-align: justify;\"><strong>La importancia de chequearse<\/strong><\/p>\n<p style=\"font-weight: 400; text-align: justify;\">Sobre los 40 a\u00f1os de edad las enfermedades cardiovasculares son m\u00e1s frecuentes y por lo tanto es esencial realizarse un chequeo peri\u00f3dico de la presi\u00f3n arterial o, eventualmente, un electrocardiograma, para determinar la actividad el\u00e9ctrica del coraz\u00f3n. \u201cNuestros funcionarios tienen una misi\u00f3n bien importante que es poder mantener y llevar la salud de atenci\u00f3n primaria para que no tengamos tampoco inconvenientes cuando los pacientes llegan al hospital, por eso es importante todo el funcionamiento de atenci\u00f3n primaria con los controles y atenciones\u201d, se\u00f1ala Gabriel Burgos, director del SSA.<\/p>\n<p style=\"font-weight: 400; text-align: justify;\">Burgos Salas agreg\u00f3 que \u201cmotivar a las personas que se puedan acercar a los CESFAM a hacer sus controles preventivos. para nosotros ha sido complicado el tema de la pandemia y estamos retomando las atenciones, los controles cardiovasculares, que en definitiva sirven para prevenir y hacer un llamado al autocuidado, a tener actividad f\u00edsica, mantener una alimentaci\u00f3n saludable para el beneficio de nuestra salud y de la comunidad\u201d, expresa el director del SSA.<\/p>\n<p style=\"font-weight: 400; text-align: justify;\"><strong>\u00bfC\u00f3mo reconocer un infarto agudo al miocardio?<\/strong><\/p>\n<p style=\"font-weight: 400; text-align: justify;\">Si siente un dolor agudo y peso en el pecho que llega hasta el cuello y que toma uno o ambos brazos, que puede ir acompa\u00f1ado de n\u00e1useas, sudoraci\u00f3n fr\u00eda y palidez, puedes estar ante un infarto agudo al miocardio y debes acudir de forma inmediata al centro de salud m\u00e1s cercano.<\/p>\n<p style=\"font-weight: 400; text-align: justify;\">\u201cLlamamos a no descuidar tu coraz\u00f3n, sobre todo si tienes alguna enfermedad como diabetes, hipertensi\u00f3n arterial o antecedentes de infarto card\u00edaco o ataque cerebral\u201d, remat\u00f3 Burgos.<\/p>\n<\/div><\/section><\/div><div  style='height:50px' class='hr hr-invisible   avia-builder-el-6  el_after_av_one_full  el_before_av_social_share '><span class='hr-inner ' ><span class='hr-inner-style'><\/span><\/span><\/div><\/p>\n<div  class='av-social-sharing-box  avia-builder-el-7  el_after_av_hr  el_before_av_hr  '><div class='av-share-box'><h5 class='av-share-link-description av-no-toc '>Compartir esta noticia<\/h5><ul class='av-share-box-list noLightbox'><li class='av-share-link av-social-link-facebook' ><a target=\"_blank\" aria-label=\"Compartir en Facebook\" href='https:\/\/www.facebook.com\/sharer.php?u=https:\/\/radiorevelacionfm.cl\/?p=20903&#038;t=Mes%20del%20Coraz%C3%B3n%3A%20Ays%C3%A9n%20est%C3%A1%20sobre%20la%20media%20del%20pa%C3%ADs%20en%20riesgos%20de%20enfermedades%20cardiovasculares' aria-hidden='false' data-av_icon='\ue8f3' data-av_iconfont='entypo-fontello' title='' data-avia-related-tooltip='Compartir en Facebook' rel=\"noopener\"><span class='avia_hidden_link_text'>Compartir en Facebook<\/span><\/a><\/li><li class='av-share-link av-social-link-twitter' ><a target=\"_blank\" aria-label=\"Compartir en Twitter\" href='https:\/\/twitter.com\/share?text=Mes%20del%20Coraz%C3%B3n%3A%20Ays%C3%A9n%20est%C3%A1%20sobre%20la%20media%20del%20pa%C3%ADs%20en%20riesgos%20de%20enfermedades%20cardiovasculares&#038;url=https:\/\/radiorevelacionfm.cl\/?p=20903' aria-hidden='false' data-av_icon='\ue8f1' data-av_iconfont='entypo-fontello' title='' data-avia-related-tooltip='Compartir en Twitter' rel=\"noopener\"><span class='avia_hidden_link_text'>Compartir en Twitter<\/span><\/a><\/li><li class='av-share-link av-social-link-whatsapp' ><a target=\"_blank\" aria-label=\"Compartir en Whatsapp\" href='https:\/\/api.whatsapp.com\/send?text=https:\/\/radiorevelacionfm.cl\/?p=20903' aria-hidden='false' data-av_icon='\uf232' data-av_iconfont='entypo-fontello' title='' data-avia-related-tooltip='Compartir en Whatsapp' rel=\"noopener\"><span class='avia_hidden_link_text'>Compartir en Whatsapp<\/span><\/a><\/li><li class='av-share-link av-social-link-linkedin' ><a target=\"_blank\" aria-label=\"Compartir en LinkedIn\" href='https:\/\/linkedin.com\/shareArticle?mini=true&#038;title=Mes%20del%20Coraz%C3%B3n%3A%20Ays%C3%A9n%20est%C3%A1%20sobre%20la%20media%20del%20pa%C3%ADs%20en%20riesgos%20de%20enfermedades%20cardiovasculares&#038;url=https:\/\/radiorevelacionfm.cl\/?p=20903' aria-hidden='false' data-av_icon='\ue8fc' data-av_iconfont='entypo-fontello' title='' data-avia-related-tooltip='Compartir en LinkedIn' rel=\"noopener\"><span class='avia_hidden_link_text'>Compartir en LinkedIn<\/span><\/a><\/li><li class='av-share-link av-social-link-mail' ><a  aria-label=\"Compartir por correo\" href='mailto:?subject=Mes%20del%20Coraz%C3%B3n%3A%20Ays%C3%A9n%20est%C3%A1%20sobre%20la%20media%20del%20pa%C3%ADs%20en%20riesgos%20de%20enfermedades%20cardiovasculares&#038;body=https:\/\/radiorevelacionfm.cl\/?p=20903' aria-hidden='false' data-av_icon='\ue805' data-av_iconfont='entypo-fontello' title='' data-avia-related-tooltip='Compartir por correo'><span class='avia_hidden_link_text'>Compartir por correo<\/span><\/a><\/li><\/ul><\/div><\/div>\n<div  style='height:50px' class='hr hr-invisible   avia-builder-el-8  el_after_av_social_share  el_before_av_comments_list '><span class='hr-inner ' ><span class='hr-inner-style'><\/span><\/span><\/div>\n<div  class='av-buildercomment  av-blog-meta-html-info-disabled av-blog-meta-tag-disabled  '><\/div>\n","protected":false},"excerpt":{"rendered":"","protected":false},"author":1,"featured_media":7381,"comment_status":"open","ping_status":"open","sticky":false,"template":"","format":"standard","meta":{"footnotes":""},"categories":[46],"tags":[],"class_list":["post-20903","post","type-post","status-publish","format-standard","has-post-thumbnail","hentry","category-salud"],"jetpack_featured_media_url":"https:\/\/radiorevelacionfm.cl\/wp-content\/uploads\/2021\/08\/Mes-del-Corazon-1-1.jpg","_links":{"self":[{"href":"https:\/\/radiorevelacionfm.cl\/index.php?rest_route=\/wp\/v2\/posts\/20903","targetHints":{"allow":["GET"]}}],"collection":[{"href":"https:\/\/radiorevelacionfm.cl\/index.php?rest_route=\/wp\/v2\/posts"}],"about":[{"href":"https:\/\/radiorevelacionfm.cl\/index.php?rest_route=\/wp\/v2\/types\/post"}],"author":[{"embeddable":true,"href":"https:\/\/radiorevelacionfm.cl\/index.php?rest_route=\/wp\/v2\/users\/1"}],"replies":[{"embeddable":true,"href":"https:\/\/radiorevelacionfm.cl\/index.php?rest_route=%2Fwp%2Fv2%2Fcomments&post=20903"}],"version-history":[{"count":2,"href":"https:\/\/radiorevelacionfm.cl\/index.php?rest_route=\/wp\/v2\/posts\/20903\/revisions"}],"predecessor-version":[{"id":20918,"href":"https:\/\/radiorevelacionfm.cl\/index.php?rest_route=\/wp\/v2\/posts\/20903\/revisions\/20918"}],"wp:featuredmedia":[{"embeddable":true,"href":"https:\/\/radiorevelacionfm.cl\/index.php?rest_route=\/wp\/v2\/media\/7381"}],"wp:attachment":[{"href":"https:\/\/radiorevelacionfm.cl\/index.php?rest_route=%2Fwp%2Fv2%2Fmedia&parent=20903"}],"wp:term":[{"taxonomy":"category","embeddable":true,"href":"https:\/\/radiorevelacionfm.cl\/index.php?rest_route=%2Fwp%2Fv2%2Fcategories&post=20903"},{"taxonomy":"post_tag","embeddable":true,"href":"https:\/\/radiorevelacionfm.cl\/index.php?rest_route=%2Fwp%2Fv2%2Ftags&post=20903"}],"curies":[{"name":"wp","href":"https:\/\/api.w.org\/{rel}","templated":true}]}}