{"id":20899,"date":"2022-08-23T17:51:02","date_gmt":"2022-08-23T20:51:02","guid":{"rendered":"https:\/\/radiorevelacionfm.cl\/?p=20899"},"modified":"2022-08-23T17:51:02","modified_gmt":"2022-08-23T20:51:02","slug":"rock-en-el-cerro-mirador-cautivo-a-mas-de-un-centenar-de-personas-en-las-alturas-de-puerto-aysen","status":"publish","type":"post","link":"https:\/\/radiorevelacionfm.cl\/?p=20899","title":{"rendered":"Rock en el Cerro Mirador cautiv\u00f3 a m\u00e1s de un centenar de personas en las alturas de Puerto Ays\u00e9n"},"content":{"rendered":"<div class=\"flex_column av_one_full  flex_column_div av-zero-column-padding first  avia-builder-el-0  el_before_av_one_full  avia-builder-el-first  \" style='border-radius:0px; '><div  class='avia-image-container  av-styling-    avia-builder-el-1  avia-builder-el-no-sibling  avia-align-center '  itemprop=\"image\" itemscope=\"itemscope\" itemtype=\"https:\/\/schema.org\/ImageObject\"  ><div class='avia-image-container-inner'><div class='avia-image-overlay-wrap'><img decoding=\"async\" class='wp-image-20900 avia-img-lazy-loading-not-20900 avia_image' src=\"https:\/\/radiorevelacionfm.cl\/wp-content\/uploads\/2022\/08\/img-rockencerro-muniaysen4-1_optimized.jpg\" alt='' title='img-rockencerro-muniaysen4-(1)_optimized' height=\"600\" width=\"803\"  itemprop=\"thumbnailUrl\" srcset=\"https:\/\/radiorevelacionfm.cl\/wp-content\/uploads\/2022\/08\/img-rockencerro-muniaysen4-1_optimized.jpg 803w, https:\/\/radiorevelacionfm.cl\/wp-content\/uploads\/2022\/08\/img-rockencerro-muniaysen4-1_optimized-300x224.jpg 300w, https:\/\/radiorevelacionfm.cl\/wp-content\/uploads\/2022\/08\/img-rockencerro-muniaysen4-1_optimized-768x574.jpg 768w, https:\/\/radiorevelacionfm.cl\/wp-content\/uploads\/2022\/08\/img-rockencerro-muniaysen4-1_optimized-705x527.jpg 705w, https:\/\/radiorevelacionfm.cl\/wp-content\/uploads\/2022\/08\/img-rockencerro-muniaysen4-1_optimized-600x448.jpg 600w\" sizes=\"(max-width: 803px) 100vw, 803px\" \/><\/div><\/div><\/div><\/div><div class=\"flex_column av_one_full  flex_column_div av-zero-column-padding first  avia-builder-el-2  el_after_av_one_full  el_before_av_one_full  column-top-margin\" style='border-radius:0px; '><section class=\"av_textblock_section \"  itemscope=\"itemscope\" itemtype=\"https:\/\/schema.org\/BlogPosting\" itemprop=\"blogPost\" ><div class='avia_textblock  '   itemprop=\"text\" ><p style=\"text-align: center;\"><span style=\"font-size: 18pt;\"><strong>Rock en el Cerro Mirador cautiv\u00f3 a m\u00e1s de un centenar de personas en las alturas de Puerto Ays\u00e9n<\/strong><\/span><\/p>\n<div id=\"gtx-trans\" style=\"position: absolute; left: -50px; top: 4.31534px;\">\n<div class=\"gtx-trans-icon\"><\/div>\n<\/div>\n<\/div><\/section><\/div><div class=\"flex_column av_one_full  flex_column_div av-zero-column-padding first  avia-builder-el-4  el_after_av_one_full  el_before_av_hr  column-top-margin\" style='border-radius:0px; '><section class=\"av_textblock_section \"  itemscope=\"itemscope\" itemtype=\"https:\/\/schema.org\/BlogPosting\" itemprop=\"blogPost\" ><div class='avia_textblock  '   itemprop=\"text\" ><p style=\"text-align: justify;\">Con el objetivo de promover el uso de los espacios p\u00fablicos tras la pandemia por covid-19 y llevando adelante el programa de gobierno comunal del alcalde, Julio Uribe Alvarado. La Unidad de Cultura en coordinaci\u00f3n con diversos artistas locales desarroll\u00f3 un hecho in\u00e9dito en los registros comunales, una jornada de Rock desde el Cerrito Mirador. La ic\u00f3nica postal presente en la capital de la comuna porte\u00f1a ha sido intervenida recientemente con diversos fondos regionales y nacionales para su recuperaci\u00f3n, tras lo acontecido se espera generar un nuevo polo para el desarrollo de las artes, cultura y patrimonio desde las alturas.<\/p>\n<p style=\"text-align: justify;\">Frente a este hecho, Cristian Torres, encargado de la Unidad de Cultura del municipio aysenino, coment\u00f3 parte de lo acontecido realizando un hincapi\u00e9 en que \u201cexiste inter\u00e9s de las bandas y de la escena musical de poder mostrarse, no solamente se cumple con nuestro objetivo de hacer una tocata en el Cerro mirador, realmente se da con una concurrencia muy maravillosa, de mucha gente para poder utiliza espacios a nivel comunal. Hay un trabajo enorme de la gente de las unidades de: Comunicaciones y Operaciones, muy contento con la jornada y con la respuesta del p\u00fablico y esperamos ac\u00e9rcanos a las localidades con este tipo de espect\u00e1culos\u201d.<\/p>\n<p style=\"text-align: justify;\">Por su parte, Ang\u00e9lica Lagos Ibera, integrante de la Banda Nicanor Porro, agradeci\u00f3 la oportunidad brindada, ya que en sus palabras \u201cpor fin, se pudo ocupar el cerrito en algo maravilloso que es la m\u00fasica\u201d. Con ello, la artista aysenina a\u00f1adi\u00f3 que \u201csiempre tenemos que andar bajo techo, genial que nos haya acompa\u00f1ado el clima y que sea una noche muy hermosa para compartir. Ojal\u00e1 que siempre se den las instancias para que todos podamos compartir escenarios y hacer algo bien bonito, hay hartos m\u00fasicos y m\u00fasicas en Ays\u00e9n y es importante tener el espacio\u201d.<\/p>\n<p style=\"text-align: justify;\">En tanto, Felipe Trivi\u00f1o, vocalista de Infelipe y de Bongazo, bandas participantes del encuentro generado en las alturas de Puerto Ays\u00e9n explic\u00f3 que \u201chace rato que no sal\u00eda un evento de m\u00fasica diversa la verdad, bien hist\u00f3rico y bueno, de calidad con buena amplificaci\u00f3n, sonido, buenas bandas y todo\u201d.<\/p>\n<p style=\"text-align: justify;\">Finalmente, Manuel Campo, asistente al evento indic\u00f3 que, desde su punto vista, la m\u00fasica genera una l\u00ednea de encuentro en la comunidad. \u201cQue se haya dado la instancia de poder disfrutar ahora el Cerro mirador es excelente. Es una muy buena iniciativa y deber\u00eda seguir siendo m\u00e1s masivo, aqu\u00ed se junt\u00f3 mucha familia, ni\u00f1os y j\u00f3venes, adultos, nada mejor que escuchar buena m\u00fasica y compa\u00f1\u00eda\u201d, sentenci\u00f3 el aysenino.<\/p>\n<\/div><\/section><\/div><div  style='height:50px' class='hr hr-invisible   avia-builder-el-6  el_after_av_one_full  el_before_av_social_share '><span class='hr-inner ' ><span class='hr-inner-style'><\/span><\/span><\/div><\/p>\n<div  class='av-social-sharing-box  avia-builder-el-7  el_after_av_hr  el_before_av_hr  '><div class='av-share-box'><h5 class='av-share-link-description av-no-toc '>Compartir esta noticia<\/h5><ul class='av-share-box-list noLightbox'><li class='av-share-link av-social-link-facebook' ><a target=\"_blank\" aria-label=\"Compartir en Facebook\" href='https:\/\/www.facebook.com\/sharer.php?u=https:\/\/radiorevelacionfm.cl\/?p=20899&#038;t=Rock%20en%20el%20Cerro%20Mirador%20cautiv%C3%B3%20a%20m%C3%A1s%20de%20un%20centenar%20de%20personas%20en%20las%20alturas%20de%20Puerto%20Ays%C3%A9n' aria-hidden='false' data-av_icon='\ue8f3' data-av_iconfont='entypo-fontello' title='' data-avia-related-tooltip='Compartir en Facebook' rel=\"noopener\"><span class='avia_hidden_link_text'>Compartir en Facebook<\/span><\/a><\/li><li class='av-share-link av-social-link-twitter' ><a target=\"_blank\" aria-label=\"Compartir en Twitter\" href='https:\/\/twitter.com\/share?text=Rock%20en%20el%20Cerro%20Mirador%20cautiv%C3%B3%20a%20m%C3%A1s%20de%20un%20centenar%20de%20personas%20en%20las%20alturas%20de%20Puerto%20Ays%C3%A9n&#038;url=https:\/\/radiorevelacionfm.cl\/?p=20899' aria-hidden='false' data-av_icon='\ue8f1' data-av_iconfont='entypo-fontello' title='' data-avia-related-tooltip='Compartir en Twitter' rel=\"noopener\"><span class='avia_hidden_link_text'>Compartir en Twitter<\/span><\/a><\/li><li class='av-share-link av-social-link-whatsapp' ><a target=\"_blank\" aria-label=\"Compartir en Whatsapp\" href='https:\/\/api.whatsapp.com\/send?text=https:\/\/radiorevelacionfm.cl\/?p=20899' aria-hidden='false' data-av_icon='\uf232' data-av_iconfont='entypo-fontello' title='' data-avia-related-tooltip='Compartir en Whatsapp' rel=\"noopener\"><span class='avia_hidden_link_text'>Compartir en Whatsapp<\/span><\/a><\/li><li class='av-share-link av-social-link-linkedin' ><a target=\"_blank\" aria-label=\"Compartir en LinkedIn\" href='https:\/\/linkedin.com\/shareArticle?mini=true&#038;title=Rock%20en%20el%20Cerro%20Mirador%20cautiv%C3%B3%20a%20m%C3%A1s%20de%20un%20centenar%20de%20personas%20en%20las%20alturas%20de%20Puerto%20Ays%C3%A9n&#038;url=https:\/\/radiorevelacionfm.cl\/?p=20899' aria-hidden='false' data-av_icon='\ue8fc' data-av_iconfont='entypo-fontello' title='' data-avia-related-tooltip='Compartir en LinkedIn' rel=\"noopener\"><span class='avia_hidden_link_text'>Compartir en LinkedIn<\/span><\/a><\/li><li class='av-share-link av-social-link-mail' ><a  aria-label=\"Compartir por correo\" href='mailto:?subject=Rock%20en%20el%20Cerro%20Mirador%20cautiv%C3%B3%20a%20m%C3%A1s%20de%20un%20centenar%20de%20personas%20en%20las%20alturas%20de%20Puerto%20Ays%C3%A9n&#038;body=https:\/\/radiorevelacionfm.cl\/?p=20899' aria-hidden='false' data-av_icon='\ue805' data-av_iconfont='entypo-fontello' title='' data-avia-related-tooltip='Compartir por correo'><span class='avia_hidden_link_text'>Compartir por correo<\/span><\/a><\/li><\/ul><\/div><\/div>\n<div  style='height:50px' class='hr hr-invisible   avia-builder-el-8  el_after_av_social_share  el_before_av_comments_list '><span class='hr-inner ' ><span class='hr-inner-style'><\/span><\/span><\/div>\n<div  class='av-buildercomment  av-blog-meta-html-info-disabled av-blog-meta-tag-disabled  '><\/div>\n","protected":false},"excerpt":{"rendered":"","protected":false},"author":1,"featured_media":20900,"comment_status":"open","ping_status":"open","sticky":false,"template":"","format":"standard","meta":{"footnotes":""},"categories":[43],"tags":[],"class_list":["post-20899","post","type-post","status-publish","format-standard","has-post-thumbnail","hentry","category-musica"],"jetpack_featured_media_url":"https:\/\/radiorevelacionfm.cl\/wp-content\/uploads\/2022\/08\/img-rockencerro-muniaysen4-1_optimized.jpg","_links":{"self":[{"href":"https:\/\/radiorevelacionfm.cl\/index.php?rest_route=\/wp\/v2\/posts\/20899","targetHints":{"allow":["GET"]}}],"collection":[{"href":"https:\/\/radiorevelacionfm.cl\/index.php?rest_route=\/wp\/v2\/posts"}],"about":[{"href":"https:\/\/radiorevelacionfm.cl\/index.php?rest_route=\/wp\/v2\/types\/post"}],"author":[{"embeddable":true,"href":"https:\/\/radiorevelacionfm.cl\/index.php?rest_route=\/wp\/v2\/users\/1"}],"replies":[{"embeddable":true,"href":"https:\/\/radiorevelacionfm.cl\/index.php?rest_route=%2Fwp%2Fv2%2Fcomments&post=20899"}],"version-history":[{"count":2,"href":"https:\/\/radiorevelacionfm.cl\/index.php?rest_route=\/wp\/v2\/posts\/20899\/revisions"}],"predecessor-version":[{"id":20902,"href":"https:\/\/radiorevelacionfm.cl\/index.php?rest_route=\/wp\/v2\/posts\/20899\/revisions\/20902"}],"wp:featuredmedia":[{"embeddable":true,"href":"https:\/\/radiorevelacionfm.cl\/index.php?rest_route=\/wp\/v2\/media\/20900"}],"wp:attachment":[{"href":"https:\/\/radiorevelacionfm.cl\/index.php?rest_route=%2Fwp%2Fv2%2Fmedia&parent=20899"}],"wp:term":[{"taxonomy":"category","embeddable":true,"href":"https:\/\/radiorevelacionfm.cl\/index.php?rest_route=%2Fwp%2Fv2%2Fcategories&post=20899"},{"taxonomy":"post_tag","embeddable":true,"href":"https:\/\/radiorevelacionfm.cl\/index.php?rest_route=%2Fwp%2Fv2%2Ftags&post=20899"}],"curies":[{"name":"wp","href":"https:\/\/api.w.org\/{rel}","templated":true}]}}